{"id":99687,"date":"2025-11-29T05:45:19","date_gmt":"2025-11-29T05:45:19","guid":{"rendered":"https:\/\/www.europesays.com\/no\/99687\/"},"modified":"2025-11-29T05:45:19","modified_gmt":"2025-11-29T05:45:19","slug":"usa-og-mexico-soker-om-fotball-vm-for-kvinner","status":"publish","type":"post","link":"https:\/\/www.europesays.com\/no\/99687\/","title":{"rendered":"USA og Mexico s\u00f8ker om fotball-VM for kvinner"},"content":{"rendered":"\n<p class=\"_lead_o9xde_2 _lead_xtcu6_50 layout-component text-serif-m layout-normal text-serif-l layout-component layout-wide layout-padded _wide_17hqh_1 layout-padded\">Det internasjonale fotballforbundet (Fifa) har f\u00e5tt inn endelige s\u00f8knader om \u00e5 arrangere kvinne-VM i 2031 og 2035. Begge er felless\u00f8knader.<\/p>\n<p><img alt=\"Michelle Cooper fra USA og Solai Washington fra Jamaica i en landskamp i \u00e5r. Mye tyder p\u00e5 at de to landene skal arrangere VM sammen med Mexico og Costa Rica i 2031.  Foto: Jeff Roberson, AP \/ NTB\" class=\"_image_qp4xg_65 layout-component layout-wide\" data-fullscreen- data-track-element-type=\"Article image fullscreen\" data-track-name=\"ImageFullscreen\" fetchpriority=\"high\" decoding=\"sync\" loading=\"eager\" height=\"2107\" itemprop=\"image\"  src=\"https:\/\/www.europesays.com\/no\/wp-content\/uploads\/2025\/11\/d80cd78b-311e-4a0c-aa64-ec7d757b1e1e\"  style=\"object-position:0% 0%\" width=\"3160\"\/>Michelle Cooper fra USA og Solai Washington fra Jamaica i en landskamp i \u00e5r. Mye tyder p\u00e5 at de to landene skal arrangere VM sammen med Mexico og Costa Rica i 2031.  Foto: Jeff Roberson, AP \/ NTB<\/p>\n<ul aria-hidden=\"true\" class=\"_images_1uft6_111\">\n<li><a class=\"_link_1uft6_116\" href=\"https:\/\/www.vg.no\/forfatter\/ntb\" style=\"z-index:1\" title=\"NTB\" rel=\"nofollow noopener\" target=\"_blank\"><img alt=\"Bilde av NTB\" class=\"_image_1uft6_93\" fetchpriority=\"low\" loading=\"lazy\" decoding=\"async\" itemprop=\"image\"  src=\"https:\/\/www.europesays.com\/no\/wp-content\/uploads\/2025\/11\/1764395119_288_c33980b0-5d07-4027-84a1-813f90a7c8d6\"  width=\"480\"\/><\/a><\/li>\n<\/ul>\n<p> Oppdatert fredag 28. november kl. 20:29     <\/p>\n<p class=\"_paragraph_o9xde_4 _paragraph_xtcu6_10 layout-component text-serif-m layout-normal text-serif-m layout-padded\">For VM i 2031 har s\u00f8knaden kommet fra USA, Mexico, Costa Rica og Jamaica.<\/p>\n<p class=\"_paragraph_o9xde_4 _paragraph_xtcu6_10 layout-component text-serif-m layout-normal text-serif-m layout-padded\">For VM i 2035 er det England, Skottland, Wales og Irland som vil arrangere sluttspillet sammen.<\/p>\n<p class=\"_paragraph_o9xde_4 _paragraph_xtcu6_10 layout-component text-serif-m layout-normal text-serif-m layout-padded\">Fifa melder at det n\u00e5 skal gjennomf\u00f8res en grundig evalueringsprosess, og om s\u00f8knadene godkjennes, vil tildeling av mesterskapet skje p\u00e5 Fifa-styrem\u00f8tet i Vancouver 30. april neste \u00e5r.<\/p>\n<p class=\"_paragraph_o9xde_4 _paragraph_xtcu6_10 layout-component text-serif-m layout-normal text-serif-m layout-padded\">Forrige VM-sluttspill for kvinner ble arrangert i Australia og New Zealand i 2023. Det neste skal gjennomf\u00f8res i Brasil i 2027.<\/p>\n","protected":false},"excerpt":{"rendered":"Det internasjonale fotballforbundet (Fifa) har f\u00e5tt inn endelige s\u00f8knader om \u00e5 arrangere kvinne-VM i 2031 og 2035. Begge&hellip;\n","protected":false},"author":2,"featured_media":99688,"comment_status":"","ping_status":"","sticky":false,"template":"","format":"standard","meta":{"footnotes":""},"categories":[59],"tags":[92,4472,30,28,29,83,82],"class_list":{"0":"post-99687","1":"post","2":"type-post","3":"status-publish","4":"format-standard","5":"has-post-thumbnail","7":"category-sport","8":"tag-fotball","9":"tag-fotball-vm","10":"tag-no","11":"tag-norge","12":"tag-norway","13":"tag-sport","14":"tag-sports"},"share_on_mastodon":{"url":"https:\/\/pubeurope.com\/@no\/115631405479369065","error":""},"_links":{"self":[{"href":"https:\/\/www.europesays.com\/no\/wp-json\/wp\/v2\/posts\/99687","targetHints":{"allow":["GET"]}}],"collection":[{"href":"https:\/\/www.europesays.com\/no\/wp-json\/wp\/v2\/posts"}],"about":[{"href":"https:\/\/www.europesays.com\/no\/wp-json\/wp\/v2\/types\/post"}],"author":[{"embeddable":true,"href":"https:\/\/www.europesays.com\/no\/wp-json\/wp\/v2\/users\/2"}],"replies":[{"embeddable":true,"href":"https:\/\/www.europesays.com\/no\/wp-json\/wp\/v2\/comments?post=99687"}],"version-history":[{"count":0,"href":"https:\/\/www.europesays.com\/no\/wp-json\/wp\/v2\/posts\/99687\/revisions"}],"wp:featuredmedia":[{"embeddable":true,"href":"https:\/\/www.europesays.com\/no\/wp-json\/wp\/v2\/media\/99688"}],"wp:attachment":[{"href":"https:\/\/www.europesays.com\/no\/wp-json\/wp\/v2\/media?parent=99687"}],"wp:term":[{"taxonomy":"category","embeddable":true,"href":"https:\/\/www.europesays.com\/no\/wp-json\/wp\/v2\/categories?post=99687"},{"taxonomy":"post_tag","embeddable":true,"href":"https:\/\/www.europesays.com\/no\/wp-json\/wp\/v2\/tags?post=99687"}],"curies":[{"name":"wp","href":"https:\/\/api.w.org\/{rel}","templated":true}]}}