{"id":99690,"date":"2025-11-29T06:11:11","date_gmt":"2025-11-29T06:11:11","guid":{"rendered":"https:\/\/www.europesays.com\/no\/99690\/"},"modified":"2025-11-29T06:11:11","modified_gmt":"2025-11-29T06:11:11","slug":"melania-trump-melania-trump-lanserer-filmselskapet-muse-films","status":"publish","type":"post","link":"https:\/\/www.europesays.com\/no\/99690\/","title":{"rendered":"Melania Trump | Melania Trump lanserer filmselskapet Muse Films"},"content":{"rendered":"\n<p>Filmproduksjonsselskapet har f\u00e5tt navnet Muse Films, som if\u00f8lge <a rel=\"Follow nofollow noopener\" href=\"https:\/\/people.com\/melania-trump-launches-muse-films-before-documentary-release-11858785?utm_source=sdrn%3Avg%3Aarticle%3AOkb9Qq\" target=\"_blank\">People<\/a> er en henvisning til hennes kodenavn i Secret Service.<\/p>\n<p>Det f\u00f8rste og hittil eneste kjente prosjektet i tilknytning til selskapet er hennes selvbiografiske dokumentar \u00abMelania\u00bb, som Amazon MGM Studios skal gi ut etter \u00e5 angivelig ha betalt 40 millioner dollar for prosjektet. If\u00f8lge People kom avtalen p\u00e5 plass like f\u00f8r president Trumps andre periode som president begynte, og omtrent samtidig som Amazon-grunnlegger Jeff Bezos deltok p\u00e5 innsettelsen.<\/p>\n<p>    Vil du se neste video?<\/p>\n<p>    <a href=\"https:\/\/www.nettavisen.no\/fredrik-solvang\/jonas-gahr-store\/debatten\/fredrik-solvang-himler-av-jonas-gahr-store-men-i-alle\/v\/5-95-2751917\" class=\"recommend-poster\" data-adp-clicklabel=\"video-recommend\" data-adp-clickvalue=\"poster\" rel=\"nofollow noopener\" target=\"_blank\"><br \/>\n      <img decoding=\"async\" width=\"200\" height=\"200\" loading=\"lazy\" src=\"https:\/\/www.europesays.com\/no\/wp-content\/uploads\/2025\/11\/Solvang+bredde.jpg\" alt=\"\" class=\"brick-c-cFOWSL\" style=\"--brick-image-ratio: 200 \/ 200;\"\/><\/p>\n<p>Himler av St\u00f8re: \u2013 Men i alle\u20261:06<\/p>\n<p>    <\/a><\/p>\n<p>        Mandag tok USAs f\u00f8rstedame Melania Trump imot \u00e5rets juletre til Det hvite hus, i en seremoni utenfor presidentboligen. Men seremonien varte i snaue 2,5 minutt, og for det f\u00e5r Melania gjennomg\u00e5 p\u00e5 X.<\/p>\n<p>Dokumentaren har premiere 30. januar neste \u00e5r.<\/p>\n<p>Avtalen med Amazon inneholder angivelig ogs\u00e5 distribusjonsrettigheter til en serie p\u00e5 flere episoder som skal komme etter filmen.<\/p>\n<p>Les ogs\u00e5: <a class=\"simple-relation related-teaser article--c-eRUmMG article--c-eRUmMG-fZoQSp-design-nettavisen article--c-eRUmMG-gwthdJ-cv\" href=\"https:\/\/www.nettavisen.no\/trump-jeg-tror-vi-er-veldig-nar-en-ukraina-avtale\/s\/5-95-2747292\" rel=\"nofollow noopener\" target=\"_blank\">Trump: \u2013 Jeg tror vi er veldig n\u00e6r en Ukraina-avtale<\/a><\/p>\n","protected":false},"excerpt":{"rendered":"Filmproduksjonsselskapet har f\u00e5tt navnet Muse Films, som if\u00f8lge People er en henvisning til hennes kodenavn i Secret Service.&hellip;\n","protected":false},"author":2,"featured_media":99691,"comment_status":"","ping_status":"","sticky":false,"template":"","format":"standard","meta":{"footnotes":""},"categories":[12],"tags":[20,21,24,25,15,22,23,13,30,28,29,14,16,26,27,42,43,44,45],"class_list":{"0":"post-99690","1":"post","2":"type-post","3":"status-publish","4":"format-standard","5":"has-post-thumbnail","7":"category-verden","8":"tag-breaking-news","9":"tag-breakingnews","10":"tag-featured-news","11":"tag-featurednews","12":"tag-headlines","13":"tag-latest-news","14":"tag-latestnews","15":"tag-news","16":"tag-no","17":"tag-norge","18":"tag-norway","19":"tag-nyheter","20":"tag-overskrifter","21":"tag-top-stories","22":"tag-topstories","23":"tag-verden","24":"tag-world","25":"tag-world-news","26":"tag-worldnews"},"share_on_mastodon":{"url":"https:\/\/pubeurope.com\/@no\/115631507763269227","error":""},"_links":{"self":[{"href":"https:\/\/www.europesays.com\/no\/wp-json\/wp\/v2\/posts\/99690","targetHints":{"allow":["GET"]}}],"collection":[{"href":"https:\/\/www.europesays.com\/no\/wp-json\/wp\/v2\/posts"}],"about":[{"href":"https:\/\/www.europesays.com\/no\/wp-json\/wp\/v2\/types\/post"}],"author":[{"embeddable":true,"href":"https:\/\/www.europesays.com\/no\/wp-json\/wp\/v2\/users\/2"}],"replies":[{"embeddable":true,"href":"https:\/\/www.europesays.com\/no\/wp-json\/wp\/v2\/comments?post=99690"}],"version-history":[{"count":0,"href":"https:\/\/www.europesays.com\/no\/wp-json\/wp\/v2\/posts\/99690\/revisions"}],"wp:featuredmedia":[{"embeddable":true,"href":"https:\/\/www.europesays.com\/no\/wp-json\/wp\/v2\/media\/99691"}],"wp:attachment":[{"href":"https:\/\/www.europesays.com\/no\/wp-json\/wp\/v2\/media?parent=99690"}],"wp:term":[{"taxonomy":"category","embeddable":true,"href":"https:\/\/www.europesays.com\/no\/wp-json\/wp\/v2\/categories?post=99690"},{"taxonomy":"post_tag","embeddable":true,"href":"https:\/\/www.europesays.com\/no\/wp-json\/wp\/v2\/tags?post=99690"}],"curies":[{"name":"wp","href":"https:\/\/api.w.org\/{rel}","templated":true}]}}