{"id":99721,"date":"2025-11-29T07:48:14","date_gmt":"2025-11-29T07:48:14","guid":{"rendered":"https:\/\/www.europesays.com\/no\/99721\/"},"modified":"2025-11-29T07:48:14","modified_gmt":"2025-11-29T07:48:14","slug":"ny-dieselmotor-na-vil-de-utfordre-elbilene","status":"publish","type":"post","link":"https:\/\/www.europesays.com\/no\/99721\/","title":{"rendered":"Ny dieselmotor: N\u00e5 vil de utfordre elbilene"},"content":{"rendered":"<p>        Saken oppsummert<\/p>\n<ul lang=\"nb-NO\">\n<li>Audi lanserer en ny 3-liters V6 dieselmotor med 299 hestekrefter.<\/li>\n<li>Motoren har en elektrisk kompressor som eliminerer turbolag og gir raskere akselerasjon.<\/li>\n<li>Den kan kj\u00f8re p\u00e5 HV100-drivstoff som reduserer utslipp med opptil 90 prosent.<\/li>\n<li>Den nye motoren kommer ikke til Norge, da Audi kun selger elbiler her.<\/li>\n<\/ul>\n<p class=\"italic ai-disclaimer\" data-lab-italic=\"italic\">Oppsummeringen er laget med kunstig intelligens (KI) fra OpenAI. Innholdet er kvalitetssikret av TV 2s journalister. <a target=\"_blank\" href=\"https:\/\/hjelp.tv2.no\/info\/artikkel\/slik-jobber-vi-med-ki-i-tv-2\" title=\"Les om hvordan vi jobber med KI\" rel=\"nofollow noopener\">Les om hvordan vi jobber med KI<\/a><\/p>\n<p>Mens flere og flere bilprodusenter flytter fokuset over p\u00e5 elbiler, har Audi nettopp sluppet oppsiktsvekkende informasjon om sin nye dieselmotor. En 3-liters V6 \u2013 p\u00e5 299 hestekrefter.<\/p>\n<p>Den har f\u00e5tt en elektrisk kompressor \u2013 i tillegg til turbo. F\u00f8rstnevnte skal s\u00f8rge for at s\u00e5kalt turbolag \u2013 alts\u00e5 forsinkelsen mens trykket bygger seg opp i turboen \u2013 blir helt borte.\u00a0<\/p>\n<p>Resultatet er betydelig raskere akselerasjon.\u00a0<\/p>\n<p>    <a class=\"article__link\" data-ga-active-label=\"\" data-ga-active-label-animation=\"\" href=\"https:\/\/www.tv2.no\/broom\/her-satser-de-for-fullt-pa-diesel\/10617822\/\" rel=\"nofollow noopener\" target=\"_blank\"><\/p>\n<p>    <img class=\"image__img lazyload\" itemprop=\"image\" title=\"\" alt=\"\" width=\"489\" height=\"206\" bad-src=\"https:\/\/www.europesays.com\/no\/wp-content\/uploads\/2025\/11\/10620137.webp\" fetchpriority=\"auto\" \/><\/p>\n<p>\n            Her satser de for fullt \u2013 p\u00e5 diesel\n        <\/p>\n<p>    <\/a><\/p>\n<p>I tillegg er motoren godkjent til \u00e5 kj\u00f8res p\u00e5 s\u00e5kalt HV100-drivstoff. Det organiske drivstoffet skal kutte utslippene med mellom 70 og 90 prosent, sammenlignet med vanlig diesel.<\/p>\n<p><a href=\"https:\/\/www.tv2.no\/broom\/dyrere-bensin-og-diesel-ren-straff-for-vanlige-folk\/18324927\/\" rel=\"nofollow noopener\" target=\"_blank\">Raser mot h\u00f8yere priser p\u00e5 bensin og diesel<\/a><\/p>\n<p>Raskere og mer gjerrig<\/p>\n<p>En av fordelene med elbil, er alts\u00e5 at de ikke har utslipp og at gassresponsen er umiddelbar.<\/p>\n<p>N\u00e5 vil Audi utfordre elbil p\u00e5 akkurat disse punktene med den nye dieselmotoren \u2013 med elektrisk kompressor og et 48-volt mildhybrid-system.<\/p>\n<p>Den elektriske kompressoren hjelper turboen \u2013 og \u00f8ker dreiemomentet betydelig. Effekten er s\u00e6rlig stor ved lavt turtall. P\u00e5 den m\u00e5ten f\u00e5r man raskere akselerasjon og lavere forbruk.<\/p>\n<p>Den nye motoren har f\u00e5tt navnet\u00a0EA897evo4 \u2013 og skal gi V8-ytelser i en V6-motor.<\/p>\n<p><a href=\"https:\/\/www.tv2.no\/broom\/disse-bilene-stuper-mest-i-pris\/18129740\/\" rel=\"nofollow noopener\" target=\"_blank\">Brukte dieselbiler: N\u00e5 faller de mest i pris<\/a><\/p>\n<p>        <img class=\"image__img lazyload\" itemprop=\"image\" title=\"Foto: Audi\" alt=\"KOMPLEKS: Audi bruker mye ressurser p\u00e5 \u00e5 utvikle en ny og mer effektiv dieselmotor. 3-literen f\u00e5r b\u00e5de elektrisk kompressor og et 48 volt mildhybrid-system. Foto: Audi\" width=\"978\" height=\"551\" bad-src=\"https:\/\/www.europesays.com\/no\/wp-content\/uploads\/2025\/11\/18332284.webp\" fetchpriority=\"auto\" \/><\/p>\n<p>      KOMPLEKS: Audi bruker mye ressurser p\u00e5 \u00e5 utvikle en ny og mer effektiv dieselmotor. 3-literen f\u00e5r b\u00e5de elektrisk kompressor og et 48 volt mildhybrid-system.<br \/>\n         Foto: Audi<\/p>\n<p>Nesten som en elbil<\/p>\n<p>Under akselerasjon spinner kompressorhjulet, som er plassert bak den vanlige turboen i innsugsr\u00f8ret, opp til 90.000 omdreininger i minuttet p\u00e5 bare 250 millisekunder, opplyser Audi.<\/p>\n<p>Det maksimale turbotrykket skal bli hele 3,6 bar.<\/p>\n<p>Mildhybridsystemet s\u00f8rger dessuten for 24 hestekrefter ekstra \u2013 og opptil 230 Nm dreiemoment \u2013 som ogs\u00e5 skal bidra til den umiddelbare gassresponsen.<\/p>\n<p><a href=\"https:\/\/www.tv2.no\/broom\/na-far-du-to-til-prisen-av-en-elbil\/18123091\/\" rel=\"nofollow noopener\" target=\"_blank\">N\u00e5 f\u00e5r du to til prisen av \u00e9n<\/a><\/p>\n<p>Kan kj\u00f8re p\u00e5 str\u00f8m<\/p>\n<p>Det er allerede gjort interne akselerasjonstester. Etter 2,5 sekunder er bilen med den nye motoren allerede en billengde foran den forrige generasjonen av dieselmotoren.<\/p>\n<p>Elmotoren skal dessuten gj\u00f8re det mulig \u00e5 kj\u00f8re bare p\u00e5 str\u00f8m i korte perioder, for eksempel i rushtrafikk og n\u00e5r man parkerer.<\/p>\n<p>Men noen \u00abrekkevidde\u00bb har Audi ikke g\u00e5tt ut med.<\/p>\n<p><a href=\"https:\/\/www.tv2.no\/broom\/far-ikke-tak-i-nok-bensin-og-dieselbiler\/17726060\/\" rel=\"nofollow noopener\" target=\"_blank\">F\u00e5r ikke tak i nok bensin- og dieselbiler<\/a><\/p>\n<p>        <img class=\"image__img lazyload\" itemprop=\"image\" title=\"Foto: Audi\" alt=\"RASKERE: Etter bare 2,5 sekunder er bilen med den nye dieselmotoren en billengde foran forgjengeren. Foto: Audi\" width=\"978\" height=\"551\" bad-src=\"https:\/\/www.europesays.com\/no\/wp-content\/uploads\/2025\/11\/18332283.webp\" fetchpriority=\"auto\" \/><\/p>\n<p>      RASKERE: Etter bare 2,5 sekunder er bilen med den nye dieselmotoren en billengde foran forgjengeren.<br \/>\n         Foto: Audi<\/p>\n<p>Ikke til Norge<\/p>\n<p>0-100-tider har vi s\u00e5 langt ikke f\u00e5tt p\u00e5 de to bilene som i f\u00f8rste omgang f\u00e5r motoren \u2013 nemlig A6 og Q5.<\/p>\n<p>Her i Norge selges kun elbilene til Audi \u2013 med unntak av enkelte RS-utgaver med bensinmotor. Det betyr at vi uansett ikke f\u00e5r noen nytte av den nye dieselmotoren som n\u00e5 skal lanseres.<\/p>\n<p>Men det er verdt \u00e5 merke seg at Audi legger ned betydelige investeringer i en motorteknologi mange mener er avleggs.<\/p>\n<p><a href=\"https:\/\/www.tv2.no\/broom\/trosser-trenden-selger-fortsatt-mest-diesel\/17773431\/\" rel=\"nofollow noopener\" target=\"_blank\">De selger flest dieselbiler i Europa\u00a0<\/a><\/p>\n","protected":false},"excerpt":{"rendered":"Saken oppsummert Audi lanserer en ny 3-liters V6 dieselmotor med 299 hestekrefter. Motoren har en elektrisk kompressor som&hellip;\n","protected":false},"author":2,"featured_media":99722,"comment_status":"","ping_status":"","sticky":false,"template":"","format":"standard","meta":{"footnotes":""},"categories":[56],"tags":[60,61,62,30,28,29],"class_list":{"0":"post-99721","1":"post","2":"type-post","3":"status-publish","4":"format-standard","5":"has-post-thumbnail","7":"category-naeringsliv","8":"tag-business","9":"tag-economy","10":"tag-naeringsliv","11":"tag-no","12":"tag-norge","13":"tag-norway"},"share_on_mastodon":{"url":"https:\/\/pubeurope.com\/@no\/115631888977470439","error":""},"_links":{"self":[{"href":"https:\/\/www.europesays.com\/no\/wp-json\/wp\/v2\/posts\/99721","targetHints":{"allow":["GET"]}}],"collection":[{"href":"https:\/\/www.europesays.com\/no\/wp-json\/wp\/v2\/posts"}],"about":[{"href":"https:\/\/www.europesays.com\/no\/wp-json\/wp\/v2\/types\/post"}],"author":[{"embeddable":true,"href":"https:\/\/www.europesays.com\/no\/wp-json\/wp\/v2\/users\/2"}],"replies":[{"embeddable":true,"href":"https:\/\/www.europesays.com\/no\/wp-json\/wp\/v2\/comments?post=99721"}],"version-history":[{"count":0,"href":"https:\/\/www.europesays.com\/no\/wp-json\/wp\/v2\/posts\/99721\/revisions"}],"wp:featuredmedia":[{"embeddable":true,"href":"https:\/\/www.europesays.com\/no\/wp-json\/wp\/v2\/media\/99722"}],"wp:attachment":[{"href":"https:\/\/www.europesays.com\/no\/wp-json\/wp\/v2\/media?parent=99721"}],"wp:term":[{"taxonomy":"category","embeddable":true,"href":"https:\/\/www.europesays.com\/no\/wp-json\/wp\/v2\/categories?post=99721"},{"taxonomy":"post_tag","embeddable":true,"href":"https:\/\/www.europesays.com\/no\/wp-json\/wp\/v2\/tags?post=99721"}],"curies":[{"name":"wp","href":"https:\/\/api.w.org\/{rel}","templated":true}]}}