{"id":99755,"date":"2025-11-29T08:28:10","date_gmt":"2025-11-29T08:28:10","guid":{"rendered":"https:\/\/www.europesays.com\/no\/99755\/"},"modified":"2025-11-29T08:28:10","modified_gmt":"2025-11-29T08:28:10","slug":"fire-biler-kollisjonsskadet-i-parkeringshus-i-trondheim","status":"publish","type":"post","link":"https:\/\/www.europesays.com\/no\/99755\/","title":{"rendered":"Fire biler kollisjonsskadet i parkeringshus i Trondheim"},"content":{"rendered":"\n<p class=\"_lead_o9xde_2 _lead_xtcu6_50 layout-component text-serif-m layout-normal text-serif-l layout-component layout-wide layout-padded _wide_17hqh_1 layout-padded\">Politiet jobber med \u00e5 kontakte eierne. <\/p>\n<p><img alt=\" Foto: Bertil Lern\u00e6s\" class=\"_image_qp4xg_65 layout-component layout-wide\" data-fullscreen- data-track-element-type=\"Article image fullscreen\" data-track-name=\"ImageFullscreen\" fetchpriority=\"high\" decoding=\"sync\" loading=\"eager\" height=\"1848\" itemprop=\"image\"  src=\"https:\/\/www.europesays.com\/no\/wp-content\/uploads\/2025\/11\/2f4db70e-a432-46d4-b792-f003478bb538\"  style=\"object-position:0% 0%\" width=\"4000\"\/> Foto: Bertil Lern\u00e6s<\/p>\n<ul aria-hidden=\"true\" class=\"_images_1uft6_111\">\n<li><a class=\"_link_1uft6_116\" href=\"https:\/\/www.vg.no\/forfatter\/svanhild-boee\" style=\"z-index:1\" title=\"Svanhild B\u00f8e\" rel=\"nofollow noopener\" target=\"_blank\"><img alt=\"Bilde av Svanhild B\u00f8e\" class=\"_image_1uft6_93\" fetchpriority=\"low\" loading=\"lazy\" decoding=\"async\" itemprop=\"image\"  src=\"https:\/\/www.europesays.com\/no\/wp-content\/uploads\/2025\/11\/1764404889_819_2c6a983e-8ef8-4c60-8e5a-75c7e7bc3314\"  width=\"480\"\/><\/a><\/li>\n<\/ul>\n<p> Oppdatert l\u00f8rdag 29. november kl. 09:12     <\/p>\n<p class=\"_paragraph_o9xde_4 _paragraph_xtcu6_10 layout-component text-serif-m layout-normal text-serif-m layout-padded\">Rett f\u00f8r halv 7 l\u00f8rdag morgen fikk politiet i <a href=\"https:\/\/www.vg.no\/tag\/troendelag-politidistrikt?utm_source=vg-article&amp;utm_medium=auto-tagger&amp;utm_campaign=XMl77o\" class=\"_link_o9xde_39\" rel=\"nofollow noopener\" target=\"_blank\">Tr\u00f8ndelag politidistrikt<\/a> melding om fire biler som var kollisjonsskadet P-kjelleren p\u00e5 Trondheim sentralstasjon. <\/p>\n<p class=\"_paragraph_o9xde_4 _paragraph_xtcu6_10 layout-component text-serif-m layout-normal text-serif-m layout-padded\">\u2013 For politiet fremst\u00e5r det som om at det ikke er noen av bilene som st\u00e5r der, som har for\u00e5rsaket skadene. <\/p>\n<p class=\"_paragraph_o9xde_4 _paragraph_xtcu6_10 layout-component text-serif-m layout-normal text-serif-m layout-padded\">Meldingen kom fra noen som skulle hente bilen sin i parkeringshuset. <\/p>\n<p><img alt=\"Foto: Bertil Lern\u00e6s\" class=\"_image_qp4xg_65 layout-component layout-normal\" data-fullscreen- data-track-element-type=\"Article image fullscreen\" data-track-name=\"ImageFullscreen\" decoding=\"async\" loading=\"lazy\" height=\"1848\" itemprop=\"image\"  src=\"https:\/\/www.europesays.com\/no\/wp-content\/uploads\/2025\/11\/1e0029af-5e8c-4987-93fd-f23ffe627a4c\"  style=\"object-position:0% 0%\" width=\"4000\"\/>Foto: Bertil Lern\u00e6s<\/p>\n<p class=\"_paragraph_o9xde_4 _paragraph_xtcu6_10 layout-component text-serif-m layout-normal text-serif-m layout-padded\">Det opplyser operasjonsleder Wenche Johnsen i Tr\u00f8ndelag politidistrikt. <\/p>\n<p class=\"_paragraph_o9xde_4 _paragraph_xtcu6_10 layout-component text-serif-m layout-normal text-serif-m layout-padded\">\u2013 Vi unders\u00f8ker overv\u00e5kningskamera og opptak n\u00e5 for \u00e5 se om vi kan opps\u00f8ke bilen som har gjort dette. Den har nok ogs\u00e5 ganske store skader. <\/p>\n<p class=\"_paragraph_o9xde_4 _paragraph_xtcu6_10 layout-component text-serif-m layout-normal text-serif-m layout-padded\">Johnsen opplyser at de har f\u00e5tt kontakt med en av bileierne som kommer for \u00e5 hente bilen sine. Det jobbes fortsatt med \u00e5 kontakte de resterende tre eierne. <\/p>\n","protected":false},"excerpt":{"rendered":"Politiet jobber med \u00e5 kontakte eierne. Foto: Bertil Lern\u00e6s Oppdatert l\u00f8rdag 29. november kl. 09:12 Rett f\u00f8r halv&hellip;\n","protected":false},"author":2,"featured_media":99756,"comment_status":"","ping_status":"","sticky":false,"template":"","format":"standard","meta":{"footnotes":""},"categories":[10],"tags":[20,21,24,25,15,22,23,13,30,28,29,14,16,468,26,27,596,4376],"class_list":{"0":"post-99755","1":"post","2":"type-post","3":"status-publish","4":"format-standard","5":"has-post-thumbnail","7":"category-norge","8":"tag-breaking-news","9":"tag-breakingnews","10":"tag-featured-news","11":"tag-featurednews","12":"tag-headlines","13":"tag-latest-news","14":"tag-latestnews","15":"tag-news","16":"tag-no","17":"tag-norge","18":"tag-norway","19":"tag-nyheter","20":"tag-overskrifter","21":"tag-politiet","22":"tag-top-stories","23":"tag-topstories","24":"tag-trondheim","25":"tag-trondelag-politidistrikt"},"share_on_mastodon":{"url":"https:\/\/pubeurope.com\/@no\/115632046502176244","error":""},"_links":{"self":[{"href":"https:\/\/www.europesays.com\/no\/wp-json\/wp\/v2\/posts\/99755","targetHints":{"allow":["GET"]}}],"collection":[{"href":"https:\/\/www.europesays.com\/no\/wp-json\/wp\/v2\/posts"}],"about":[{"href":"https:\/\/www.europesays.com\/no\/wp-json\/wp\/v2\/types\/post"}],"author":[{"embeddable":true,"href":"https:\/\/www.europesays.com\/no\/wp-json\/wp\/v2\/users\/2"}],"replies":[{"embeddable":true,"href":"https:\/\/www.europesays.com\/no\/wp-json\/wp\/v2\/comments?post=99755"}],"version-history":[{"count":0,"href":"https:\/\/www.europesays.com\/no\/wp-json\/wp\/v2\/posts\/99755\/revisions"}],"wp:featuredmedia":[{"embeddable":true,"href":"https:\/\/www.europesays.com\/no\/wp-json\/wp\/v2\/media\/99756"}],"wp:attachment":[{"href":"https:\/\/www.europesays.com\/no\/wp-json\/wp\/v2\/media?parent=99755"}],"wp:term":[{"taxonomy":"category","embeddable":true,"href":"https:\/\/www.europesays.com\/no\/wp-json\/wp\/v2\/categories?post=99755"},{"taxonomy":"post_tag","embeddable":true,"href":"https:\/\/www.europesays.com\/no\/wp-json\/wp\/v2\/tags?post=99755"}],"curies":[{"name":"wp","href":"https:\/\/api.w.org\/{rel}","templated":true}]}}