{"id":99759,"date":"2025-11-29T08:46:17","date_gmt":"2025-11-29T08:46:17","guid":{"rendered":"https:\/\/www.europesays.com\/no\/99759\/"},"modified":"2025-11-29T08:46:17","modified_gmt":"2025-11-29T08:46:17","slug":"morten-abel-har-fatt-en-rolle-i-den-nye-tv-2-serien-mord-i-sogn","status":"publish","type":"post","link":"https:\/\/www.europesays.com\/no\/99759\/","title":{"rendered":"Morten Abel har f\u00e5tt en rolle i den nye TV 2 serien Mord i Sogn."},"content":{"rendered":"<p>\u2013 Jeg er en s\u00e5nn spenningss\u00f8kende sjel, s\u00e5 jeg liker \u00e5 utfordre meg selv, sier Morten Abel til TV 2. <\/p>\n<p>Og nettopp det har han f\u00e5tt gjort i den nye krimserien \u00abMord i Sogn\u00bb.\u00a0<\/p>\n<p>Serien, som skal sendes p\u00e5 TV 2, er basert p\u00e5 den popul\u00e6re bokserien til forfatter J\u00f8rgen J\u00e6ger, og\u00a0er spilt inn i Balestrand i Sogndal kommune.\u00a0<\/p>\n<p><a href=\"https:\/\/www.tv2.no\/underholdning\/forelsket-meg-umiddelbart\/17992884\/\" target=\"_blank\" style=\"letter-spacing: 0.01em;\" rel=\"nofollow noopener\">Kristofer Hivju<\/a>\u00a0spiller hovedrollen, 43 \u00e5r gamle Ole Vik, som regjerer p\u00e5 den lokale politistasjonen.\u00a0Men idyllen trues n\u00e5r sammensl\u00e5ing av politidistrikter setter hele stasjonen i fare samtidig som hemmeligheter begynner \u00e5 komme til overflaten.<\/p>\n<p>        <img class=\"image__img lazyload\" itemprop=\"image\" title=\"Foto: Nordisk Film Production\/TV 2\" alt=\"OLE VIK: Forfatter J\u00f8rgen J\u00e6ger og hovedrolleinnehaver Kristofer Hivju som spiller Ole Vik i \u00abMord i Sogn\u00bb. Foto: Nordisk Film Production\/TV 2\" width=\"978\" height=\"551\" bad-src=\"https:\/\/www.europesays.com\/no\/wp-content\/uploads\/2025\/11\/18316348.webp\" fetchpriority=\"auto\" \/><\/p>\n<p>      OLE VIK: Forfatter J\u00f8rgen J\u00e6ger og hovedrolleinnehaver Kristofer Hivju som spiller Ole Vik i \u00abMord i Sogn\u00bb.<br \/>\n         Foto: Nordisk Film Production\/TV 2<\/p>\n<p>Null forventninger<\/p>\n<p> Det \u00e5 bli medskuespilleren til Hivju kom ikke gratis for musikeren.\u00a0<\/p>\n<p>For til TV 2 innr\u00f8mmer nemlig Abel at han gang p\u00e5 gang har dratt p\u00e5 forskjellige auditions, uten at det har f\u00f8rt til noen roller.\u00a0<\/p>\n<p>\u2013 Den utfordringen det er \u00e5 gj\u00f8re s\u00e5nne auditions er veldig godt for personlig utvikling, sier Abel.<\/p>\n<p>Videre forklarer han at han har lave skuldre for \u00e5 m\u00f8te opp n\u00e5r han blir ringt og spurt om han kunne tenkt seg \u00e5 stille p\u00e5 audition.\u00a0<\/p>\n<p>For lenge siden la artisten fra seg de store forventningene og forh\u00e5pningene.\u00a0<\/p>\n<p>\u2013 Jeg har f\u00e5tt veldig mange avslag, og det er naturlig fordi jeg har gjort mange auditions, sier 63-\u00e5ringen.\u00a0<\/p>\n<p>        <img class=\"image__img lazyload\" itemprop=\"image\" title=\"Foto: Vidar Ruud \/ NTB\" alt=\"TILNUD: Morten Abel f\u00e5r flere tilbud om \u00e5 gj\u00f8re auditions til film og TV-serier. Foto: Vidar Ruud \/ NTB\" width=\"675\" height=\"426\" bad-src=\"https:\/\/www.europesays.com\/no\/wp-content\/uploads\/2025\/11\/18316362.webp\" fetchpriority=\"auto\" \/><\/p>\n<p>      TILNUD: Morten Abel f\u00e5r flere tilbud om \u00e5 gj\u00f8re auditions til film og TV-serier.<br \/>\n         Foto: Vidar Ruud \/ NTB<\/p>\n<p>Befriende<\/p>\n<p>Denne gangen var det annerledes. Etter en audition i Bergen kom telefonen:\u00a0<\/p>\n<p>\u2013 De sa at jeg var akkurat det de var ute etter. S\u00e5 det var en deilig beskjed \u00e5 f\u00e5, sier Abel.\u00a0<\/p>\n<p>Rollen satt som h\u00e5nd i hanske, og slik ble Abel godseieren Holgersen i \u00abMord i Sogn\u00bb.<\/p>\n<p>Holgersen er en kar som har bodd i den lille bygda\u00a0Fjellberghavn i alle \u00e5r. Karakteren er en autorit\u00e6r person, som er god p\u00e5 bunnen, men h\u00f8rer og ser ting som kanskje ikke alle andre gj\u00f8r.\u00a0<\/p>\n<p>\u2013\u00a0Det er veldig interessant n\u00e5r du g\u00e5r inn i den bussen med kostymer. Du g\u00e5r inn som \u00e9n person, og s\u00e5 kommer du ut som en annen. Det er s\u00e5 befriende.\u00a0<\/p>\n<p>        <img class=\"image__img lazyload\" itemprop=\"image\" title=\"Foto: TV 2\" alt=\"SPENNENDE: Morten Abel synes det var spennende \u00e5 f\u00e5 lov til \u00e5 improvisere litt under innspillinen av serien. Foto: TV 2\" width=\"675\" height=\"567\" bad-src=\"https:\/\/www.europesays.com\/no\/wp-content\/uploads\/2025\/11\/18333109.webp\" fetchpriority=\"auto\" \/><\/p>\n<p>      SPENNENDE: Morten Abel synes det var spennende \u00e5 f\u00e5 lov til \u00e5 improvisere litt under innspillinen av serien.<br \/>\n         Foto: TV 2<\/p>\n<p>Abel har f\u00e5tt en av de st\u00f8rste rollene, men han er realistisk med tanke p\u00e5 hvor mye vi f\u00e5r se ham p\u00e5 skjermen.<\/p>\n<p>\u2013 Det sp\u00f8rs hvor mye de klipper. Jeg er jo vant med \u00e5 bli godt nedklippa, sier han og ler.<\/p>\n<p>Han legger til at rollen er viktig for handlingen, selv om det ikke er den karakteren med mest tid foran kamera.<\/p>\n<p> Tidligere har Abel medvirket i filmer som \u00abHodet over vannet\u00bb og \u00abAlt for Egil\u00bb. <\/p>\n<p>Respekt for faget<\/p>\n<p>Abel har st\u00e5tt p\u00e5 scener i over 40 \u00e5r, men innr\u00f8mmer at skuespill er noe helt annet.<\/p>\n<p>\u2013 Det er et fagfelt jeg har veldig respekt for. Jeg<br \/>\nhusker da jeg var veldig ung og s\u00e5 \u00abHjortejegeren\u00bb, s\u00e5 gikk ut fra kinoen og<br \/>\nvar helt skjelven. Hvordan kunne de spille s\u00e5 bra? Hvordan klarte de \u00e5 v\u00e6re s\u00e5<br \/>\navslappet? Det har fascinert meg siden, sier Abel og legger til:<\/p>\n<p>\u2013 Jeg har hatt en fanden i meg om at en<br \/>\ndag skal jeg mestre det, hvis jeg bare f\u00e5r sjansen.<\/p>\n<p>        <img class=\"image__img lazyload\" itemprop=\"image\" title=\"Foto: Terje Bendiksby \/ NTB\" alt=\"SPELLEMANN: I 2001 stakk Morten Abel av med hele tre priser og ble \u00e5rets spellemann. Foto: Terje Bendiksby \/ NTB\" width=\"675\" height=\"534\" bad-src=\"https:\/\/www.europesays.com\/no\/wp-content\/uploads\/2025\/11\/18316171.webp\" fetchpriority=\"auto\" \/><\/p>\n<p>      SPELLEMANN: I 2001 stakk Morten Abel av med hele tre priser og ble \u00e5rets spellemann.<br \/>\n         Foto: Terje Bendiksby \/ NTB<\/p>\n<p>Abel roser kollegaen Kristofer Hivju, som spiller<br \/>\nhovedrollen og ble en trygghet og st\u00f8ttespiller for han p\u00e5 settet.<\/p>\n<p>\u2013 Det var kjempefint \u00e5 bli kjent med den mannen. Veldig<br \/>\nfin fyr og et vennskap ble etablert. Det er godt \u00e5<br \/>\nha noen der som har gjort dette mange ganger f\u00f8r.\u00a0<\/p>\n<p>\u00abTore tang\u00bb<\/p>\n<p>For de fleste er Morten Abel synonymt med musikk. Han slo<br \/>\ngjennom med Mods p\u00e5 80-tallet, fortsatte med The September When og har hatt en<br \/>\nsuksessrik solokarriere med hits som \u00abBe My Lover\u00bb, \u00abLydia\u00bb og \u00abI&#8217;ll comeback<br \/>\nand Love You Forever\u00bb.\u00a0<\/p>\n<p>Han har vunnet flere Spellemannpriser og er innlemmet i<br \/>\nRockheim Hall of Fame.<\/p>\n<p>Men selv om \u00abTore Tang\u00bb fortsatt lever sitt eget liv p\u00e5<br \/>\npuber og landslagssamlinger, er Abel opptatt av n\u00e5tiden:<\/p>\n<p>\u2013 Jeg syns det er helt greit med \u00abTore Tang\u00bb, men for min<br \/>\ndel er jeg opptatt av her og n\u00e5, sier han.<\/p>\n<p>        <img class=\"image__img lazyload\" itemprop=\"image\" title=\"Foto: Carina Johansen \/ NTB\" alt=\"ARTIST: Morten Abel har st\u00e5tt p\u00e5 scenen i flere \u00e5r, her opptr\u00e5dde f\u00f8r Viking-kamp, og snart skal han ut p\u00e5 turne. Foto: Carina Johansen \/ NTB\" width=\"978\" height=\"551\" bad-src=\"https:\/\/www.europesays.com\/no\/wp-content\/uploads\/2025\/11\/18316243.webp\" fetchpriority=\"auto\" \/><\/p>\n<p>      ARTIST: Morten Abel har st\u00e5tt p\u00e5 scenen i flere \u00e5r, her opptr\u00e5dde f\u00f8r Viking-kamp, og snart skal han ut p\u00e5 turne.<br \/>\n         Foto: Carina Johansen \/ NTB<\/p>\n<p>Og n\u00e5 er det mye som skjer. Abel legger ut p\u00e5 stor<br \/>\njubileumsturn\u00e9 der han skal feire livet, kj\u00e6rligheten og albumet \u00abI&#8217;ll Come Back and Love You Forever\u00bb.<\/p>\n<p>\u2013 Det som gj\u00f8r meg lykkelig n\u00e5, er hverdagen. \u00c5 male<br \/>\nlitt, v\u00e6re i studio, og dra p\u00e5 telttur i fjellet. Ha et variert liv og pr\u00f8ve \u00e5<br \/>\nleve i nuet. Det er ikke s\u00e5 komplisert. Jeg har kommet inn i en<br \/>\ntakknemlig fase i livet der jeg setter pris p\u00e5 det enkle, sier Morten Abel.<\/p>\n","protected":false},"excerpt":{"rendered":"\u2013 Jeg er en s\u00e5nn spenningss\u00f8kende sjel, s\u00e5 jeg liker \u00e5 utfordre meg selv, sier Morten Abel til&hellip;\n","protected":false},"author":2,"featured_media":99760,"comment_status":"","ping_status":"","sticky":false,"template":"","format":"standard","meta":{"footnotes":""},"categories":[58],"tags":[71,30,28,29,72],"class_list":{"0":"post-99759","1":"post","2":"type-post","3":"status-publish","4":"format-standard","5":"has-post-thumbnail","7":"category-underholdning","8":"tag-entertainment","9":"tag-no","10":"tag-norge","11":"tag-norway","12":"tag-underholdning"},"share_on_mastodon":{"url":"https:\/\/pubeurope.com\/@no\/115632117076067890","error":""},"_links":{"self":[{"href":"https:\/\/www.europesays.com\/no\/wp-json\/wp\/v2\/posts\/99759","targetHints":{"allow":["GET"]}}],"collection":[{"href":"https:\/\/www.europesays.com\/no\/wp-json\/wp\/v2\/posts"}],"about":[{"href":"https:\/\/www.europesays.com\/no\/wp-json\/wp\/v2\/types\/post"}],"author":[{"embeddable":true,"href":"https:\/\/www.europesays.com\/no\/wp-json\/wp\/v2\/users\/2"}],"replies":[{"embeddable":true,"href":"https:\/\/www.europesays.com\/no\/wp-json\/wp\/v2\/comments?post=99759"}],"version-history":[{"count":0,"href":"https:\/\/www.europesays.com\/no\/wp-json\/wp\/v2\/posts\/99759\/revisions"}],"wp:featuredmedia":[{"embeddable":true,"href":"https:\/\/www.europesays.com\/no\/wp-json\/wp\/v2\/media\/99760"}],"wp:attachment":[{"href":"https:\/\/www.europesays.com\/no\/wp-json\/wp\/v2\/media?parent=99759"}],"wp:term":[{"taxonomy":"category","embeddable":true,"href":"https:\/\/www.europesays.com\/no\/wp-json\/wp\/v2\/categories?post=99759"},{"taxonomy":"post_tag","embeddable":true,"href":"https:\/\/www.europesays.com\/no\/wp-json\/wp\/v2\/tags?post=99759"}],"curies":[{"name":"wp","href":"https:\/\/api.w.org\/{rel}","templated":true}]}}