{"id":99761,"date":"2025-11-29T08:49:10","date_gmt":"2025-11-29T08:49:10","guid":{"rendered":"https:\/\/www.europesays.com\/no\/99761\/"},"modified":"2025-11-29T08:49:10","modified_gmt":"2025-11-29T08:49:10","slug":"kommentar-stabssjefen-gar-av-hva-visste-zelenskyj","status":"publish","type":"post","link":"https:\/\/www.europesays.com\/no\/99761\/","title":{"rendered":"Kommentar: Stabssjefen g\u00e5r av: Hva visste Zelenskyj?"},"content":{"rendered":"\n<p class=\"_prefix_nfjwc_1 layout-padded\">Meninger<br \/>Kommentar<\/p>\n<p class=\"_lead_o9xde_2 _lead_xtcu6_50 layout-component text-serif-m layout-normal text-serif-l _lead_1eue0_21 layout-component layout-normal layout-padded layout-padded\">Volodymyr Zelenskyjs stabssjef har g\u00e5tt av etter en razzia fredag. N\u00e5 sp\u00f8r b\u00e5de ukrainerne og resten av Europa hva presidenten visste.<\/p>\n<p>Skriver om krigen i Ukraina, sjakk, Formel 1, idrettspolitikk, m.m.. Utdannet ved NMBU og Moskvas statsuniversitet. Hobbybonde.<\/p>\n<p><a href=\"https:\/\/www.vg.no\/nyheter\/i\/wr6QJ5\/mailto:ole.kristian.strom@vg.no\" class=\"_button_6bkpv_2 button-label-large _filled_6bkpv_106 _button_1t7m8_75\" rel=\"nofollow noopener\" target=\"_blank\">E-post<\/a><img alt=\"Volodymyr Zelenskyj med sin eks-stabssjef Andrij Jermak rett bak. Bildet er tatt i Kyiv i januar 2024. Foto: Gleb Garanich \/ Reuters \/ NTB\" class=\"_image_qp4xg_65 layout-component layout-wide\" data-fullscreen- data-track-element-type=\"Article image fullscreen\" data-track-name=\"ImageFullscreen\" fetchpriority=\"high\" decoding=\"sync\" loading=\"eager\" height=\"2630\" itemprop=\"image\"  src=\"https:\/\/www.europesays.com\/no\/wp-content\/uploads\/2025\/11\/9a07c843-dbdb-4493-889b-5728b662813e\"  style=\"object-position:0% 0%\" width=\"3925\"\/>Volodymyr Zelenskyj med sin eks-stabssjef Andrij Jermak rett bak. Bildet er tatt i Kyiv i januar 2024. Foto: Gleb Garanich \/ Reuters \/ NTBL\u00f8rdag 29. november kl. 07:30     <\/p>\n<p class=\"_paragraph_o9xde_4 _paragraph_xtcu6_10 layout-component text-serif-m layout-normal text-serif-m layout-padded\">Andrij Jermak har v\u00e6rt et omdiskutert navn i <a href=\"https:\/\/www.vg.no\/tag\/ukraina?utm_source=vg-article&amp;utm_medium=auto-tagger&amp;utm_campaign=wr6QJ5\" class=\"_link_o9xde_39\" rel=\"nofollow noopener\" target=\"_blank\">Ukraina<\/a>, og den siste meningsm\u00e5lingen <a href=\"https:\/\/sociopolis.ua\/news_item\/stavlennia-naselennia-ukrayini-do-aktualnikh-sotsialno-politichnikh-pitan-listopad-2025-roku-4\" class=\"_link_o9xde_39\" rel=\"nofollow noopener\" target=\"_blank\">viste at 65 prosent<\/a> hadde liten eller ingen tillit til ham.<\/p>\n<p class=\"_paragraph_o9xde_4 _paragraph_xtcu6_10 layout-component text-serif-m layout-normal text-serif-m layout-padded\">Da han fredag ble en del av den store korrupsjonssaken som rir landet, ble presset om \u00e5 g\u00e5 av s\u00e5 stort at veien ble kort ut av presidentkontorene.<\/p>\n<p class=\"_paragraph_o9xde_4 _paragraph_xtcu6_10 layout-component text-serif-m layout-normal text-serif-m layout-padded\">Det var p\u00e5 tide, for han har b\u00e5de v\u00e6rt upopul\u00e6r i Ukraina og irritert internasjonale partnere, s\u00e6rlig USA.<\/p>\n<p class=\"_paragraph_o9xde_4 _paragraph_xtcu6_10 layout-component text-serif-m layout-normal text-serif-m layout-padded\">Jermak har siden 2020 v\u00e6rt en mektig mann ved Zelenskyjs side \u2013 mange mener at han har v\u00e6rt Ukrainas nest mektigste etter presidenten, til tross for at han ikke har v\u00e6rt folkevalgt, men en ansatt stabssjefstabssjefEn stabssjef er en person som leder og koordinerer arbeidet til en ledergruppe, ofte i en regjering eller organisasjon, og fungerer som en n\u00e6r r\u00e5dgiver for lederen..<\/p>\n<p class=\"_paragraph_o9xde_4 _paragraph_xtcu6_10 layout-component text-serif-m layout-normal text-serif-m layout-padded\">Korrupsjonssaken har allerede vakt stor harme i Ukraina. En av de mistenkte er president Zelenskyjs tidligere businesspartner Timur Minditsj. Fredag ble alts\u00e5 ogs\u00e5 Zelenskyjs stabssjef knyttet til saken.<\/p>\n<ul class=\"_list_o9xde_3 _list_xtcu6_9 _unordered_o9xde_106 layout-component text-serif-m layout-normal text-serif-m layout-padded\">\n<li class=\"_item_o9xde_30\">Om presidenten ikke visste hva som foregikk i hans n\u00e6re krets, er det et problem.<\/li>\n<li class=\"_item_o9xde_30\">Om presidenten visste om det som skjedde, er det et enda st\u00f8rre problem.<\/li>\n<\/ul>\n<p class=\"_paragraph_o9xde_4 _paragraph_xtcu6_10 layout-component text-serif-m layout-normal text-serif-m layout-padded\">B\u00e5de justis- og energiministeren har tidligere m\u00e5ttet forlate sine poster.<\/p>\n<p class=\"_paragraph_o9xde_4 _paragraph_xtcu6_10 layout-component text-serif-m layout-normal text-serif-m layout-padded\">Andrij Jermak har v\u00e6rt Zelenskyjs n\u00e6rmeste fortrolige og med tanke p\u00e5 at presidenten er mye ute og reiser, har Jermak hatt st\u00f8rre ansvar og tillit enn jobben som stabssjef skulle tilsi. Han har ogs\u00e5 representert Ukraina jevnlig internasjonalt, blant annet i fredsforhandlingene ledet av USA.<\/p>\n<p class=\"_paragraph_o9xde_4 _paragraph_xtcu6_10 layout-component text-serif-m layout-normal text-serif-m layout-padded\">Det heter seg at tilgangen til Zelenskyj har g\u00e5tt via Jermak. Presidenten og eks-stabssjefen har kjent hverandre i mer enn ett ti\u00e5r. Zelenskyj var den gang produsent i TV-kanalen Inter, mens Jermak var advokat med opphavsrett som spesiale \u2013 og senere ogs\u00e5 filmprodusent. <\/p>\n<p class=\"_paragraph_o9xde_4 _paragraph_xtcu6_10 layout-component text-serif-m layout-normal text-serif-m layout-padded\">Det er et par uker siden korrupsjonssaken ble kjent. Det skal dreie seg s\u00e5 mye som \u00e9n milliard kroner, og handler om energiselskapet EnergoatomEnergoatomEnergoatom er et statlig energiselskap i Ukraina som driver med produksjon av elektrisitet fra kjernekraftverk.. <\/p>\n<p class=\"_paragraph_o9xde_4 _paragraph_xtcu6_10 layout-component text-serif-m layout-normal text-serif-m layout-padded\">Saken betyr p\u00e5 alle m\u00e5ter tr\u00f8bbel for regimet i Kyiv. For det f\u00f8rste er den vanlige ukrainer skuffet og sint. Det samme er alle Ukrainas st\u00f8ttespillere. Dr\u00f8mmen om EU-medlemskap henger i en tynn tr\u00e5d om saken ikke blir grundig etterforsket, og EU har stilt klare krav om at Kyiv rydder opp.<\/p>\n<p class=\"_paragraph_o9xde_4 _paragraph_xtcu6_10 layout-component text-serif-m layout-normal text-serif-m layout-padded\">Hjernen i korrupsjonssaken skal if\u00f8lge etterforskerne v\u00e6re forretningsmannen Timur Minditsj, som er en tidligere kompanjongkompanjongEn kompanjong er en forretningspartner eller samarbeidspartner i en profesjonell sammenheng. av president Zelenskyj. Minditsj r\u00f8mte landet bare timer f\u00f8r etterforskerne skulle sl\u00e5 til mot ham.<\/p>\n<p class=\"_paragraph_o9xde_4 _paragraph_xtcu6_10 layout-component text-serif-m layout-normal text-serif-m layout-padded\">Allerede i sommer var det mange som satte sp\u00f8rsm\u00e5lstegn ved at president Zelenskyj ville begrense uavhengigheten til landets to antikorrupsjonsorganerantikorrupsjonsorganerAntikorrupsjonsorganer er institusjoner som er opprettet for \u00e5 bekjempe og forebygge korrupsjon i et land.. Omfattende protester, ikke minst fra utenlandske ledere, gjorde at han snudde.<\/p>\n<p class=\"_paragraph_o9xde_4 _paragraph_xtcu6_10 layout-component text-serif-m layout-normal text-serif-m layout-padded\">Men det skal ogs\u00e5 sies at avsl\u00f8ringen av korrupsjonen er noe positivt. Det viser at Ukraina vil gj\u00f8re noe med svineriet. Landet var f\u00f8r krigen (2013) nummer 144 p\u00e5 Transparency InternationalsTransparency InternationalsTransparency International er en internasjonal organisasjon som arbeider for \u00e5 bekjempe korrupsjon og fremme \u00e5penhet i regjeringer og n\u00e6ringsliv. liste over verdens minst korrupte land. Sist l\u00e5 Ukraina p\u00e5 105. plass, s\u00e5 Kyiv har tatt lange steg i riktig retning. De har langt bedre enn krigsmotstanderen klart \u00e5 f\u00e5 bukt med noe av korrupsjonen. Russland ligger n\u00e5 p\u00e5 154. plass.<\/p>\n<p class=\"_paragraph_o9xde_4 _paragraph_xtcu6_10 layout-component text-serif-m layout-normal text-serif-m layout-padded\">Avsl\u00f8ringen vitner om at Ukraina tross alt er et sterkt demokrati, og at landet har uavhengige institusjoner som er sterke nok til \u00e5 etterforske landets mektigste personer.<\/p>\n<p class=\"_paragraph_o9xde_4 _paragraph_xtcu6_10 layout-component text-serif-m layout-normal text-serif-m layout-padded\">Selv om ryktene om Jermaks avgang har g\u00e5tt i lang tid, lenge f\u00f8r korrupsjonssaken ble kjent, uttalte stabssjefen seg s\u00e5 sent som dagen f\u00f8r til <a href=\"https:\/\/www.theatlantic.com\/national-security\/2025\/11\/ukraine-zelensky-russia-trump-peace-land-red-line\/685090\/\" class=\"_link_o9xde_39\" rel=\"nofollow noopener\" target=\"_blank\">The Atlantic<\/a>\u00a0og fortalte at det var uaktuelt for Ukraina \u00e5 gi opp de russisk-okkuperte omr\u00e5dene for \u00e5 f\u00e5 fred. Bare noen timer senere kom korrupsjonsjegerne til boligen hans.<\/p>\n<p class=\"_paragraph_o9xde_4 _paragraph_xtcu6_10 layout-component text-serif-m layout-normal text-serif-m layout-padded\">Sp\u00f8rsm\u00e5let er hvem som skal erstatte Jermak. Selv om Jermak har v\u00e6rt omdiskutert, har han v\u00e6rt veldig lojal og en viktig st\u00f8tte for Zelenskyj i t\u00f8ffe tider.<\/p>\n<p class=\"_paragraph_o9xde_4 _paragraph_xtcu6_10 layout-component text-serif-m layout-normal text-serif-m layout-padded\">Dette var det siste presidenten og Ukraina trengte n\u00e5. Landet g\u00e5r inn i en skjebneuke der amerikanerne vil pr\u00f8ve \u00e5 komme til en fredsplan. Riktignok er det per n\u00e5 ingenting som tyder p\u00e5 at Kyiv og Moskva blir enige, men for Ukraina handler det ogs\u00e5 om fortsatt hjelp fra USA, b\u00e5de p\u00e5 etterretningetterretningEtterretning refererer til innsamling og analyse av informasjon, ofte av milit\u00e6r eller politisk betydning, for \u00e5 st\u00f8tte beslutningstaking. I dette tilfellet handler det om milit\u00e6r informasjon. og muligheten for \u00e5 kj\u00f8pe v\u00e5pen.<\/p>\n<p class=\"_paragraph_o9xde_4 _paragraph_xtcu6_10 layout-component text-serif-m layout-normal text-serif-m layout-padded\">Europa m\u00e5 fortsette \u00e5 st\u00f8tte Ukraina, uavhengig av korrupsjonssaken. Men saken viser at st\u00f8ttespillerne m\u00e5 v\u00e6re kritiske og kontrollere at pengene havner i riktige lommer.<\/p>\n<p>   Dette er en kommentar. Kommentaren gir uttrykk for skribentens holdning. <\/p>\n","protected":false},"excerpt":{"rendered":"MeningerKommentar Volodymyr Zelenskyjs stabssjef har g\u00e5tt av etter en razzia fredag. N\u00e5 sp\u00f8r b\u00e5de ukrainerne og resten av&hellip;\n","protected":false},"author":2,"featured_media":99762,"comment_status":"","ping_status":"","sticky":false,"template":"","format":"standard","meta":{"footnotes":""},"categories":[12],"tags":[20,21,24,25,15,3137,22,23,13,30,28,29,14,16,26,27,489,42,103,488,43,44,45],"class_list":{"0":"post-99761","1":"post","2":"type-post","3":"status-publish","4":"format-standard","5":"has-post-thumbnail","7":"category-verden","8":"tag-breaking-news","9":"tag-breakingnews","10":"tag-featured-news","11":"tag-featurednews","12":"tag-headlines","13":"tag-kyiv","14":"tag-latest-news","15":"tag-latestnews","16":"tag-news","17":"tag-no","18":"tag-norge","19":"tag-norway","20":"tag-nyheter","21":"tag-overskrifter","22":"tag-top-stories","23":"tag-topstories","24":"tag-ukraina","25":"tag-verden","26":"tag-vgmeninger","27":"tag-volodymyr-zelenskyj","28":"tag-world","29":"tag-world-news","30":"tag-worldnews"},"share_on_mastodon":{"url":"https:\/\/pubeurope.com\/@no\/115632129179176142","error":""},"_links":{"self":[{"href":"https:\/\/www.europesays.com\/no\/wp-json\/wp\/v2\/posts\/99761","targetHints":{"allow":["GET"]}}],"collection":[{"href":"https:\/\/www.europesays.com\/no\/wp-json\/wp\/v2\/posts"}],"about":[{"href":"https:\/\/www.europesays.com\/no\/wp-json\/wp\/v2\/types\/post"}],"author":[{"embeddable":true,"href":"https:\/\/www.europesays.com\/no\/wp-json\/wp\/v2\/users\/2"}],"replies":[{"embeddable":true,"href":"https:\/\/www.europesays.com\/no\/wp-json\/wp\/v2\/comments?post=99761"}],"version-history":[{"count":0,"href":"https:\/\/www.europesays.com\/no\/wp-json\/wp\/v2\/posts\/99761\/revisions"}],"wp:featuredmedia":[{"embeddable":true,"href":"https:\/\/www.europesays.com\/no\/wp-json\/wp\/v2\/media\/99762"}],"wp:attachment":[{"href":"https:\/\/www.europesays.com\/no\/wp-json\/wp\/v2\/media?parent=99761"}],"wp:term":[{"taxonomy":"category","embeddable":true,"href":"https:\/\/www.europesays.com\/no\/wp-json\/wp\/v2\/categories?post=99761"},{"taxonomy":"post_tag","embeddable":true,"href":"https:\/\/www.europesays.com\/no\/wp-json\/wp\/v2\/tags?post=99761"}],"curies":[{"name":"wp","href":"https:\/\/api.w.org\/{rel}","templated":true}]}}