{"id":99763,"date":"2025-11-29T08:50:12","date_gmt":"2025-11-29T08:50:12","guid":{"rendered":"https:\/\/www.europesays.com\/no\/99763\/"},"modified":"2025-11-29T08:50:12","modified_gmt":"2025-11-29T08:50:12","slug":"byradet-i-oslo-oslo-budsjettet-frp-krever-gratis-parkering-pa-lordager","status":"publish","type":"post","link":"https:\/\/www.europesays.com\/no\/99763\/","title":{"rendered":"Byr\u00e5det i Oslo, Oslo-budsjettet | Frp krever gratis parkering p\u00e5 l\u00f8rdager"},"content":{"rendered":"\n<p>Intense forhandlinger p\u00e5g\u00e5r n\u00e5 mellom de borgerlige partiene om Oslo-budsjettet.<\/p>\n<p>I forhandlingene, som startet opp for en uke siden, har Frp lagt fram en rekke krav som kan snu opp ned p\u00e5 samferdselspolitikken i hovedstaden.<\/p>\n<p>\u2013 Gratis l\u00f8rdagsparkering er hovedkravet v\u00e5rt, sier Frps samferdselspolitiske talsperson, Ingeborg Bj\u00f8rnevik, til Nettavisen.<\/p>\n<p><b>Les ogs\u00e5: <\/b><a class=\"simple-relation related-teaser article--c-eRUmMG article--c-eRUmMG-fZoQSp-design-nettavisen article--c-eRUmMG-gwthdJ-cv\" href=\"https:\/\/www.nettavisen.no\/nordstrand-kan-bli-holmlia-svart-ulike\/s\/5-95-2677308\" rel=\"nofollow noopener\" target=\"_blank\">Nordstrand kan bli Holmlia: \u2013 Sv\u00e6rt ulike<\/a><\/p>\n<p>\u2013 Enklere \u00e5 bruke bil<\/p>\n<p>H\u00f8yre- og Venstre-byr\u00e5det mangler flertall i bystyret og er derfor avhengig av st\u00f8tte fra andre partier for budsjettet sitt. N\u00e5 forhandler byr\u00e5det med Frp og KrF, og m\u00e5let er en enighet i l\u00f8pet av neste uke.<\/p>\n<p>\u2013 Oslo blir en stadig dyrere by \u00e5 b\u00e5de bo og leve i. Derfor \u00f8nsker vi, i motsetning til b\u00e5de Venstre og MDG, et taktskifte slik at det blir b\u00e5de enklere og rimeligere \u00e5 bruke bilen i hverdagen, sier Bj\u00f8rnevik.<\/p>\n<p>Derfor krever de gratis parkering p\u00e5 kommunale parkeringsplasser p\u00e5 l\u00f8rdager. I dag m\u00e5 man betale for parkering mellom klokken 09 og 20 p\u00e5 l\u00f8rdager.<\/p>\n<p>\u2013 Det er ogs\u00e5 et h\u00e5ndsrekning til handelsn\u00e6ringen, sier hun, og viser til en unders\u00f8kelse fra Oslo Handelsstands Forening. Der svarer 46 prosent at de ville brukt Oslo sentrum oftere hvis parkering ble billigere.<\/p>\n<p>\u2013 S\u00e5 v\u00e5rt h\u00e5p er at det til julehandelen neste \u00e5r kan bli gratis \u00e5 parkere i byrommet, som vi mener vil v\u00e6re et positivt tilskudd for b\u00e5de folk og bedrifter som lever av varehandel, sier Bj\u00f8rnevik.<\/p>\n<p><b>Les ogs\u00e5: <\/b><a class=\"simple-relation related-teaser article--c-eRUmMG article--c-eRUmMG-fZoQSp-design-nettavisen article--c-eRUmMG-gwthdJ-cv\" href=\"https:\/\/www.nettavisen.no\/vil-fjerne-gratis-parkering-haplost\/s\/5-95-2735805\" rel=\"nofollow noopener\" target=\"_blank\">Vil fjerne gratis parkering: \u2013 H\u00e5pl\u00f8st<\/a><\/p>\n<p>   <img decoding=\"async\" width=\"5472\" height=\"3648\" fetchpriority=\"low\"  loading=\"lazy\"  src=\"https:\/\/www.europesays.com\/no\/wp-content\/uploads\/2025\/11\/cueres_scp-syahrk_s13y075aHRk.jpg\" alt=\"Oslo  20171001.&#10;Oslo tidobler prisen p\u00e5 beboerparkering: Fra 300 til 3000 kroner i \u00e5ret. For denne summen kan beboerne parkere fritt i nabolaget og st\u00e5 s\u00e5 lenge de vil - hvis de finner en plass. Pr\u00f8veperioden er over for beboerparkeringen (soneparkering) i tre omr\u00e5der i indre by i Oslo. I l\u00f8pet av h\u00f8sten og 2018 skal beboerparkering innf\u00f8res p\u00e5 hele 17.850 av de 21.550 parkeringsplassene p\u00e5 gateplan. Her fra Fagerborg.&#10;Foto: Heiko Junge \/ NTB\" class=\"brick-c-cFOWSL\" style=\"--brick-image-ratio: 5472 \/ 3648;\"\/><\/p>\n<p>      AVGIFT: F\u00e5r Frp som de vil blir det gratis \u00e5 parkere i Oslos gater p\u00e5 l\u00f8rdager. I dag m\u00e5 man betale fram til klokka 20 p\u00e5 kommunens plasser.<br \/>\n      Foto: Heiko Junge\n    <\/p>\n<p>  Koster 50 millioner<\/p>\n<p>Forslaget har en prislapp p\u00e5 50 millioner kroner. Dette er summen Oslo kommune taper dersom de slutter \u00e5 ta betalt for parkering p\u00e5 l\u00f8rdager. Omskilting vil koste om lag 10 millioner kroner, og resten er tap av gebyrer.<\/p>\n<p>\u2013 50 millioner kroner er en moderat sum i et budsjett p\u00e5 over 100 milliarder. Vi lever i en dyrtid, s\u00e5 det er en investering i folks hverdags\u00f8konomi som vi st\u00e5r godt i, sier Frp-politikeren.<\/p>\n<p>\u2013 Men er det plass til alle bilene dersom flere vil kj\u00f8re til sentrum om det blir gratis?<\/p>\n<p>\u2013 Det er klart, men n\u00e5 \u00f8nsker vi en politikk der det settes av mer areal til parkering. Vi skal forhandle om en ny parkeringsnorm til v\u00e5ren, og da blir det et viktig slag for \u00e5 sikre en bedre parkeringskapasitet, sier hun.<\/p>\n<p>Som kjent fjernet det forrige r\u00f8dgr\u00f8nne byr\u00e5det, med MDG i spissen, <a rel=\"Follow nofollow noopener\" href=\"https:\/\/www.nettavisen.no\/norsk-politikk\/politikk\/byradet-i-oslo\/na-har-over-6000-p-plasser-forsvunnet-vil-ha-full-revers\/s\/5-95-586877\" target=\"_blank\">flere tusen gateparkeringsplasser<\/a> da de styrte byen. Det er dette Frp n\u00e5 vil reversere.<\/p>\n<p>\u2013 Stans sykkelsatsing<\/p>\n<p>De vil finansiere gratisparkeringen ved \u00e5 stanse Oslos omfattende sykkelsatsing.<\/p>\n<p>\u2013 Byr\u00e5det har budsjettert med 312 millioner kroner til sykkeltiltak neste \u00e5r, nesten 100 millioner kroner mer enn til veivedlikehold. Det er en lavthengende frukt \u00e5 kutte i, sier Bj\u00f8rnevik, og p\u00e5peker:<\/p>\n<p>\u2013 Det er et tiltak som er b\u00e5de storsl\u00e5tt og un\u00f8dvendig luksus i en tid der bydeler m\u00e5 legge ned fritidsklubber, skoler foresl\u00e5s lagt ned og vi mangler sykehjemsplasser.<\/p>\n<p><b>Les ogs\u00e5: <\/b><a class=\"simple-relation related-teaser article--c-eRUmMG article--c-eRUmMG-fZoQSp-design-nettavisen article--c-eRUmMG-gwthdJ-cv\" href=\"https:\/\/www.nettavisen.no\/oslobudsjettet-null-kroner-a-fordele\/s\/5-95-2445527\" rel=\"nofollow noopener\" target=\"_blank\">Oslobudsjettet: \u2013 Null kroner \u00e5 fordele<\/a><\/p>\n<p>Kravet de har lagt fram i budsjettforhandlingene, er at alle planlagte, men ikke igangsatte sykkelprosjekter settes p\u00e5 vent.<\/p>\n<p>\u2013 Det er jo helt meningsl\u00f8st \u00e5 ha en sykkelstrategi der du ikke blir m\u00e5lt p\u00e5 hvor mange flere syklister du f\u00e5r, men det blir m\u00e5lt p\u00e5 hvor mange flere kilometer sykkelvei du bygger. Vi er sterkt kritiske til det, sier hun.<\/p>\n<p>   <img decoding=\"async\" width=\"3762\" height=\"2507\" fetchpriority=\"low\"  loading=\"lazy\"  src=\"https:\/\/www.europesays.com\/no\/wp-content\/uploads\/2025\/11\/NTB_G97hBrTpOs0.jpg\" alt=\"Et bilde av en syklist i Oslo sentrum.\" class=\"brick-c-cFOWSL\" style=\"--brick-image-ratio: 3762 \/ 2507;\"\/><\/p>\n<p>      KUTT: Frp vil stanse sykkelsatsingen i Oslo for \u00e5 finansiere gratis parkering.<br \/>\n      Foto: Berit Roald (NTB)\n    <\/p>\n<p>  \u2013 Fjern piggdekkavgiften<\/p>\n<p>Bj\u00f8rnevik mener det borgerlige byr\u00e5det rett og slett ligner for mye p\u00e5 det forrige byr\u00e5det.<\/p>\n<p>\u2013 Dessverre har vi ikke sett noe s\u00e6rlig linjeskifte i samferdselspolitikken med H\u00f8yre og Venstre i byr\u00e5d sammenlignet med da MDG styrte byen, sier hun, og samtidig legger til:<\/p>\n<p>\u2013 Mange savner nok bl\u00e5fargen i det sittende byr\u00e5det, spesielt i samferdselspolitikken.<\/p>\n<p><b>Frp vil ogs\u00e5 at flere sidegater \u00e5pnes for trafikk, og at piggdekkavgiften fjernes.<\/b><\/p>\n<p>Frp krever blant annet disse kuttene:<\/p>\n<ul>\n<li>Legge ned klimaetaten (24,7 millioner).<\/li>\n<li>Kutt i konsulentbruk (80 millioner).<\/li>\n<li>Fjerne piggdekkavgiften (35 millioner).<\/li>\n<li>Kutt i driftstilskudd til kunst og kultur (15 millioner).<\/li>\n<\/ul>\n<p>I fjor endte budsjettforhandlingene mellom byr\u00e5dspartiene og Frp med brudd, <a rel=\"Follow nofollow noopener\" href=\"https:\/\/www.nettavisen.no\/okonomi\/byradet-i-oslo-kan-bli-felt-frp-avgjor\/s\/5-95-2181105\" target=\"_blank\">men Frp reddet byr\u00e5det i siste sekund<\/a> og st\u00f8ttet ikke et forslag om mistillit.<\/p>\n<p>    Vil du se neste video?<\/p>\n<p>    <a href=\"https:\/\/www.nettavisen.no\/fredrik-solvang\/jonas-gahr-store\/debatten\/fredrik-solvang-himler-av-jonas-gahr-store-men-i-alle\/v\/5-95-2751917\" class=\"recommend-poster\" data-adp-clicklabel=\"video-recommend\" data-adp-clickvalue=\"poster\" rel=\"nofollow noopener\" target=\"_blank\"><br \/>\n      <img decoding=\"async\" width=\"200\" height=\"200\" loading=\"lazy\" src=\"https:\/\/www.europesays.com\/no\/wp-content\/uploads\/2025\/11\/Solvang+bredde.jpg\" alt=\"\" class=\"brick-c-cFOWSL\" style=\"--brick-image-ratio: 200 \/ 200;\"\/><\/p>\n<p>Himler av St\u00f8re: \u2013 Men i alle\u20261:06<\/p>\n<p>    <\/a><\/p>\n<p>        Frp er landets st\u00f8rste parti p\u00e5 en ny m\u00e5ling. Men tidl. Frp-topp Per Sandberg advarer likevel Frp-leder Sylvi Listahug.<br \/>\n        H\u00f8yre: \u2013 Kommenterer ikke<\/p>\n<p>H\u00f8yres gruppeleder i Oslo, Merete Agerbak-Jensen, \u00f8nsker imidlertid ikke \u00e5 kommentere Frps krav.<\/p>\n<p>\u2013 Det p\u00e5g\u00e5r for tiden budsjettforhandlinger, s\u00e5 vi i H\u00f8yre og Venstre kommenterer av prinsipp ikke temaene i disse, sier hun i en kommentar til Nettavisen.<\/p>\n<p>Venstres gruppeleder, Eili Vigestad Berge, \u00f8nsker heller ikke \u00e5 kommentere de p\u00e5g\u00e5ende forhandlingene.<\/p>\n<p>Fristen for \u00e5 bli enige om neste \u00e5rs Oslo-budsjett er satt til torsdag 4. desember.<\/p>\n","protected":false},"excerpt":{"rendered":"Intense forhandlinger p\u00e5g\u00e5r n\u00e5 mellom de borgerlige partiene om Oslo-budsjettet. I forhandlingene, som startet opp for en uke&hellip;\n","protected":false},"author":2,"featured_media":99764,"comment_status":"","ping_status":"","sticky":false,"template":"","format":"standard","meta":{"footnotes":""},"categories":[10],"tags":[20,21,24,25,15,22,23,13,30,28,29,14,16,26,27],"class_list":{"0":"post-99763","1":"post","2":"type-post","3":"status-publish","4":"format-standard","5":"has-post-thumbnail","7":"category-norge","8":"tag-breaking-news","9":"tag-breakingnews","10":"tag-featured-news","11":"tag-featurednews","12":"tag-headlines","13":"tag-latest-news","14":"tag-latestnews","15":"tag-news","16":"tag-no","17":"tag-norge","18":"tag-norway","19":"tag-nyheter","20":"tag-overskrifter","21":"tag-top-stories","22":"tag-topstories"},"share_on_mastodon":{"url":"https:\/\/pubeurope.com\/@no\/115632133312449789","error":""},"_links":{"self":[{"href":"https:\/\/www.europesays.com\/no\/wp-json\/wp\/v2\/posts\/99763","targetHints":{"allow":["GET"]}}],"collection":[{"href":"https:\/\/www.europesays.com\/no\/wp-json\/wp\/v2\/posts"}],"about":[{"href":"https:\/\/www.europesays.com\/no\/wp-json\/wp\/v2\/types\/post"}],"author":[{"embeddable":true,"href":"https:\/\/www.europesays.com\/no\/wp-json\/wp\/v2\/users\/2"}],"replies":[{"embeddable":true,"href":"https:\/\/www.europesays.com\/no\/wp-json\/wp\/v2\/comments?post=99763"}],"version-history":[{"count":0,"href":"https:\/\/www.europesays.com\/no\/wp-json\/wp\/v2\/posts\/99763\/revisions"}],"wp:featuredmedia":[{"embeddable":true,"href":"https:\/\/www.europesays.com\/no\/wp-json\/wp\/v2\/media\/99764"}],"wp:attachment":[{"href":"https:\/\/www.europesays.com\/no\/wp-json\/wp\/v2\/media?parent=99763"}],"wp:term":[{"taxonomy":"category","embeddable":true,"href":"https:\/\/www.europesays.com\/no\/wp-json\/wp\/v2\/categories?post=99763"},{"taxonomy":"post_tag","embeddable":true,"href":"https:\/\/www.europesays.com\/no\/wp-json\/wp\/v2\/tags?post=99763"}],"curies":[{"name":"wp","href":"https:\/\/api.w.org\/{rel}","templated":true}]}}