{"id":99767,"date":"2025-11-29T08:52:20","date_gmt":"2025-11-29T08:52:20","guid":{"rendered":"https:\/\/www.europesays.com\/no\/99767\/"},"modified":"2025-11-29T08:52:20","modified_gmt":"2025-11-29T08:52:20","slug":"nyheter-sport-henrik-kristoffersen-pa-pallen-i-usa","status":"publish","type":"post","link":"https:\/\/www.europesays.com\/no\/99767\/","title":{"rendered":"Nyheter, Sport | Henrik Kristoffersen p\u00e5 pallen i USA"},"content":{"rendered":"\n<p>Kristoffersen var 0,80 sekund bak ledende Brennsteiner etter den f\u00f8rste omgangen. Han ga alt i finalel\u00f8ypa og kom inn fem hundredeler foran Filip Zubicic, som hadde kj\u00f8rt seg opp fra 13.-plass og ledet lenge.<\/p>\n<p>Nordmannens tid sto seg mot de tre f\u00f8rste utfordrerne, men Brennsteiner innfridde som siste startende og tok sin f\u00f8rste verdenscupseier som 34-\u00e5ring.<\/p>\n<p>  <a href=\"https:\/\/www.rb.no\/5-43-2515261\" class=\"related-teaser has-image default-story-teaser article--c-eRUmMG article--c-eRUmMG-jKCPdD-design-default\" rel=\"nofollow noopener\" target=\"_blank\"><\/p>\n<p>    <img decoding=\"async\" loading=\"lazy\"  src=\"https:\/\/www.europesays.com\/no\/wp-content\/uploads\/2025\/11\/IMG_4300+%281%29.JPG\" alt=\"\" class=\"brick-c-cFOWSL\" style=\"\"\/><\/p>\n<p>\n            Les ogs\u00e5<\/p>\n<p>              Deler bilder fra den storstilte feiringen: \u2013 Dr\u00f8mmebryllup!\n        <\/p>\n<p>  <\/a><\/p>\n<p>Eirik Hystad Solberg kj\u00f8rte inn til 25.-plass i f\u00f8rste omgang og fikk starte tidlig i den andre. Med tredje beste omgangstid fikk han en oppl\u00f8ftende 14.-plass.<\/p>\n<p>Bare to av fem nordmenn tok seg videre fra den f\u00f8rste omgangen. Timon Haugan og Atle Lie McGrath ble felt av store feil etter \u00e5 ha levert tidlige mellomtider helt i toppsjiktet.<\/p>\n<p>Haugan innledet meget sterkt og ledet p\u00e5 f\u00f8rste mellomtid, men gjorde s\u00e5 en feil og forsvant ut av l\u00f8ypa f\u00f8r den neste.<\/p>\n<p>Da hadde ogs\u00e5 favoritten Marco Odermatt kj\u00f8rt ut. Sveitseren vant to av sesongens fire f\u00f8rste renn, og han ledet p\u00e5 2. mellomtid, men s\u00e5 kom han p\u00e5 innerski og skled ut av l\u00f8ypa.<\/p>\n<p>McGrath passerte likt med ledertiden omtrent midtveis i l\u00f8ypa f\u00f8r han kom for tett p\u00e5 en port og kj\u00f8rte ut. Han tok seg inn og fullf\u00f8rte, men l\u00f8pet var spolert, og han var sl\u00e5tt av lederen med nesten fire sekunder. Det ga 40.-plass.<\/p>\n<p>Oscar Andreas Sandvik kj\u00f8rte ut fra h\u00f8yt startnummer.<\/p>\n<p>  <a href=\"https:\/\/www.rb.no\/5-43-2442510\" class=\"related-teaser has-image default-story-teaser article--c-eRUmMG article--c-eRUmMG-jKCPdD-design-default\" rel=\"nofollow noopener\" target=\"_blank\"><\/p>\n<p>    <img decoding=\"async\" loading=\"lazy\"  src=\"https:\/\/www.europesays.com\/no\/wp-content\/uploads\/2025\/11\/cueres_scp-uitwdttbwie_uiTWDTtBWiE.jpg\" alt=\"\" class=\"brick-c-cFOWSL\" style=\"\"\/><\/p>\n<p>\n            Les ogs\u00e5<\/p>\n<p>              \u00c5penhjertig Kristoffersen etter seieren: \u2013 Jeg vet ikke om jeg orker dette mer\n        <\/p>\n<p>  <\/a><\/p>\n","protected":false},"excerpt":{"rendered":"Kristoffersen var 0,80 sekund bak ledende Brennsteiner etter den f\u00f8rste omgangen. Han ga alt i finalel\u00f8ypa og kom&hellip;\n","protected":false},"author":2,"featured_media":99768,"comment_status":"","ping_status":"","sticky":false,"template":"","format":"standard","meta":{"footnotes":""},"categories":[59],"tags":[249,36,9794,30,28,29,14,83,82,1510],"class_list":{"0":"post-99767","1":"post","2":"type-post","3":"status-publish","4":"format-standard","5":"has-post-thumbnail","7":"category-sport","8":"tag-alpint","9":"tag-art","10":"tag-henrik-kristoffersen","11":"tag-no","12":"tag-norge","13":"tag-norway","14":"tag-nyheter","15":"tag-sport","16":"tag-sports","17":"tag-story"},"share_on_mastodon":{"url":"https:\/\/pubeurope.com\/@no\/115632141217656731","error":""},"_links":{"self":[{"href":"https:\/\/www.europesays.com\/no\/wp-json\/wp\/v2\/posts\/99767","targetHints":{"allow":["GET"]}}],"collection":[{"href":"https:\/\/www.europesays.com\/no\/wp-json\/wp\/v2\/posts"}],"about":[{"href":"https:\/\/www.europesays.com\/no\/wp-json\/wp\/v2\/types\/post"}],"author":[{"embeddable":true,"href":"https:\/\/www.europesays.com\/no\/wp-json\/wp\/v2\/users\/2"}],"replies":[{"embeddable":true,"href":"https:\/\/www.europesays.com\/no\/wp-json\/wp\/v2\/comments?post=99767"}],"version-history":[{"count":0,"href":"https:\/\/www.europesays.com\/no\/wp-json\/wp\/v2\/posts\/99767\/revisions"}],"wp:featuredmedia":[{"embeddable":true,"href":"https:\/\/www.europesays.com\/no\/wp-json\/wp\/v2\/media\/99768"}],"wp:attachment":[{"href":"https:\/\/www.europesays.com\/no\/wp-json\/wp\/v2\/media?parent=99767"}],"wp:term":[{"taxonomy":"category","embeddable":true,"href":"https:\/\/www.europesays.com\/no\/wp-json\/wp\/v2\/categories?post=99767"},{"taxonomy":"post_tag","embeddable":true,"href":"https:\/\/www.europesays.com\/no\/wp-json\/wp\/v2\/tags?post=99767"}],"curies":[{"name":"wp","href":"https:\/\/api.w.org\/{rel}","templated":true}]}}