{"id":99777,"date":"2025-11-29T09:05:18","date_gmt":"2025-11-29T09:05:18","guid":{"rendered":"https:\/\/www.europesays.com\/no\/99777\/"},"modified":"2025-11-29T09:05:18","modified_gmt":"2025-11-29T09:05:18","slug":"det-norske-eu-paradokset-e24","status":"publish","type":"post","link":"https:\/\/www.europesays.com\/no\/99777\/","title":{"rendered":"Det norske EU-paradokset \u2013 E24"},"content":{"rendered":"<p><img decoding=\"async\" class=\"image-asset hyperion-css-ywy1g\" data-test-tag=\"image-asset\" src=\"https:\/\/www.europesays.com\/no\/wp-content\/uploads\/2025\/11\/2173748c-bc2e-4001-ad5a-13d9fa5b52d2\"  alt=\"UTENFOR. Tidligere utenriksminister B\u00f8rge Brende med det norske flagget og EU-flagget. \"  loading=\"eager\" fetchpriority=\"high\" style=\"aspect-ratio:1900 \/ 1025\"\/>UTENFOR. Tidligere utenriksminister B\u00f8rge Brende med det norske flagget og EU-flagget. Foto: ODD ANDERSEN \/ AFP \/ NTB<\/p>\n<p class=\"fullWidthDesktop hyperion-css-e9w8te\" data-test-tag=\"lead-text\">EU kan bli viktigere, men veien til medlemskap vanskeligere. <\/p>\n<p><img decoding=\"async\" src=\"https:\/\/www.europesays.com\/no\/wp-content\/uploads\/2025\/08\/signert-signatur.png\"  alt=\"Torbj\u00f8rn R\u00f8e Isaksen signatur\" class=\"hyperion-css-qcw855\" style=\"aspect-ratio:175\/49\"\/><img decoding=\"async\" src=\"https:\/\/www.europesays.com\/no\/wp-content\/uploads\/2025\/08\/signert-signatur-dark-mode.png\"  alt=\"Torbj\u00f8rn R\u00f8e Isaksen signatur\" class=\"hyperion-css-1ynjkiy\"\/>Publisert:<\/p>\n<p>For mindre enn 2 timer siden<\/p>\n<p><img decoding=\"async\" src=\"https:\/\/www.europesays.com\/no\/wp-content\/uploads\/2025\/08\/signert-karikatur.png\"  alt=\"Torbj\u00f8rn R\u00f8e Isaksen karikatur\" class=\"hyperion-css-k6q1y1\" style=\"aspect-ratio:150\/140\"\/><\/p>\n<p>Dette er en kommentar<\/p>\n<p> Kommentaren gir uttrykk for skribentens holdning.<\/p>\n<p class=\"hyperion-css-1lemvax\">Hvis man er skikkelig, skikkelig, skikkelig for EU, er det nok fristende \u00e5 lete etter tegn p\u00e5 at opinionen glir mot ja. Det v\u00e6re seg etter <a data-test-tag=\"internal-link\" href=\"https:\/\/e24.no\/naeringsliv\/i\/aJ17R5\/paa-alles-lepper-noe-vi-alle-tar-for-gitt\" class=\"hyperion-css-1rezu2g\" rel=\"nofollow noopener\" target=\"\" aria-label=\"beskyttelsestiltakene \" theme=\"default_opinion_signed_by\">beskyttelsestiltakene <\/a>mot jernlegeringer eller at Ine Eriksen S\u00f8reide, som trolig blir ny H\u00f8yre-leder, <a aria-label=\"snakker h\u00f8yt \" class=\"default_opinion_signed_by hyperion-css-1rezu2g\" href=\"https:\/\/www.dn.no\/leder\/eu\/eu-debatt\/hoyre\/eu-dronningen-soreide\/2-1-1897800\" rel=\"noopener nofollow noreferrer\" data-test-tag=\"external-link\" target=\"_blank\">snakker h\u00f8yt <\/a>om Europa. <\/p>\n<p class=\"hyperion-css-1lemvax\">Det m\u00e5 virke litt naturstridig at det skjer s\u00e5 mye ute i den store verden, uten at det fundamentalt rokker ved nei-majoriteten i befolkningen.<\/p>\n<p class=\"hyperion-css-1lemvax\"><strong>Det er Norges EU-paradoks: Argumentene for EU blir sterkere i en urolig verden, samtidig blir ja-sidens motbakke brattere. <\/strong><\/p>\n<p class=\"hyperion-css-1lemvax\">At verden er mer urolig, er i ferd med \u00e5 bli en klisj\u00e9. Like fullt: N\u00e5r Kina blir mer dominerende, USA trekker seg tilbake fra Europa og nye stormakter som India vil ha en plass ved bordet, blir EU viktigere. <\/p>\n<ul class=\"hyperion-css-pkq1ci\" data-test-tag=\"list\">\n<li class=\"hyperion-css-12h2ush\">Ingen andre er i n\u00e6rheten av Kina og USA n\u00e5r det kommer til \u00f8konomisk kraft. <\/li>\n<li class=\"hyperion-css-12h2ush\">I sikkerhetspolitikken blir EU viktigere bla. fordi verdens\u00f8konomien er blitt en av arenaene for <a data-test-tag=\"internal-link\" href=\"https:\/\/e24.no\/internasjonal-oekonomi\/i\/VPzX93\/sikkerhetspolitikken-endrer-alt\" class=\"hyperion-css-1rezu2g\" rel=\"nofollow noopener\" target=\"\" aria-label=\"stormaktsrivalisering.\" theme=\"default_opinion_signed_by\">stormaktsrivalisering.<\/a><\/li>\n<li class=\"hyperion-css-12h2ush\">Et mer aggressivt Russlands krever en politisk koordinering i Europa. <\/li>\n<\/ul>\n<p class=\"hyperion-css-1lemvax\">Alt dette tilsier at EUs rolle blir mer sentral. <\/p>\n<p><img decoding=\"async\" class=\"image-asset hyperion-css-u06ts1\" data-test-tag=\"image-asset\" src=\"https:\/\/www.europesays.com\/no\/wp-content\/uploads\/2025\/11\/48d0d4cf-5797-4639-8b69-5b04fd728366\"  alt=\"DRONNINGENE. Nei-dronning Anne Enger Lahnstein (Sp) og Ja-dronning Gro Harlem Brundtland i 1994. \"  loading=\"eager\" fetchpriority=\"high\" style=\"aspect-ratio:1900 \/ 1250\"\/>DRONNINGENE. Nei-dronning Anne Enger Lahnstein (Sp) og Ja-dronning Gro Harlem Brundtland i 1994. Foto: Tore Berntsen \/ VG \/ NTB<a data-test-tag=\"teaser-small:link-internal\" href=\"https:\/\/e24.no\/norsk-oekonomi\/i\/VPklM4\/groenn-og-gal-ja-til-eu\" class=\"imagePosition-top inline hyperion-css-6238vu\" rel=\"nofollow noopener\" target=\"\" aria-label=\"Gr\u00f8nn og Gal ja til EU\"><\/p>\n<p>Les p\u00e5 E24+<\/p>\n<p>Gr\u00f8nn og Gal ja til EU<\/p>\n<p><\/a><\/p>\n<p class=\"hyperion-css-1lemvax\"><strong>Norsk opinion er selvf\u00f8lgelig ikke immun mot store verdensbegivenheter. <\/strong><\/p>\n<p class=\"hyperion-css-1lemvax\">Invasjonen av Ukraina gjorde for eksempel at ja-siden styrket seg, men grunnleggende sett tror jeg det blir vanskeligere for tilhengerne av medlemskap de neste \u00e5rene. <\/p>\n<p class=\"hyperion-css-1lemvax\">Den st\u00f8rste barrieren er historiens mest vellykkede husmannskontrakt. E\u00d8S-avtalen gj\u00f8r oss i praksis til \u00f8konomiske medlemmer av EU. I hvert fall nesten. Og \u00f8konomi har alltid v\u00e6rt tilhengernes sterkeste kort. Med E\u00d8S er det kortet tatt ut av spillet. <\/p>\n<p class=\"hyperion-css-1lemvax\"><strong>Samtidig er dynamikken mellom de to sidene i endring, men ja-siden har i bunn og grunn bare f\u00e5tt mer av det hadde fra f\u00f8r. <\/strong><\/p>\n<p class=\"hyperion-css-1lemvax\">Siden 1994 har Venstre og Milj\u00f8partiet blitt EU-tilhengere; to partier som prim\u00e6rt henter urbane, utdannede byvelgere, og begge har tyngdepunkt i Oslo. Det vil si mer av det samme. <\/p>\n<p class=\"hyperion-css-1lemvax\">Nei-siden p\u00e5 sin side har konsolidert seg i LO, hvor appetitten p\u00e5 en ny EU-debatt virker minimal. Organisasjonen har snarere brukt mye tid p\u00e5 \u00e5 <a data-test-tag=\"internal-link\" href=\"https:\/\/e24.no\/naeringsliv\/i\/258odr\/fellesforbundet-vil-skrote-eoes-avtalen-hvis-staten-taper\" class=\"hyperion-css-1rezu2g\" rel=\"nofollow noopener\" target=\"\" aria-label=\"sl\u00e5 tilbake \" theme=\"default_opinion_signed_by\">sl\u00e5 tilbake <\/a>E\u00d8S-motstandere i Fellesforbundet, hvis forbundsleder Kjell Bj\u00f8rndalen var en av de sentrale EU-tilhengerne i 1994. <\/p>\n<p class=\"hyperion-css-1lemvax\">P\u00e5 samme tid \u00f8ker EU-motstanden \u00f8ker p\u00e5 h\u00f8yresiden. V\u00e5r neste <a data-test-tag=\"internal-link\" href=\"https:\/\/e24.no\/norsk-oekonomi\/i\/dRB21J\/den-nye-nei-siden\" class=\"hyperion-css-1rezu2g\" rel=\"nofollow noopener\" target=\"\" aria-label=\"Nei-dronning kan bli Sylvi Listhaug\" theme=\"default_opinion_signed_by\">Nei-dronning kan bli Sylvi Listhaug<\/a>.<\/p>\n<p><img decoding=\"async\" class=\"image-asset hyperion-css-u06ts1\" data-test-tag=\"image-asset\" src=\"https:\/\/www.europesays.com\/no\/wp-content\/uploads\/2025\/11\/f1aaac31-9cd2-4ef1-b4dd-0bbc0c128870\"  alt=\"WHO YOU GONNA CALL? Henry Kissinger, tidligere sikkerhetsr\u00e5dgiver og utenriksminister i USA, stilte et sp\u00f8rsm\u00e5l som fortsatt er ubesvart. \"  loading=\"eager\" fetchpriority=\"high\" style=\"aspect-ratio:1900 \/ 1461\"\/>WHO YOU GONNA CALL? Henry Kissinger, tidligere sikkerhetsr\u00e5dgiver og utenriksminister i USA, stilte et sp\u00f8rsm\u00e5l som fortsatt er ubesvart. Foto: Anonymous \/ AP \/ NTB<\/p>\n<p class=\"hyperion-css-1lemvax\"><strong>EU sliter p\u00e5 sin side med sitt eget paradoks: Jo mer en usikker verden \u00abkrever\u00bb et sterkere EU, jo mindre kan EU bli i stand til \u00e5 gj\u00f8re jobben. <\/strong><\/p>\n<p class=\"hyperion-css-1lemvax\">Hva som skjer i EU, henger tett sammen med hva som skjer i medlemslandene. Frankrike er i en langvarig styringskrise og har presidentvalg i 2027. Kandidaten fra det harde h\u00f8yres Nasjonal samling (Rassemblement national) ligger best an. Samme \u00e5r har ogs\u00e5 Polen og Spania valg. <\/p>\n<p class=\"hyperion-css-1lemvax\">Tysklands koalisjonsregjering humper videre, mens Alternativ for Tyskland vokser p\u00e5 m\u00e5lingene. <\/p>\n<p class=\"hyperion-css-1lemvax\">EU sliter med politisk retning. Etter \u00e5 ha brukt mye tid og energi p\u00e5 omfattende reguleringsregimer knyttet til klima og big tech, kom<a data-test-tag=\"internal-link\" href=\"https:\/\/e24.no\/internasjonal-oekonomi\/i\/8qny2A\/mener-europa-er-akterutseilt-et-gamlehjem\" class=\"hyperion-css-1rezu2g\" rel=\"nofollow noopener\" target=\"\" aria-label=\" Draghi-rapporten\" theme=\"default_opinion_signed_by\"> Draghi-rapporten<\/a> og advarte mot at Europa var i ferd med \u00e5 knele under vekten av sine egne gode intensjoner. <\/p>\n<p class=\"hyperion-css-1lemvax\"><strong>Henry Kissingers gamle sp\u00f8rsm\u00e5l \u00abhvem skal jeg ringe til hvis jeg \u00f8nsker \u00e5 ringe Europa?\u00bb er fremdeles ubesvart.<\/strong> <\/p>\n<p class=\"hyperion-css-1lemvax\">Hvis EU skal f\u00e5 mer makt til \u00e5 forme strategi og politikk, m\u00e5 de ta nye steg i retning av \u00abstadig tettere union\u00bb p\u00e5 bekostning av nasjonale hovedsteder. Men nettopp en slik utvikling bidrar til \u00e5 piske opp misn\u00f8yen mot EU, s\u00e6rlig hos det harde h\u00f8yre. <\/p>\n<p class=\"hyperion-css-1lemvax\">At en urolig verden p\u00e5 papiret gj\u00f8r EU viktigere, er ikke det samme som at unionen vil fremst\u00e5 som en st\u00f8dig skipper med kontroll. <\/p>\n<p><a data-test-tag=\"teaser-small:link-internal\" href=\"https:\/\/e24.no\/naeringsliv\/i\/5BolRK\/arbeidsfolkene-som-forsvant\" class=\"imagePosition-top inline hyperion-css-6238vu\" rel=\"nofollow noopener\" target=\"\" aria-label=\"Arbeidsfolkene som forsvant\"><\/p>\n<p>Les p\u00e5 E24+<\/p>\n<p>Arbeidsfolkene som forsvant<\/p>\n<p><\/a><\/p>\n<p class=\"hyperion-css-1q1vls4\">Tror du Norge blir med i EU de neste ti \u00e5rene?<\/p>\n<p class=\"hyperion-css-1lemvax\"><strong>H\u00e5pet for ja-siden ligger derfor f\u00f8rst og fremst i at EU-medlemskap igjen blir et sp\u00f8rsm\u00e5l om \u00f8konomi. Paradoksalt nok vil det bety at det m\u00e5 bli st\u00f8rre usikkerhet om E\u00d8S-avtalen f\u00f8rst. <\/strong><\/p>\n<p class=\"hyperion-css-1lemvax\">S\u00e5 vidt jeg husker, var sist EU-tilhengerne hadde flertall da Norges Bank hadde satt opp renten, kronen styrket seg og industrien mistet arbeidsplasser. Det var p\u00e5 begynnelsen av 2000-tallet. <\/p>\n<p class=\"hyperion-css-1lemvax\">NHO<a aria-label=\" m\u00e5ler jevnlig \" class=\"default_opinion_signed_by hyperion-css-1rezu2g\" href=\"https:\/\/www.nho.no\/contentassets\/2329106e72784aa4a5d6fba1e87bbd49\/q2-2025-holdninger-til-norges-internasjonale-samarbeid---tema-valgspesial-v2-3.pdf\" rel=\"noopener nofollow noreferrer\" data-test-tag=\"external-link\" target=\"_blank\"> m\u00e5ler jevnlig <\/a>det norske folks holdninger til handel, E\u00d8S og EU. Ingen steder er folk mer opptatt av koblingen mellom handel og lokale arbeidsplasser enn langs kysten. Ingen steder er den bevisstheten st\u00f8rre enn i Frp-bastionen M\u00f8re og Romsdal. <\/p>\n<p class=\"hyperion-css-1lemvax\">Hvis den \u00f8konomiske usikkerheten \u00f8ker, kan det vri opinionen i ja-retning. Kanskje. Men da m\u00e5 mer enn litt h\u00f8yere pris p\u00e5 jernlegeringer st\u00e5 p\u00e5 spill. <\/p>\n<p><a data-test-tag=\"teaser-small:link-internal\" href=\"https:\/\/e24.no\/norsk-oekonomi\/i\/dRB21J\/den-nye-nei-siden\" class=\"imagePosition-top inline hyperion-css-6238vu\" rel=\"nofollow noopener\" target=\"\" aria-label=\"Den nye nei-siden\"><\/p>\n<p>Les p\u00e5 E24+<\/p>\n<p>Den nye nei-siden<\/p>\n<p><\/a><a data-test-tag=\"teaser-small:link-internal\" href=\"https:\/\/e24.no\/internasjonal-oekonomi\/i\/9ze81q\/den-store-statens-comeback\" class=\"imagePosition-top inline hyperion-css-6238vu\" rel=\"nofollow noopener\" target=\"\" aria-label=\"Den store statens comeback\"><\/p>\n<p>Les p\u00e5 E24+<\/p>\n<p>Den store statens comeback<\/p>\n<p><\/a><\/p>\n","protected":false},"excerpt":{"rendered":"UTENFOR. Tidligere utenriksminister B\u00f8rge Brende med det norske flagget og EU-flagget. Foto: ODD ANDERSEN \/ AFP \/ NTB&hellip;\n","protected":false},"author":2,"featured_media":99778,"comment_status":"","ping_status":"","sticky":false,"template":"","format":"standard","meta":{"footnotes":""},"categories":[10],"tags":[20,21,24,25,15,22,23,13,30,28,29,14,16,26,27],"class_list":{"0":"post-99777","1":"post","2":"type-post","3":"status-publish","4":"format-standard","5":"has-post-thumbnail","7":"category-norge","8":"tag-breaking-news","9":"tag-breakingnews","10":"tag-featured-news","11":"tag-featurednews","12":"tag-headlines","13":"tag-latest-news","14":"tag-latestnews","15":"tag-news","16":"tag-no","17":"tag-norge","18":"tag-norway","19":"tag-nyheter","20":"tag-overskrifter","21":"tag-top-stories","22":"tag-topstories"},"share_on_mastodon":{"url":"https:\/\/pubeurope.com\/@no\/115632191976987343","error":""},"_links":{"self":[{"href":"https:\/\/www.europesays.com\/no\/wp-json\/wp\/v2\/posts\/99777","targetHints":{"allow":["GET"]}}],"collection":[{"href":"https:\/\/www.europesays.com\/no\/wp-json\/wp\/v2\/posts"}],"about":[{"href":"https:\/\/www.europesays.com\/no\/wp-json\/wp\/v2\/types\/post"}],"author":[{"embeddable":true,"href":"https:\/\/www.europesays.com\/no\/wp-json\/wp\/v2\/users\/2"}],"replies":[{"embeddable":true,"href":"https:\/\/www.europesays.com\/no\/wp-json\/wp\/v2\/comments?post=99777"}],"version-history":[{"count":0,"href":"https:\/\/www.europesays.com\/no\/wp-json\/wp\/v2\/posts\/99777\/revisions"}],"wp:featuredmedia":[{"embeddable":true,"href":"https:\/\/www.europesays.com\/no\/wp-json\/wp\/v2\/media\/99778"}],"wp:attachment":[{"href":"https:\/\/www.europesays.com\/no\/wp-json\/wp\/v2\/media?parent=99777"}],"wp:term":[{"taxonomy":"category","embeddable":true,"href":"https:\/\/www.europesays.com\/no\/wp-json\/wp\/v2\/categories?post=99777"},{"taxonomy":"post_tag","embeddable":true,"href":"https:\/\/www.europesays.com\/no\/wp-json\/wp\/v2\/tags?post=99777"}],"curies":[{"name":"wp","href":"https:\/\/api.w.org\/{rel}","templated":true}]}}