{"id":99784,"date":"2025-11-29T09:18:15","date_gmt":"2025-11-29T09:18:15","guid":{"rendered":"https:\/\/www.europesays.com\/no\/99784\/"},"modified":"2025-11-29T09:18:15","modified_gmt":"2025-11-29T09:18:15","slug":"benader-narkodomt-eks-president-en-han","status":"publish","type":"post","link":"https:\/\/www.europesays.com\/no\/99784\/","title":{"rendered":"Ben\u00e5der narkod\u00f8mt eks-president: &#8211; En h\u00e5n"},"content":{"rendered":"<p>  Donald Trump vil ben\u00e5de Honduras\u2019 tidligere president \u2013 d\u00f8mt for massiv kokainsmugling. Det skaper sterke reaksjoner.\u00a0<\/p>\n<p>\n    SKAPER REAKSJONER: USAs president Donald Trump. Foto: Alex Brandon\/AP\/NTB\n  <\/p>\n<p>&#8211; Han har, if\u00f8lge mange mennesker jeg har stor respekt for, blitt behandlet sv\u00e6rt hardt og urettferdig, skriver Trump i en melding p\u00e5\u00a0<a href=\"https:\/\/truthsocial.com\/@realDonaldTrump\/115629406693931908\" rel=\"nofollow noopener\" target=\"_blank\">Truth Social<\/a>.<\/p>\n<p>Trump vil derfor ben\u00e5de Juan OrlandoHernandez, Honduras&#8217; tidligere president som soner en fengselsstraff p\u00e5 45 \u00e5r i USA for narkosmugling.<\/p>\n<p>En domstol i New York d\u00f8mte Hernandez i mars 2024 for \u00e5 ha bidratt i smuglingen av hundrevis av tonn kokain siden 2004, lenge f\u00f8r han ble president. Narkotikaen kom hovedsakelig fra Colombia og Venezuela til USA via Honduras.<\/p>\n<p>          <img loading=\"lazy\" decoding=\"async\" src=\"https:\/\/www.europesays.com\/no\/wp-content\/uploads\/2025\/11\/83915986.webp\" width=\"980\" height=\"559\" title=\"BEN\u00c5DES: Tidligere president i Honduras, Juan Orlando Hernandez, ble utlevert til USA i april 2022, f\u00e5 uker etter at hans andre presidentperiode var over. Foto: Elmer Martinez \/ AP \/ NTB\" alt=\"\" class=\"\" style=\"--aspect-ratio-image: 1.75; \"\/><\/p>\n<p>\n          BEN\u00c5DES: Tidligere president i Honduras, Juan Orlando Hernandez, ble utlevert til USA i april 2022, f\u00e5 uker etter at hans andre presidentperiode var over. Foto: Elmer Martinez \/ AP \/ NTB\n      <\/p>\n<p>Han ble d\u00f8mt for \u00e5 ha mottatt bestikkelser for \u00e5 beskytte narkotikaforsendelser til USA \u2013 for kriminelle som han hadde et offentlig uttalt m\u00e5l om \u00e5 bekjempe.<\/p>\n<p>Tidligere justisminister i USA, Merrick Garland, sa i fjor at Hernandez hadde misbrukt sin makt til \u00e5 st\u00f8tte en av de st\u00f8rste og mest voldelige narkokartellene i verden.<\/p>\n<p>Ben\u00e5dningen skjer samtidig som Trump er midt i en intens kamp mot det han kaller narkoterrorister som frakter narkotika inn i USA<\/p>\n<p>USA har blant annet drept over 80 mennesker i angrep mot p\u00e5st\u00e5tte smuglerb\u00e5ter siden september.\u00a0<\/p>\n<p>    <a itemprop=\"url\" href=\"https:\/\/www.dagbladet.no\/nyheter\/nye-detaljer-ryster-veldig-sjokkerende\/83915930\" rel=\"nofollow noopener\" target=\"_blank\"><\/p>\n<p>      <img loading=\"lazy\" decoding=\"async\" src=\"https:\/\/www.europesays.com\/no\/wp-content\/uploads\/2025\/11\/83915955.webp\" width=\"980\" height=\"441\" title=\"Nye detaljer ryster: - Veldig sjokkerende\" alt=\"\" class=\"lazyload\" style=\"--aspect-ratio-image: 2.22; \"\/><\/p>\n<p>        Nye detaljer ryster: &#8211; Veldig sjokkerende<\/p>\n<p>    <\/a><\/p>\n<p>Flere amerikanske politikere reagerer sterkt p\u00e5 Trumps ben\u00e5dning:<\/p>\n<p>&#8211; Hernandez er ansvarlig for utallige amerikanske d\u00f8dsfall \u2013 og vil n\u00e5 bli ben\u00e5det av Donald Trump. Ikke fortell meg at Donald Trump dreper folk i b\u00e5ter i Karibia for \u00e5 stoppe narkotikasmugling, skriver kongressrepresentant Joaquin Castro fra Texas p\u00e5 X.<\/p>\n<p>California-demokrat Norma Torres fyrer ogs\u00e5:<\/p>\n<p>&#8211; Hern\u00e1ndez burde ALDRI ben\u00e5des. Trump vil da skjerme en voldelig narkobaron som oversv\u00f8mte lokalsamfunnene v\u00e5re med kokain, stjal skattepenger og terroriserte Honduras. \u00c5 ben\u00e5de ham visker bort \u00e5r med arbeid og er en h\u00e5n mot hvert eneste offer for hans forbrytelser, skriver Torres p\u00e5 X.\u00a0<\/p>\n<p>        HARDT UT: Donald Trump langet ut mot en reporter i Det hvite hus, like etter at han bekreftet at den 20 \u00e5r gamle nasjonalgarde-soldaten Sarah Beckstrom d\u00f8de av skadene hun fikk etter skytingen i n\u00e6rheten av Det hvite hus onsdag. Reporter: Jostein Sletten \/ Dagbladet<\/p>\n<p>Trumps Truth Social-innlegg er egentlig en st\u00f8tteerkl\u00e6ring til Nasry Asfura i presidentvalget i Honduras, bare f\u00e5 dager f\u00f8r valget.<\/p>\n<p>Asfura tilh\u00f8rer Hernandez&#8217; sterkt h\u00f8yreorienterte parti, men Asfura tar selv avstand fra ham, skriver NTB.\u00a0<\/p>\n<p>&#8211; Jeg har ingen forbindelser med Hernandez. Han var president, partiet har ingen ansvar for hans personlige handlinger, sier Asfura til AFP etter at ben\u00e5dingen ble kjent.<\/p>\n","protected":false},"excerpt":{"rendered":"Donald Trump vil ben\u00e5de Honduras\u2019 tidligere president \u2013 d\u00f8mt for massiv kokainsmugling. Det skaper sterke reaksjoner.\u00a0 SKAPER REAKSJONER:&hellip;\n","protected":false},"author":2,"featured_media":99785,"comment_status":"","ping_status":"","sticky":false,"template":"","format":"standard","meta":{"footnotes":""},"categories":[12],"tags":[20,21,55,24,25,15,12725,22,23,13,30,28,29,14,16,26,27,50,412,42,43,44,45],"class_list":{"0":"post-99784","1":"post","2":"type-post","3":"status-publish","4":"format-standard","5":"has-post-thumbnail","7":"category-verden","8":"tag-breaking-news","9":"tag-breakingnews","10":"tag-donald-trump","11":"tag-featured-news","12":"tag-featurednews","13":"tag-headlines","14":"tag-honduras","15":"tag-latest-news","16":"tag-latestnews","17":"tag-news","18":"tag-no","19":"tag-norge","20":"tag-norway","21":"tag-nyheter","22":"tag-overskrifter","23":"tag-top-stories","24":"tag-topstories","25":"tag-usa","26":"tag-utenriks","27":"tag-verden","28":"tag-world","29":"tag-world-news","30":"tag-worldnews"},"share_on_mastodon":{"url":"https:\/\/pubeurope.com\/@no\/115632243572685071","error":""},"_links":{"self":[{"href":"https:\/\/www.europesays.com\/no\/wp-json\/wp\/v2\/posts\/99784","targetHints":{"allow":["GET"]}}],"collection":[{"href":"https:\/\/www.europesays.com\/no\/wp-json\/wp\/v2\/posts"}],"about":[{"href":"https:\/\/www.europesays.com\/no\/wp-json\/wp\/v2\/types\/post"}],"author":[{"embeddable":true,"href":"https:\/\/www.europesays.com\/no\/wp-json\/wp\/v2\/users\/2"}],"replies":[{"embeddable":true,"href":"https:\/\/www.europesays.com\/no\/wp-json\/wp\/v2\/comments?post=99784"}],"version-history":[{"count":0,"href":"https:\/\/www.europesays.com\/no\/wp-json\/wp\/v2\/posts\/99784\/revisions"}],"wp:featuredmedia":[{"embeddable":true,"href":"https:\/\/www.europesays.com\/no\/wp-json\/wp\/v2\/media\/99785"}],"wp:attachment":[{"href":"https:\/\/www.europesays.com\/no\/wp-json\/wp\/v2\/media?parent=99784"}],"wp:term":[{"taxonomy":"category","embeddable":true,"href":"https:\/\/www.europesays.com\/no\/wp-json\/wp\/v2\/categories?post=99784"},{"taxonomy":"post_tag","embeddable":true,"href":"https:\/\/www.europesays.com\/no\/wp-json\/wp\/v2\/tags?post=99784"}],"curies":[{"name":"wp","href":"https:\/\/api.w.org\/{rel}","templated":true}]}}