{"id":99793,"date":"2025-11-29T09:37:14","date_gmt":"2025-11-29T09:37:14","guid":{"rendered":"https:\/\/www.europesays.com\/no\/99793\/"},"modified":"2025-11-29T09:37:14","modified_gmt":"2025-11-29T09:37:14","slug":"anmeldelse-flekkefjord-halvannen-time-med-undring-og-beundring","status":"publish","type":"post","link":"https:\/\/www.europesays.com\/no\/99793\/","title":{"rendered":"Anmeldelse, Flekkefjord | Halvannen time med undring og beundring"},"content":{"rendered":"\n<p>Alexx Alexxander feirer 25 \u00e5r p\u00e5 scenen, og i \u00abThe Magic of Alexx Alexxander 2.0\u00bb viser han tydelig hvorfor han fortsatt st\u00e5r i toppsjiktet av internasjonal underholdning. Forestillingen er en energifylt blanding av spektakul\u00e6re illusjoner, humor og sjarm \u2013 og publikum blir sugd inn i universet fra f\u00f8rste \u00f8yeblikk.<\/p>\n<p>Det var ikke et ledig sete \u00e5 oppdrive i Flekkefjord Kultursenter Spira fredag kveld. Og det var en skj\u00f8nn blanding av helt unge, voksne og eldre som benket seg i storsalen for \u00e5 f\u00e5 med seg magikeren.<\/p>\n<p>   <img decoding=\"async\" width=\"3024\" height=\"4032\" fetchpriority=\"low\"  loading=\"lazy\"  src=\"https:\/\/www.europesays.com\/no\/wp-content\/uploads\/2025\/11\/IMG_9204.JPG\" alt=\"\" class=\"brick-c-cFOWSL\" style=\"--brick-image-ratio: 3024 \/ 4032;\"\/><\/p>\n<p>Det som virkelig skiller Alexx fra andre illusjonister, er m\u00e5ten han involverer publikum p\u00e5. Han fl\u00f8rter lekent med salen, kommenterer med glimt i \u00f8yet og inviterer b\u00e5de unge og voksne med inn i magien. Denne joviale og varme fremferden gj\u00f8r at selv de st\u00f8rste illusjonene f\u00f8les personlige, nesten intime, som om de er laget akkurat for oss som sitter i salen.<\/p>\n<p>Showet byr p\u00e5 et imponerende spenn: Svevende personer, forsvinningsnumre og illusjoner som f\u00e5r publikum til \u00e5 gispe \u2013 inkludert det ber\u00f8mte trikset der Alexx splitter seg selv i to. Det hele presenteres med en profesjonalitet og et tempo som vitner om at han har tilbrakt \u00e5r i verdens underholdningsmetropoler.<\/p>\n<p>Men det er \u00f8yeblikkene mellom triksene som gj\u00f8r forestillingen s\u00e5 minneverdig. N\u00e5r Alexx snakker direkte til publikum, n\u00e5r latteren brer seg i salen, og n\u00e5r alle \u2013 barn som voksne \u2013 sitter ytterst p\u00e5 stolene med forventning i blikket. Han har en sjelden evne til \u00e5 bygge ekte kontakt, og det b\u00e6rer hele showet.<\/p>\n<p>At Flekkefjord var siste stopp p\u00e5 turneen, gjorde kvelden ekstra spesiell. Det var en skj\u00f8nn blanding av Hollywood-glans, Las Vegas-illusjoner og en varm, norsk historieforteller i sitt ess.<\/p>\n<p>Det ble halvannen time med begeistring, undring og forundring.<\/p>\n","protected":false},"excerpt":{"rendered":"Alexx Alexxander feirer 25 \u00e5r p\u00e5 scenen, og i \u00abThe Magic of Alexx Alexxander 2.0\u00bb viser han tydelig&hellip;\n","protected":false},"author":2,"featured_media":99794,"comment_status":"","ping_status":"","sticky":false,"template":"","format":"standard","meta":{"footnotes":""},"categories":[58],"tags":[118,36,71,573,410,30,28,29,1881,72],"class_list":{"0":"post-99793","1":"post","2":"type-post","3":"status-publish","4":"format-standard","5":"has-post-thumbnail","7":"category-underholdning","8":"tag-anmeldelse","9":"tag-art","10":"tag-entertainment","11":"tag-flekkefjord","12":"tag-kultur","13":"tag-no","14":"tag-norge","15":"tag-norway","16":"tag-review","17":"tag-underholdning"},"share_on_mastodon":{"url":"https:\/\/pubeurope.com\/@no\/115632317839120743","error":""},"_links":{"self":[{"href":"https:\/\/www.europesays.com\/no\/wp-json\/wp\/v2\/posts\/99793","targetHints":{"allow":["GET"]}}],"collection":[{"href":"https:\/\/www.europesays.com\/no\/wp-json\/wp\/v2\/posts"}],"about":[{"href":"https:\/\/www.europesays.com\/no\/wp-json\/wp\/v2\/types\/post"}],"author":[{"embeddable":true,"href":"https:\/\/www.europesays.com\/no\/wp-json\/wp\/v2\/users\/2"}],"replies":[{"embeddable":true,"href":"https:\/\/www.europesays.com\/no\/wp-json\/wp\/v2\/comments?post=99793"}],"version-history":[{"count":0,"href":"https:\/\/www.europesays.com\/no\/wp-json\/wp\/v2\/posts\/99793\/revisions"}],"wp:featuredmedia":[{"embeddable":true,"href":"https:\/\/www.europesays.com\/no\/wp-json\/wp\/v2\/media\/99794"}],"wp:attachment":[{"href":"https:\/\/www.europesays.com\/no\/wp-json\/wp\/v2\/media?parent=99793"}],"wp:term":[{"taxonomy":"category","embeddable":true,"href":"https:\/\/www.europesays.com\/no\/wp-json\/wp\/v2\/categories?post=99793"},{"taxonomy":"post_tag","embeddable":true,"href":"https:\/\/www.europesays.com\/no\/wp-json\/wp\/v2\/tags?post=99793"}],"curies":[{"name":"wp","href":"https:\/\/api.w.org\/{rel}","templated":true}]}}