{"id":99805,"date":"2025-11-29T09:55:16","date_gmt":"2025-11-29T09:55:16","guid":{"rendered":"https:\/\/www.europesays.com\/no\/99805\/"},"modified":"2025-11-29T09:55:16","modified_gmt":"2025-11-29T09:55:16","slug":"ber-alle-ta-sikkerheten-pa-alvor-huk-av-datoen-i-kalenderen-sandefjords-blad","status":"publish","type":"post","link":"https:\/\/www.europesays.com\/no\/99805\/","title":{"rendered":"Ber alle ta sikkerheten p\u00e5 alvor: \u2013 Huk av datoen i kalenderen &#8211; Sandefjords Blad"},"content":{"rendered":"<ol>\n<li><a href=\"https:\/\/news.google.com\/rss\/articles\/CBMilwFBVV95cUxOY285Y0hYZWRQUzJUM0Y5Ry1Zems0YjlkYVJUWkFNNmpGSGtVTVhnVjZVdE1pMWVNSHluVDYwY0Zxb2RRczRPX3l3Rkc3bW1oS0puU0F0Mm1nb3cwWTB6UVRmRmxPWTEwcU51ZmdvMk1EbGs0MW5xX24tcjU2M3FqbDNqcUdEMUtSSHBzRHpFc1ppQ3dva2xB?oc=5\" target=\"_blank\" rel=\"nofollow noopener\">Ber alle ta sikkerheten p\u00e5 alvor: \u2013 Huk av datoen i kalenderen<\/a>&nbsp;&nbsp;Sandefjords Blad<\/li>\n<li><a href=\"https:\/\/news.google.com\/rss\/articles\/CBMijwFBVV95cUxNY3dkanlqbkhoQW90Tjc5TmxqRElsQUtDYkNkMmNpZGlnaUlZQU1JdElKelRQczVROE1MTGUwMzlmVlRKbEhJRTdPNS1OVVlUMmRidVMtaDFmRTFNRGU1aXFKRV9vWG1zbXhTZGpTX0xkSjJIZk5oM1lzSlZvLUlrcWFSUldPMXRpZllZdkxBNA?oc=5\" target=\"_blank\" rel=\"nofollow noopener\">Dobbelt s\u00e5 mange d\u00f8r i brann i desember<\/a>&nbsp;&nbsp;TV2.no<\/li>\n<li><a href=\"https:\/\/news.google.com\/rss\/articles\/CBMivwFBVV95cUxNNXU2bng4Sy0xS01yelZHM2dlX2lUUHhFcEtFakhOMC0wTUx1TGc4clRqQ0NSSEhjRllEYzBJLWlCLWd4V0RxTGxmVGZRd2ZvVDV0TWZRbzFYRXFDckFQYjJRT1RWRk5aMFVBSDYwNWxtOFVpTnEwWWVuci14WUNXLTZodjJhTnYyRVpjM29fZ3JSQnVzbVZNSEl3UmgzYUkwME42dnR6U09oZnNrVDduemlpZlVVejg3RjA1cHAyVQ?oc=5\" target=\"_blank\" rel=\"nofollow noopener\">Dobbelt s\u00e5 mange d\u00f8r i brann i desember \u2013 viktig \u00e5 teste r\u00f8ykvarsleren<\/a>&nbsp;&nbsp;adressa.no<\/li>\n<li><a href=\"https:\/\/news.google.com\/rss\/articles\/CBMirwFBVV95cUxQTjl5X01MYUZ0V1VaSUZFSWJXNXRra1pPT1VIb0k0eHNFaTNISURLOHVnS3dfYXFpbGVkUm1JNTRsNURseVdCRWFSTHlicGwwZ19fcFBiOHFKOEM2YXBES1F6cHMwSEp3UllhX3N6VVRRSjRrSTByRG8zc2E3VDhzRUxTWDVYY0Q0Q2w4MUdSWVJObWpDckJ3c0JEb3RNc3drZDZfT0V0MzE3emJmZTFR?oc=5\" target=\"_blank\" rel=\"nofollow noopener\">Dette stuntet skal skape blest om viktig budskap: \u2013 En mye bedre m\u00e5te \u00e5 v\u00e5kne p\u00e5<\/a>&nbsp;&nbsp;R\u00f8yken og Hurums Avis<\/li>\n<li><a href=\"https:\/\/news.google.com\/rss\/articles\/CBMijgFBVV95cUxPLThGSTFMNFktS280N180UXFKQk9Hak93d3RWV1NXeHI0SkJkME5jRlpKaGVXRXRRMnQwOTJiMW53SVM4bGRuQk5ZcDFJUWNmeXRaeWh4VjBYM0hQSGVVVFRobDJxelhFR1dHQ29uZlVBVGxWYy1XY0w1YU9PMG0wS09yd3NHQ01kanNqX2NB?oc=5\" target=\"_blank\" rel=\"nofollow noopener\">Nyheter, Brann | Lyden som redder liv \u2013 sjekk r\u00f8ykvarsleren 1. desember<\/a>&nbsp;&nbsp;Akershus Amtstidende<\/li>\n<\/ol>\n","protected":false},"excerpt":{"rendered":"Ber alle ta sikkerheten p\u00e5 alvor: \u2013 Huk av datoen i kalenderen&nbsp;&nbsp;Sandefjords Blad Dobbelt s\u00e5 mange d\u00f8r i&hellip;\n","protected":false},"author":2,"featured_media":99806,"comment_status":"","ping_status":"","sticky":false,"template":"","format":"standard","meta":{"footnotes":""},"categories":[10],"tags":[20,21,24,25,15,22,23,13,30,28,29,14,16,26,27],"class_list":{"0":"post-99805","1":"post","2":"type-post","3":"status-publish","4":"format-standard","5":"has-post-thumbnail","7":"category-norge","8":"tag-breaking-news","9":"tag-breakingnews","10":"tag-featured-news","11":"tag-featurednews","12":"tag-headlines","13":"tag-latest-news","14":"tag-latestnews","15":"tag-news","16":"tag-no","17":"tag-norge","18":"tag-norway","19":"tag-nyheter","20":"tag-overskrifter","21":"tag-top-stories","22":"tag-topstories"},"share_on_mastodon":{"url":"https:\/\/pubeurope.com\/@no\/115632388420105693","error":""},"_links":{"self":[{"href":"https:\/\/www.europesays.com\/no\/wp-json\/wp\/v2\/posts\/99805","targetHints":{"allow":["GET"]}}],"collection":[{"href":"https:\/\/www.europesays.com\/no\/wp-json\/wp\/v2\/posts"}],"about":[{"href":"https:\/\/www.europesays.com\/no\/wp-json\/wp\/v2\/types\/post"}],"author":[{"embeddable":true,"href":"https:\/\/www.europesays.com\/no\/wp-json\/wp\/v2\/users\/2"}],"replies":[{"embeddable":true,"href":"https:\/\/www.europesays.com\/no\/wp-json\/wp\/v2\/comments?post=99805"}],"version-history":[{"count":0,"href":"https:\/\/www.europesays.com\/no\/wp-json\/wp\/v2\/posts\/99805\/revisions"}],"wp:featuredmedia":[{"embeddable":true,"href":"https:\/\/www.europesays.com\/no\/wp-json\/wp\/v2\/media\/99806"}],"wp:attachment":[{"href":"https:\/\/www.europesays.com\/no\/wp-json\/wp\/v2\/media?parent=99805"}],"wp:term":[{"taxonomy":"category","embeddable":true,"href":"https:\/\/www.europesays.com\/no\/wp-json\/wp\/v2\/categories?post=99805"},{"taxonomy":"post_tag","embeddable":true,"href":"https:\/\/www.europesays.com\/no\/wp-json\/wp\/v2\/tags?post=99805"}],"curies":[{"name":"wp","href":"https:\/\/api.w.org\/{rel}","templated":true}]}}