{"id":99807,"date":"2025-11-29T10:00:20","date_gmt":"2025-11-29T10:00:20","guid":{"rendered":"https:\/\/www.europesays.com\/no\/99807\/"},"modified":"2025-11-29T10:00:20","modified_gmt":"2025-11-29T10:00:20","slug":"ytring-odda-sentrum-vi-deles-i-to","status":"publish","type":"post","link":"https:\/\/www.europesays.com\/no\/99807\/","title":{"rendered":"Ytring, Odda sentrum | Vi deles i to!"},"content":{"rendered":"\n<p>G\u00e5gata er fortsatt ei g\u00e5gate. Men snart er det ingen butikker igjen. Helt nederst holder Terje heldigvis p\u00e5 fortsatt, han er ikke alene, det er noen som ikke har \u00abslukket lyset\u00bb for godt. Det blir f\u00e6rre etter hvert. Vi f\u00e5r varene v\u00e5re fra noen postkasser og n\u00e5r v\u00e5ren kommer, dukker det opp flokker av turister som kanskje finner noen stoler, ett eller to bord. Og vi andre \u2013 \u00abhaimf\u00f8ingane\u00bb, treffer stundom p\u00e5 kjente med g\u00e5stol og kj\u00f8petenner.<\/p>\n<p>Noen politikere har begynt \u00e5 lure p\u00e5 om kanskje det hadde v\u00e6rt mer enn nok med en kolonialbutikk p\u00e5 Smelteverkstomta. Ikke to. Helst burde tomta v\u00e6rt brukt til andre ting. Det var jo nettopp det som var meningen. Smelteverket skulle bli et levende visningsomr\u00e5de for det som var industrien i Norge. Og Odda som symbolet p\u00e5 der den norske velstanden hadde startet. En fantastisk mulighet for v\u00e5r historie som var lett \u00e5 se. Bare ikke for flertallet av de lokale politikerne.<\/p>\n<p>Det er som det er. Problemet er at Odda er nesten blitt det delt i to. Det gamle Odda slik vi kjente det med alle forretningene fra Br\u00e5tateigen til alt som l\u00e5 rundt Rymbelen av forretninger. Grand Kolonial, B\u00e6kken &amp; Co, OA Presteg\u00e5rd, \u00abEiko\u00bb (fem\u00f8res karameller) og L.L. Reis\u00e6ther. Klokke-Sivertsen og Rema ligger helt alene, vest for alt og med Vinmonopolet som sin glade leieboer.<\/p>\n<p>   <img decoding=\"async\" width=\"1536\" height=\"1024\" fetchpriority=\"low\"  loading=\"lazy\"  src=\"https:\/\/www.europesays.com\/no\/wp-content\/uploads\/2025\/11\/i-jag-015-01-2.jpg\" alt=\"\" class=\"brick-c-cFOWSL\" style=\"--brick-image-ratio: 1536 \/ 1024;\"\/><\/p>\n<p>      Robert Hermansen satset p\u00e5 ef\u00f8y p\u00e5 Lindehuset da det fortsatt var virksomhet p\u00e5 verket.<br \/>\n      Foto: Jan Gravdal\n    <\/p>\n<p>Men historien kan vi ikke gj\u00f8re s\u00e5 mye med, i hvert fall og kanskje med unntak av Lindehuset p\u00e5 Smelteverkstomta. Vestland fylke la fram planer for f\u00e5 siden til 122 millioner kroner for det helt spesielle kulturhuset. Lindehuset som uferdig har vist utallige ganger hvor godt huset er som kulturhus.<\/p>\n<p><b>Og n\u00e5 er det privatpersoner som sammen er sv\u00e6rt interessert i kj\u00f8pe Lindehuset, gjerne med hjelp fra b\u00e5de fylke og kommune. Folk som ser hvor stort potensial Lindehuset virkelig har. Vestland fylke har hatt og har stor interesse for Lindehuset som kulturhus.<\/b><\/p>\n<p>Voss Sparebank har kj\u00f8pt det gamle \u00e6rverdige bygget etter Bergen Privatbank og skal starte bank i g\u00e5gata \u2013 \u00e6re v\u00e6re vossingene for det. Og Jostein Soldal overtar Spar-bygget og vil gj\u00f8re bygget om til et visningssenter blant annet for sin egen virksomhet \u2013 reiseliv b\u00e5de fra fjellet og fra havna. Det er spennende. Og begge vil holde til i det \u00abGamle\u00bb Odda og vi andre f\u00e5r virksomhet som vil bety mye for livet i g\u00e5gata og langs havnebassenget. Det skulle v\u00e6rt flere forretninger i g\u00e5gata. Men kanskje kommer noen tilbake.<\/p>\n<p>Lothepus har vist at det g\u00e5r an \u00e5 f\u00e5 det til. Til og med p\u00e5 en gammel karbidtipp.<\/p>\n","protected":false},"excerpt":{"rendered":"G\u00e5gata er fortsatt ei g\u00e5gate. Men snart er det ingen butikker igjen. Helt nederst holder Terje heldigvis p\u00e5&hellip;\n","protected":false},"author":2,"featured_media":99808,"comment_status":"","ping_status":"","sticky":false,"template":"","format":"standard","meta":{"footnotes":""},"categories":[56],"tags":[36,60,1790,61,12735,12739,12738,62,30,28,29,5415,12734,12737,1533,12736,963],"class_list":{"0":"post-99807","1":"post","2":"type-post","3":"status-publish","4":"format-standard","5":"has-post-thumbnail","7":"category-naeringsliv","8":"tag-art","9":"tag-business","10":"tag-butikker","11":"tag-economy","12":"tag-gagata","13":"tag-kulturbygg","14":"tag-lindehuset","15":"tag-naeringsliv","16":"tag-no","17":"tag-norge","18":"tag-norway","19":"tag-odda","20":"tag-odda-sentrum","21":"tag-odda-smelteverk","22":"tag-opinion","23":"tag-smelteverkstomta","24":"tag-ytring"},"share_on_mastodon":{"url":"https:\/\/pubeurope.com\/@no\/115632408228600581","error":""},"_links":{"self":[{"href":"https:\/\/www.europesays.com\/no\/wp-json\/wp\/v2\/posts\/99807","targetHints":{"allow":["GET"]}}],"collection":[{"href":"https:\/\/www.europesays.com\/no\/wp-json\/wp\/v2\/posts"}],"about":[{"href":"https:\/\/www.europesays.com\/no\/wp-json\/wp\/v2\/types\/post"}],"author":[{"embeddable":true,"href":"https:\/\/www.europesays.com\/no\/wp-json\/wp\/v2\/users\/2"}],"replies":[{"embeddable":true,"href":"https:\/\/www.europesays.com\/no\/wp-json\/wp\/v2\/comments?post=99807"}],"version-history":[{"count":0,"href":"https:\/\/www.europesays.com\/no\/wp-json\/wp\/v2\/posts\/99807\/revisions"}],"wp:featuredmedia":[{"embeddable":true,"href":"https:\/\/www.europesays.com\/no\/wp-json\/wp\/v2\/media\/99808"}],"wp:attachment":[{"href":"https:\/\/www.europesays.com\/no\/wp-json\/wp\/v2\/media?parent=99807"}],"wp:term":[{"taxonomy":"category","embeddable":true,"href":"https:\/\/www.europesays.com\/no\/wp-json\/wp\/v2\/categories?post=99807"},{"taxonomy":"post_tag","embeddable":true,"href":"https:\/\/www.europesays.com\/no\/wp-json\/wp\/v2\/tags?post=99807"}],"curies":[{"name":"wp","href":"https:\/\/api.w.org\/{rel}","templated":true}]}}