{"id":99811,"date":"2025-11-29T10:03:10","date_gmt":"2025-11-29T10:03:10","guid":{"rendered":"https:\/\/www.europesays.com\/no\/99811\/"},"modified":"2025-11-29T10:03:10","modified_gmt":"2025-11-29T10:03:10","slug":"novorossijsk-russland-ukrainske-droner-rammer-russisk-havn","status":"publish","type":"post","link":"https:\/\/www.europesays.com\/no\/99811\/","title":{"rendered":"Novorossijsk, Russland | Ukrainske droner rammer russisk havn"},"content":{"rendered":"\n<p>En viktig russisk oljeterminal n\u00e6r Novorossijsk m\u00e5tte l\u00f8rdag innstille operasjoner i havna etter et ukrainsk droneangrep.<\/p>\n<p>Lasting og lossing ble stanset i deler av havneanlegget, og tankb\u00e5ter ble stoppet utenfor havna etter angrepet. Ingen mennesker ble skadet, if\u00f8lge konsortiet som driver terminalen.<\/p>\n<p>  <a href=\"https:\/\/www.nettavisen.no\/5-95-2753951\" class=\"related-teaser nettavisen-story-teaser article--c-eRUmMG article--c-eRUmMG-fZoQSp-design-nettavisen article--c-eRUmMG-dFGmwd-cv article--c-eRUmMG-eTlODu-cv\" rel=\"nofollow noopener\" target=\"_blank\"><\/p>\n<p>\n            Les ogs\u00e5<\/p>\n<p>              To drept og flere titalls s\u00e5ret i luftangrep mot Kyiv\n        <\/p>\n<p>  <\/a><\/p>\n<p>Samtidig meldes det at det oppsto brann p\u00e5 oljeraffineriet i Afipskij i Krasnodar-regionen etter et droneangrep, men at ilden er slukket. Noe teknisk utstyr ble \u00f8delagt, men oljetankene ble ikke ber\u00f8rt, if\u00f8lge lokale myndigheter.<\/p>\n<p>Russlands forsvarsdepartement melder at luftvernet avskar og \u00f8dela 103 ukrainske droner i l\u00f8pet av natt til l\u00f8rdag, hvorav elleve i Krasnodar-regionen.<\/p>\n<p><b>Les ogs\u00e5: <a class=\"simple-relation related-teaser article--c-eRUmMG article--c-eRUmMG-fZoQSp-design-nettavisen article--c-eRUmMG-gwthdJ-cv\" href=\"https:\/\/www.nettavisen.no\/600-000-uten-strom-i-ukraina-etter-russiske-angrep\/s\/5-95-2754046\" rel=\"nofollow noopener\" target=\"_blank\">600.000 uten str\u00f8m i Ukraina etter russiske angrep<\/a><\/b><\/p>\n<p>    Vil du se neste video?<\/p>\n<p>    <a href=\"https:\/\/www.nettavisen.no\/fredrik-solvang\/jonas-gahr-store\/debatten\/fredrik-solvang-himler-av-jonas-gahr-store-men-i-alle\/v\/5-95-2751917\" class=\"recommend-poster\" data-adp-clicklabel=\"video-recommend\" data-adp-clickvalue=\"poster\" rel=\"nofollow noopener\" target=\"_blank\"><br \/>\n      <img decoding=\"async\" width=\"200\" height=\"200\" loading=\"lazy\" src=\"https:\/\/www.europesays.com\/no\/wp-content\/uploads\/2025\/11\/Solvang+bredde.jpg\" alt=\"\" class=\"brick-c-cFOWSL\" style=\"--brick-image-ratio: 200 \/ 200;\"\/><\/p>\n<p>Himler av St\u00f8re: \u2013 Men i alle\u20261:06<\/p>\n<p>    <\/a><\/p>\n","protected":false},"excerpt":{"rendered":"En viktig russisk oljeterminal n\u00e6r Novorossijsk m\u00e5tte l\u00f8rdag innstille operasjoner i havna etter et ukrainsk droneangrep. Lasting og&hellip;\n","protected":false},"author":2,"featured_media":99812,"comment_status":"","ping_status":"","sticky":false,"template":"","format":"standard","meta":{"footnotes":""},"categories":[5],"tags":[20,21,24,25,15,19,22,23,17,18,13,30,28,29,14,16,26,27],"class_list":{"0":"post-99811","1":"post","2":"type-post","3":"status-publish","4":"format-standard","5":"has-post-thumbnail","7":"category-overskrifter","8":"tag-breaking-news","9":"tag-breakingnews","10":"tag-featured-news","11":"tag-featurednews","12":"tag-headlines","13":"tag-hovedoppslag","14":"tag-latest-news","15":"tag-latestnews","16":"tag-main-news","17":"tag-mainnews","18":"tag-news","19":"tag-no","20":"tag-norge","21":"tag-norway","22":"tag-nyheter","23":"tag-overskrifter","24":"tag-top-stories","25":"tag-topstories"},"share_on_mastodon":{"url":"https:\/\/pubeurope.com\/@no\/115632420268882507","error":""},"_links":{"self":[{"href":"https:\/\/www.europesays.com\/no\/wp-json\/wp\/v2\/posts\/99811","targetHints":{"allow":["GET"]}}],"collection":[{"href":"https:\/\/www.europesays.com\/no\/wp-json\/wp\/v2\/posts"}],"about":[{"href":"https:\/\/www.europesays.com\/no\/wp-json\/wp\/v2\/types\/post"}],"author":[{"embeddable":true,"href":"https:\/\/www.europesays.com\/no\/wp-json\/wp\/v2\/users\/2"}],"replies":[{"embeddable":true,"href":"https:\/\/www.europesays.com\/no\/wp-json\/wp\/v2\/comments?post=99811"}],"version-history":[{"count":0,"href":"https:\/\/www.europesays.com\/no\/wp-json\/wp\/v2\/posts\/99811\/revisions"}],"wp:featuredmedia":[{"embeddable":true,"href":"https:\/\/www.europesays.com\/no\/wp-json\/wp\/v2\/media\/99812"}],"wp:attachment":[{"href":"https:\/\/www.europesays.com\/no\/wp-json\/wp\/v2\/media?parent=99811"}],"wp:term":[{"taxonomy":"category","embeddable":true,"href":"https:\/\/www.europesays.com\/no\/wp-json\/wp\/v2\/categories?post=99811"},{"taxonomy":"post_tag","embeddable":true,"href":"https:\/\/www.europesays.com\/no\/wp-json\/wp\/v2\/tags?post=99811"}],"curies":[{"name":"wp","href":"https:\/\/api.w.org\/{rel}","templated":true}]}}