{"id":99813,"date":"2025-11-29T10:04:11","date_gmt":"2025-11-29T10:04:11","guid":{"rendered":"https:\/\/www.europesays.com\/no\/99813\/"},"modified":"2025-11-29T10:04:11","modified_gmt":"2025-11-29T10:04:11","slug":"fotballfeber-pa-stortinget-mimir-kristjansson-kastet-skjorta","status":"publish","type":"post","link":"https:\/\/www.europesays.com\/no\/99813\/","title":{"rendered":"Fotballfeber p\u00e5 Stortinget: \u00a0M\u00edmir Kristj\u00e1nsson kastet skjorta"},"content":{"rendered":"\n<ul class=\"_list_o9xde_3 _list_64s2r_85 _unordered_o9xde_106 text-sans-m\">\n<li class=\"_item_o9xde_30\">M\u00edmir Kristj\u00e1nsson viser sin lidenskap for Viking f\u00f8r den avgj\u00f8rende seriekampen mot V\u00e5lerenga.<\/li>\n<li class=\"_item_o9xde_30\">Spenningen preger b\u00e5de politikere som Kristj\u00e1nsson og Kari Nessa Nordtun, hvor sistnevnte innr\u00f8mmer \u00e5 v\u00e6re ekstremt stresset.<\/li>\n<li class=\"_item_o9xde_30\">Kunnskapsministeren innr\u00f8mmer at det er vanskelig \u00e5 holde seg unna telefonen for kampoppdateringer.<\/li>\n<li class=\"_item_o9xde_30\">Det er en merkbar rivalisering mellom Viking- og Bod\u00f8\/Glimt-supportere ogs\u00e5 blant politikere.<\/li>\n<\/ul>\n<p>Vis mer <\/p>\n<p class=\"_paragraph_o9xde_4 _paragraph_xtcu6_10 layout-component text-serif-m layout-normal text-serif-m layout-padded\">Kristj\u00e1nsson har et statsbudsjett \u00e5 forhandle, men tankene er et helt annet sted. <\/p>\n<p class=\"_paragraph_o9xde_4 _paragraph_xtcu6_10 layout-component text-serif-m layout-normal text-serif-m layout-padded\">\u2013 Jeg er jo veldig stresset, s\u00e5 jeg merker at hjernen min er litt s\u00e5nn p\u00e5 50 prosent kapasitet, for jeg g\u00e5r og tenker p\u00e5 den kampenden kampenVikings siste seriekamp mot V\u00e5lerenga s\u00f8ndag 30. november. Seier betyr Vikings f\u00f8rste seriegull p\u00e5 34 \u00e5r. , sier R\u00f8dt-politikeren.<\/p>\n<p class=\"_paragraph_o9xde_4 _paragraph_xtcu6_10 layout-component text-serif-m layout-normal text-serif-m layout-padded\">S\u00f8ndag m\u00f8ter hans kj\u00e6re Viking V\u00e5lerenga til sesongens siste kamp. Viking leder serien, med ett poeng ned til jagende Bod\u00f8\/Glimt \u2013 og kan sikre sitt f\u00f8rste ligagull p\u00e5 34 \u00e5r.<\/p>\n<p class=\"_paragraph_o9xde_4 _paragraph_xtcu6_10 layout-component text-serif-m layout-normal text-serif-m layout-padded\">Mens resten har p\u00e5 seg supporterdrakt og skjerf, stikk i strid med kleskoden p\u00e5 Stortinget, st\u00e5r det ingenting i regelverket om \u00e5 g\u00e5 i bar overkropp. <\/p>\n<p class=\"_paragraph_o9xde_4 _paragraph_xtcu6_10 layout-component text-serif-m layout-normal text-serif-m layout-padded\"><strong class=\"_strong_o9xde_25\">Med andre ord har Kristj\u00e1nsson funnet et smutthull for <a href=\"https:\/\/www.vg.no\/sport\/i\/73X9y3\/stavanger-kjendiser-om-gullkampen-i-eliteserien\" data-track-element-type=\"Link\" data-track-id=\"link:73X9y3\" class=\"_link_o9xde_39\" rel=\"nofollow noopener\" target=\"_blank\">nok en gang<\/a> \u00e5 vise brystkassen i VG. <\/strong><\/p>\n<p class=\"_paragraph_o9xde_4 _paragraph_xtcu6_10 layout-component text-serif-m layout-normal text-serif-m layout-padded\">Tr\u00f8ya kom av fort \u2013 og p\u00e5 eget initiativ. Det er duket for gullkamp.<\/p>\n<p><img alt=\"Foto: Helge Mikalsen \/ VG\" class=\"_image_qp4xg_65 layout-component layout-normal\" data-fullscreen- data-track-element-type=\"Article image fullscreen\" data-track-name=\"ImageFullscreen\" decoding=\"async\" loading=\"lazy\" height=\"5303\" itemprop=\"image\"  src=\"https:\/\/www.europesays.com\/no\/wp-content\/uploads\/2025\/11\/11ae99f7-714e-417d-a58a-755eb9d63413\"  style=\"object-position:0% 0%\" width=\"7684\"\/>Foto: Helge Mikalsen \/ VG<\/p>\n<p class=\"_paragraph_o9xde_4 _paragraph_xtcu6_10 layout-component text-serif-m layout-normal text-serif-m layout-padded\">\u2013 Hvem vinner? <\/p>\n<p class=\"_paragraph_o9xde_4 _paragraph_xtcu6_10 layout-component text-serif-m layout-normal text-serif-m layout-padded\">\u2013 Viking! ropes det i Eidsvoll-galleriet Eidsvoll-galleriet Stortingets mest \u00e6rverdige rom.s\u00e5 h\u00f8yt at bildene dirrer.<\/p>\n<p class=\"_paragraph_o9xde_4 _paragraph_xtcu6_10 layout-component text-serif-m layout-normal text-serif-m layout-padded\">\u2013 Jeg er s\u00e5 veldig, veldig spent. Det er nesten som jeg gruer meg, sier kunnskapsminister Kari Nessa Nordtun. <\/p>\n<p><img alt=\"HVEM SKJULER SEG BAK GARDINEN? Kari Nessa Nordtun i Viking-drakt!  Foto: Helge Mikalsen \/ VG\" class=\"_image_qp4xg_65 layout-component layout-normal\" data-fullscreen- data-track-element-type=\"Article image fullscreen\" data-track-name=\"ImageFullscreen\" decoding=\"async\" loading=\"lazy\" height=\"5037\" itemprop=\"image\"  src=\"https:\/\/www.europesays.com\/no\/wp-content\/uploads\/2025\/11\/a57be2bc-0dfb-4e33-ae3c-4e6c87abac9c\"  style=\"object-position:0% 0%\" width=\"6713\"\/>HVEM SKJULER SEG BAK GARDINEN? Kari Nessa Nordtun i Viking-drakt!  Foto: Helge Mikalsen \/ VG<\/p>\n<p class=\"_paragraph_o9xde_4 _paragraph_xtcu6_10 layout-component text-serif-m layout-normal text-serif-m layout-padded\">Nordtun er s\u00e5 lokalpatriot at hun for noen dager siden begynte \u00e5 gr\u00e5te ved tanken p\u00e5 seriegull. <\/p>\n<p class=\"_paragraph_o9xde_4 _paragraph_xtcu6_10 layout-component text-serif-m layout-normal text-serif-m layout-padded\">Tre\u00e5ringen Jens gj\u00f8r ikke annet enn \u00e5 synge \u00abai, ai, ai, ballen g\u00e5r i nettet\u00bb p\u00e5 alle turer i barnehagen. <\/p>\n<p class=\"_paragraph_o9xde_4 _paragraph_xtcu6_10 layout-component text-serif-m layout-normal text-serif-m layout-padded\">\u2013 Og han vil alltid h\u00f8re den n\u00e5r vi kj\u00f8rer bil. Jeg skal ikke si at jeg er lei den, men jeg er ikke s\u00e5 langt unna, sier Nordtun, f\u00f8r hun deretter begynner \u00e5 synge den samme sangen for VG. <\/p>\n<p class=\"_paragraph_o9xde_4 _paragraph_xtcu6_10 layout-component text-serif-m layout-normal text-serif-m layout-padded\">\u2013 Ai, ai, ai. Ballen g\u00e5r i nettet. Ai, ai, ai, n\u00e5r Viking lage m\u00e5l &#8230; <\/p>\n<p><img alt=\"PATRIOT: Da Viking ble cupfinaleklare i 2019, avlyste dav\u00e6rende Stavanger-ordf\u00f8rer Nessa Nordtun alle m\u00f8ter for \u00e5 dra p\u00e5 cupfinalen. Her sammen med hele familien p\u00e5 kamp.   Foto: Privat\" class=\"_image_qp4xg_65 layout-component layout-normal\" data-fullscreen- data-track-element-type=\"Article image fullscreen\" data-track-name=\"ImageFullscreen\" decoding=\"async\" loading=\"lazy\" height=\"1536\" itemprop=\"image\"  src=\"https:\/\/www.europesays.com\/no\/wp-content\/uploads\/2025\/11\/c594e282-b46d-4e82-bdfa-d46306e194e7\"  style=\"object-position:0% 0%\" width=\"2048\"\/>PATRIOT: Da Viking ble cupfinaleklare i 2019, avlyste dav\u00e6rende Stavanger-ordf\u00f8rer Nessa Nordtun alle m\u00f8ter for \u00e5 dra p\u00e5 cupfinalen. Her sammen med hele familien p\u00e5 kamp.   Foto: Privat<\/p>\n<p class=\"_paragraph_o9xde_4 _paragraph_xtcu6_10 layout-component text-serif-m layout-normal text-serif-m layout-padded\">En av kunnskapsministerens kampsaker er mindre mobilbruk i skolen. <\/p>\n<p class=\"_paragraph_o9xde_4 _paragraph_xtcu6_10 layout-component text-serif-m layout-normal text-serif-m layout-padded\">\u2013 Hvor vanskelig har det v\u00e6rt for deg \u00e5 holde deg unna telefonen i m\u00f8ter den siste tiden?<\/p>\n<p class=\"_paragraph_o9xde_4 _paragraph_xtcu6_10 layout-component text-serif-m layout-normal text-serif-m layout-padded\">\u2013 Hahaha! Det har v\u00e6rt ganske vanskelig. Men da hjelper det at jeg har flere som f\u00f8lger med og som kan gi meg oppdateringer. <\/p>\n<p class=\"_paragraph_o9xde_4 _paragraph_xtcu6_10 layout-component text-serif-m layout-normal text-serif-m layout-padded\">\u2013 Hvordan vil du beskrive rivaliseringen internt? <\/p>\n<p class=\"_paragraph_o9xde_4 _paragraph_xtcu6_10 layout-component text-serif-m layout-normal text-serif-m layout-padded\">\u2013 Den er absolutt til stede. S\u00e5nn skal det egentlig v\u00e6re. Vi vil jo vinne, begge to. Men det foreg\u00e5r i s\u00f8mmelige former, sier Nordtun og sikter til kommunal- og distriktsminister Bj\u00f8rnar Skj\u00e6ran (Ap). <\/p>\n<p><img alt=\"BITRE FIENDER: Nei da.   Foto: Helge Mikalsen \/ VG\" class=\"_image_qp4xg_65 layout-component layout-normal\" data-fullscreen- data-track-element-type=\"Article image fullscreen\" data-track-name=\"ImageFullscreen\" decoding=\"async\" loading=\"lazy\" height=\"5366\" itemprop=\"image\"  src=\"https:\/\/www.europesays.com\/no\/wp-content\/uploads\/2025\/11\/42f3e12e-d04b-4562-b6db-7bf3862e4e8a\"  style=\"object-position:0% 0%\" width=\"7241\"\/>BITRE FIENDER: Nei da.   Foto: Helge Mikalsen \/ VG<\/p>\n<p class=\"_paragraph_o9xde_4 _paragraph_xtcu6_10 layout-component text-serif-m layout-normal text-serif-m layout-padded\">De oppm\u00f8tte Glimt-politikerne er ikke like h\u00f8ylytte i ropene sine. <\/p>\n<p class=\"_paragraph_o9xde_4 _paragraph_xtcu6_10 layout-component text-serif-m layout-normal text-serif-m layout-padded\">Skulle gullkampen i Eliteserien avgj\u00f8res her og n\u00e5, ville nok VG holdt en liten knapp p\u00e5 Viking &#8230; <\/p>\n<p class=\"_paragraph_o9xde_4 _paragraph_xtcu6_10 layout-component text-serif-m layout-normal text-serif-m layout-padded\">\u2013 Jeg er veldig, veldig rolig, sier Skj\u00e6ran, som burde g\u00e5 inn for \u00e5 f\u00e5 omd\u00f8pt uttrykket til \u00abrolig som Skj\u00e6ran p\u00e5 tunet\u00bb. <\/p>\n<p class=\"_paragraph_o9xde_4 _paragraph_xtcu6_10 layout-component text-serif-m layout-normal text-serif-m layout-padded\">Han mener dette ikke er vinn eller forsvinn for Bod\u00f8\/Glimt.<\/p>\n<p class=\"_paragraph_o9xde_4 _paragraph_xtcu6_10 layout-component text-serif-m layout-normal text-serif-m layout-padded\">\u2013 Vi er ute og sl\u00e5ss i Europa, vi er i Champions League \u2013 det gjeveste selskapet som finnes. I Bod\u00f8 og Nordland lever vi godt med s\u00f8lv.<\/p>\n<p class=\"_paragraph_o9xde_4 _paragraph_xtcu6_10 layout-component text-serif-m layout-normal text-serif-m layout-padded\">Han p\u00e5peker at det er 34 \u00e5r siden Viking klarte \u00e5 vinne serien. Bod\u00f8\/Glimt har tatt fire gull og to s\u00f8lv p\u00e5 seks \u00e5r. fire gull og to s\u00f8lv p\u00e5 seks \u00e5r. Seriegull i 2020, 2021, 2023, 2024. S\u00f8lv i  2019 og 2022. <\/p>\n<p class=\"_paragraph_o9xde_4 _paragraph_xtcu6_10 layout-component text-serif-m layout-normal text-serif-m layout-padded\">VGs utsendte m\u00e5 heve et \u00f8yenbryn. <\/p>\n<p class=\"_paragraph_o9xde_4 _paragraph_xtcu6_10 layout-component text-serif-m layout-normal text-serif-m layout-padded\">\u2013 Det virker nesten som du unner Viking gullet? <\/p>\n<p class=\"_paragraph_o9xde_4 _paragraph_xtcu6_10 layout-component text-serif-m layout-normal text-serif-m layout-padded\">\u2013 Overhodet ikke! svarer Skj\u00e6ran raskt og hardt. <\/p>\n<p><img alt=\"ST\u00c5LTRO P\u00c5 GLIMT: \u00d8ystein Mathisen, Bj\u00f8rnar Skj\u00e6ran, Kari Baadstrand Sandes og Sander Dep Holm. Til og med skiltet heier p\u00e5 Glimt.   Foto: Helge Mikalsen \/ VG\" class=\"_image_qp4xg_65 layout-component layout-normal\" data-fullscreen- data-track-element-type=\"Article image fullscreen\" data-track-name=\"ImageFullscreen\" decoding=\"async\" loading=\"lazy\" height=\"5280\" itemprop=\"image\"  src=\"https:\/\/www.europesays.com\/no\/wp-content\/uploads\/2025\/11\/5dafece0-c46c-4589-87f4-c91771a74366\"  style=\"object-position:0% 0%\" width=\"6945\"\/>ST\u00c5LTRO P\u00c5 GLIMT: \u00d8ystein Mathisen, Bj\u00f8rnar Skj\u00e6ran, Kari Baadstrand Sandes og Sander Dep Holm. Til og med skiltet heier p\u00e5 Glimt.   Foto: Helge Mikalsen \/ VG<\/p>\n<p class=\"_paragraph_o9xde_4 _paragraph_xtcu6_10 layout-component text-serif-m layout-normal text-serif-m layout-padded\">Gjengen VG har samlet har kanskje Norges viktigste jobber. Satt p\u00e5 spissen kan et feil komma i et lovforslag f\u00e5 store konsekvenser for mange. <\/p>\n<p class=\"_paragraph_o9xde_4 _paragraph_xtcu6_10 layout-component text-serif-m layout-normal text-serif-m layout-padded\">VG m\u00e5 derfor sp\u00f8rre om det er lett \u00e5 fokusere p\u00e5 arbeidsoppgavene n\u00e5r det foreg\u00e5r en thrilleravslutning i Eliteserien.<\/p>\n<p class=\"_paragraph_o9xde_4 _paragraph_xtcu6_10 layout-component text-serif-m layout-normal text-serif-m layout-padded\">\u2013 Det g\u00e5r veldig greit. Jeg var p\u00e5 ScotsmanScotsmanSportspub i Oslo og s\u00e5 Champions-League-kamp. Den begynte klokken ni. Da kunne jeg jobbe til kvart over \u00e5tte, sier Skj\u00e6ran. <\/p>\n<p class=\"_paragraph_o9xde_4 _paragraph_xtcu6_10 layout-component text-serif-m layout-normal text-serif-m layout-padded\">\u2013 Er det noe rivalisering i regjeringen, da? <\/p>\n<p class=\"_paragraph_o9xde_4 _paragraph_xtcu6_10 layout-component text-serif-m layout-normal text-serif-m layout-padded\">\u2013 Ja, men det er mest p\u00e5 humor. <\/p>\n<p class=\"_paragraph_o9xde_4 _paragraph_xtcu6_10 layout-component text-serif-m layout-normal text-serif-m layout-padded\">\u2013 Det har aldri v\u00e6rt noe d\u00e5rlig stemning i et m\u00f8te? <\/p>\n<p class=\"_paragraph_o9xde_4 _paragraph_xtcu6_10 layout-component text-serif-m layout-normal text-serif-m layout-padded\">\u2013 Nei, for meg har det v\u00e6rt enkelt de siste \u00e5rene. Jeg har ikke g\u00e5tt p\u00e5 s\u00e5 mange nederlag, s\u00e5 det er bare \u00e5 smile og se glad ut.<\/p>\n<p class=\"_paragraph_o9xde_4 _paragraph_xtcu6_10 layout-component text-serif-m layout-normal text-serif-m layout-padded\">\u2013 Jeg er n\u00e6r ved \u00e5 \u00f8nske Viking lykke til i helgen, men egentlig er jeg s\u00e5 lokalpatriot at jeg h\u00e5per de sklir p\u00e5 bananskallet og at gullet havner i Bod\u00f8 denne gangen, ogs\u00e5. <\/p>\n<p class=\"_paragraph_o9xde_4 _paragraph_xtcu6_10 layout-component text-serif-m layout-normal text-serif-m layout-padded\">Tonen er r\u00f8ffere hos \u00abViking Oslo\u00bb\u00abViking Oslo\u00bbSupporterklubb-grunnlegger Kristj\u00e1nsson.<\/p>\n<p class=\"_paragraph_o9xde_4 _paragraph_xtcu6_10 layout-component text-serif-m layout-normal text-serif-m layout-padded\">\u2013 Bod\u00f8\/Glimt har s\u00e5 mye penger at det er med p\u00e5 \u00e5 \u00f8delegge norsk fotball.<\/p>\n<p class=\"_paragraph_o9xde_4 _paragraph_xtcu6_10 layout-component text-serif-m layout-normal text-serif-m layout-padded\">En uttalelse helt i tr\u00e5d med R\u00f8dts verdier. <\/p>\n<p class=\"_paragraph_o9xde_4 _paragraph_xtcu6_10 layout-component text-serif-m layout-normal text-serif-m layout-padded\">\u2013 Derfor er det viktig for hele norsk fotball at Viking vinner! Det gj\u00f8r at det blir litt mer jevn konkurranse. <\/p>\n<p class=\"_paragraph_o9xde_4 _paragraph_xtcu6_10 layout-component text-serif-m layout-normal text-serif-m layout-padded\">Natten f\u00f8r denne stortingsduellen var han i m\u00f8ter til klokken fire.<\/p>\n<p class=\"_paragraph_o9xde_4 _paragraph_xtcu6_10 layout-component text-serif-m layout-normal text-serif-m layout-padded\">Det er en viss sjanse for at serieavslutningen glipper.<\/p>\n<p class=\"_paragraph_o9xde_4 _paragraph_xtcu6_10 layout-component text-serif-m layout-normal text-serif-m layout-padded\">\u2013 Nervene er i helspenn. For meg er det et dobbelt stress. Jeg har et race for \u00e5 rekke kampen.<\/p>\n<p class=\"_paragraph_o9xde_4 _paragraph_xtcu6_10 layout-component text-serif-m layout-normal text-serif-m layout-padded\">Han er finanspolitisk talspersonfinanspolitisk talspersonEn finanspolitisk talsperson er en person som representerer et politisk partis synspunkter og politikk innen \u00f8konomi og finans. og R\u00f8dts forhandlingsleder om statsbudsjettet.<\/p>\n<p class=\"_paragraph_o9xde_4 _paragraph_xtcu6_10 layout-component text-serif-m layout-normal text-serif-m layout-padded\">Med andre ord en meget opptatt mann. <\/p>\n<p class=\"_paragraph_o9xde_4 _paragraph_xtcu6_10 layout-component text-serif-m layout-normal text-serif-m layout-padded\">\u2013 Hva velger du: Gull til Viking eller godkjent statsbudsjett?<\/p>\n<p class=\"_paragraph_o9xde_4 _paragraph_xtcu6_10 layout-component text-serif-m layout-normal text-serif-m layout-padded\">\u2013 Statsbudsjettet m\u00e5 bli godkjent p\u00e5 s\u00f8ndag for at jeg skal komme meg p\u00e5 kamp. S\u00e5 det er litt b\u00e5de \u00f2g. Men det er viktigere for meg at Viking vinner serien enn at R\u00f8dt vinner et valg. <\/p>\n<p class=\"_paragraph_o9xde_4 _paragraph_xtcu6_10 layout-component text-serif-m layout-normal text-serif-m layout-padded\">Av og til kan man lure p\u00e5 hvordan han fikk skvist inn denne utrolig viktige stortingsduellen i kalenderen. Han svarte \u00abja\u00bb kontant da foresp\u00f8rselen fra VG kom. <\/p>\n<p class=\"_paragraph_o9xde_4 _paragraph_xtcu6_10 layout-component text-serif-m layout-normal text-serif-m layout-padded\">\u2013 Jeg tenker mer p\u00e5 Viking enn p\u00e5 f\u00f8lelsene for ungene mine, kj\u00e6resten min, p\u00e5 statsbudsjettet og alt som er. <\/p>\n<p class=\"_paragraph_o9xde_4 _paragraph_xtcu6_10 layout-component text-serif-m layout-normal text-serif-m layout-padded\">\u2013 Jeg har rett slett ikke helsen til \u00e5 holde p\u00e5 s\u00e5nn i lengden. Det skal bli godt n\u00e5r det er ferdig. <\/p>\n<p class=\"_paragraph_o9xde_4 _paragraph_xtcu6_10 layout-component text-serif-m layout-normal text-serif-m layout-padded\">\u2013 Hva vil du si er en verdig feiring for et seriegull for f\u00f8rste gang p\u00e5 34 \u00e5r? <\/p>\n<p class=\"_paragraph_o9xde_4 _paragraph_xtcu6_10 layout-component text-serif-m layout-normal text-serif-m layout-padded\">\u2013 Det blir ikke verdig, det kan jeg si! <\/p>\n<p><img alt=\"STANG INN: M\u00edmir Kristj\u00e1nsson sendte p\u00e5 eget initiativ dette bildet av seg selv fra en varm kilde p\u00e5 Island til VG tidligere i november.   Foto: Privat\" class=\"_image_qp4xg_65 layout-component layout-normal\" data-fullscreen- data-track-element-type=\"Article image fullscreen\" data-track-name=\"ImageFullscreen\" decoding=\"async\" loading=\"lazy\" height=\"3198\" itemprop=\"image\"  src=\"https:\/\/www.europesays.com\/no\/wp-content\/uploads\/2025\/11\/cd6a7d78-9284-463c-9d61-43b6080318da\"  style=\"object-position:0% 0%\" width=\"4264\"\/>STANG INN: M\u00edmir Kristj\u00e1nsson sendte p\u00e5 eget initiativ dette bildet av seg selv fra en varm kilde p\u00e5 Island til VG tidligere i november.   Foto: Privat<\/p>\n<p class=\"_paragraph_o9xde_4 _paragraph_xtcu6_10 layout-component text-serif-m layout-normal text-serif-m layout-padded\">Statssekret\u00e6r Statssekret\u00e6r En statssekret\u00e6r er en politisk utnevnt person som hjelper en minister med \u00e5 utf\u00f8re sine oppgaver. \u00d8yvind Jacobsen har hatt mer fokus p\u00e5 jobben som speaker p\u00e5 Lyse Arena enn politikken. <\/p>\n<p class=\"_paragraph_o9xde_4 _paragraph_xtcu6_10 layout-component text-serif-m layout-normal text-serif-m layout-padded\">\u2013 Jeg vet ikke om jeg kan si dette, men jeg sitter jo i mange m\u00f8ter. Senest i et hvor vi jobbet litt med budsjettet. Da h\u00f8rer jeg hva de sier, men jeg tenker p\u00e5 Bj\u00f8rsholBj\u00f8rsholFotballspiller Sondre Bj\u00f8rshol, Tripi\u0107Tripi\u0107Zlatko Tripi\u0107, Austb\u00f8Austb\u00f8Edvin Austb\u00f8, v\u00e6rforholdene i Bod\u00f8 og s\u00e5 videre. Det er krevende.<\/p>\n<p class=\"_paragraph_o9xde_4 _paragraph_xtcu6_10 layout-component text-serif-m layout-normal text-serif-m layout-padded\">\u2013 Jeg m\u00e5 ta i bruk litt flere timer p\u00e5 jobben, kanskje. <\/p>\n<p class=\"_paragraph_o9xde_4 _paragraph_xtcu6_10 layout-component text-serif-m layout-normal text-serif-m layout-padded\">\u2013 Hvor mange m\u00f8ter har egentlig endt i en diskusjon om Viking? <\/p>\n<p class=\"_paragraph_o9xde_4 _paragraph_xtcu6_10 layout-component text-serif-m layout-normal text-serif-m layout-padded\">\u2013 Det er forsvinnende f\u00e5 politikere som er veldig opptatt av fotball. Det vi ser n\u00e5, som VG illustrerer, er at det er mange pos\u00f8rer. <\/p>\n<p><img alt=\"HVEM ER POS\u00d8RER? Ikke godt \u00e5 si.   Foto: Helge Mikalsen \/ VG\" class=\"_image_qp4xg_65 layout-component layout-normal\" data-fullscreen- data-track-element-type=\"Article image fullscreen\" data-track-name=\"ImageFullscreen\" decoding=\"async\" loading=\"lazy\" height=\"5239\" itemprop=\"image\"  src=\"https:\/\/www.europesays.com\/no\/wp-content\/uploads\/2025\/11\/3caeeb5c-ccda-4d51-84df-5d056888bd7f\"  style=\"object-position:0% 0%\" width=\"7302\"\/>HVEM ER POS\u00d8RER? Ikke godt \u00e5 si.   Foto: Helge Mikalsen \/ VG<\/p>\n<p class=\"_paragraph_o9xde_4 _paragraph_xtcu6_10 layout-component text-serif-m layout-normal text-serif-m layout-padded\">Han antyder at det nok er sunt for politikken. <\/p>\n<p class=\"_paragraph_o9xde_4 _paragraph_xtcu6_10 layout-component text-serif-m layout-normal text-serif-m layout-padded\">\u2013 Hadde alle v\u00e6rt like engasjert som M\u00edmir og meg, hadde det blitt mindre seri\u00f8s jobbing. <\/p>\n<p class=\"_paragraph_o9xde_4 _paragraph_xtcu6_10 layout-component text-serif-m layout-normal text-serif-m layout-padded\">\u2013 Du har rett og slett avsl\u00f8rt dem? <\/p>\n<p class=\"_paragraph_o9xde_4 _paragraph_xtcu6_10 layout-component text-serif-m layout-normal text-serif-m layout-padded\">\u2013 Ja, jeg m\u00e5 vel si det som det er. <\/p>\n","protected":false},"excerpt":{"rendered":"M\u00edmir Kristj\u00e1nsson viser sin lidenskap for Viking f\u00f8r den avgj\u00f8rende seriekampen mot V\u00e5lerenga. Spenningen preger b\u00e5de politikere som&hellip;\n","protected":false},"author":2,"featured_media":99814,"comment_status":"","ping_status":"","sticky":false,"template":"","format":"standard","meta":{"footnotes":""},"categories":[59],"tags":[5716,517,134,1688,1226,30,28,29,83,82,333,109],"class_list":{"0":"post-99813","1":"post","2":"type-post","3":"status-publish","4":"format-standard","5":"has-post-thumbnail","7":"category-sport","8":"tag-bjornar-skjaeran","9":"tag-bodo-glimt","10":"tag-eliteserien","11":"tag-kari-nessa-nordtun","12":"tag-mimir-kristjansson","13":"tag-no","14":"tag-norge","15":"tag-norway","16":"tag-sport","17":"tag-sports","18":"tag-stortinget","19":"tag-viking-fk"},"share_on_mastodon":{"url":"https:\/\/pubeurope.com\/@no\/115632424198872277","error":""},"_links":{"self":[{"href":"https:\/\/www.europesays.com\/no\/wp-json\/wp\/v2\/posts\/99813","targetHints":{"allow":["GET"]}}],"collection":[{"href":"https:\/\/www.europesays.com\/no\/wp-json\/wp\/v2\/posts"}],"about":[{"href":"https:\/\/www.europesays.com\/no\/wp-json\/wp\/v2\/types\/post"}],"author":[{"embeddable":true,"href":"https:\/\/www.europesays.com\/no\/wp-json\/wp\/v2\/users\/2"}],"replies":[{"embeddable":true,"href":"https:\/\/www.europesays.com\/no\/wp-json\/wp\/v2\/comments?post=99813"}],"version-history":[{"count":0,"href":"https:\/\/www.europesays.com\/no\/wp-json\/wp\/v2\/posts\/99813\/revisions"}],"wp:featuredmedia":[{"embeddable":true,"href":"https:\/\/www.europesays.com\/no\/wp-json\/wp\/v2\/media\/99814"}],"wp:attachment":[{"href":"https:\/\/www.europesays.com\/no\/wp-json\/wp\/v2\/media?parent=99813"}],"wp:term":[{"taxonomy":"category","embeddable":true,"href":"https:\/\/www.europesays.com\/no\/wp-json\/wp\/v2\/categories?post=99813"},{"taxonomy":"post_tag","embeddable":true,"href":"https:\/\/www.europesays.com\/no\/wp-json\/wp\/v2\/tags?post=99813"}],"curies":[{"name":"wp","href":"https:\/\/api.w.org\/{rel}","templated":true}]}}