{"id":99817,"date":"2025-11-29T10:09:08","date_gmt":"2025-11-29T10:09:08","guid":{"rendered":"https:\/\/www.europesays.com\/no\/99817\/"},"modified":"2025-11-29T10:09:08","modified_gmt":"2025-11-29T10:09:08","slug":"dodstala-stig-i-soraust-asia-etter-flaum-og-skred-nrk-urix-utenriksnyheter-og-dokumentarer","status":"publish","type":"post","link":"https:\/\/www.europesays.com\/no\/99817\/","title":{"rendered":"D\u00f8dstala stig i S\u00f8raust-Asia etter flaum og skred \u2013 NRK Urix \u2013 Utenriksnyheter og -dokumentarer"},"content":{"rendered":"<p>Saka oppsummert:<\/p>\n<ul>\n<li>Indonesia og Sri Lanka er hardt r\u00e5ka av flaum og jordskred etter ein tropisk syklon.<\/li>\n<li>Over 200 menneske har omkomme, og fleire er sakna.<\/li>\n<li>Myndigheitene i Indonesia og Sri Lanka fryktar at d\u00f8dstalet vil stige ytterlegare.<\/li>\n<li>Redningsarbeidet er utfordrande grunna \u00f8ydelagt infrastruktur og brotne kommunikasjonslinjer.<\/li>\n<li>I Indonesia er over 12.000 personar evakuerte, medan over 40.000 er evakuerte p\u00e5 Sri Lanka.<\/li>\n<li>Ogs\u00e5 Thailand og Malaysia er r\u00e5ka av uv\u00earet.<\/li>\n<\/ul>\n<p>Oppsummeringa er laga av ei KI-teneste fr\u00e5 OpenAI. Innhaldet er kvalitetssikra av NRK sine journalistar f\u00f8r publisering.<\/p>\n<p>Laurdag g\u00e5r det f\u00f8re seg eit stort redningsarbeid i Indonesia og p\u00e5 Sri Lanka.<\/p>\n<p>Landa er r\u00e5ka av flaum og skred som f\u00f8lge av jordskjelv og kraftig nedb\u00f8r etter ein tropisk syklon.<\/p>\n<p>Hundrevis av menneske har omkomme og fleire er framleis sakna.<\/p>\n<p>No jobbar redningsmannskapar med \u00e5 n\u00e5 fram til offer.<\/p>\n<p>    \u2190<\/p>\n<ul data-scroll-container=\"\" role=\"list\" aria-label=\"Bildegalleri\">\n<li><img alt=\"Ein hund st\u00e5r i oversv\u00f8mte gater under ein motorveg. Vatnet er brunt og n\u00e5r hundens bein. Bakgrunnen viser veggmalerier p\u00e5 bygningane og ein trafikkskilt. Det er overlast v\u00e6r med tydeleg nederb\u00f8r.\"  width=\"3840\" height=\"2555\" loading=\"lazy\"\/>\n<p>Ein hund i Kaduwela p\u00e5 Sri Lanka. <\/p>\n<p> Foto: ISHARA S. KODIKARA \/ AFP \/ NTB <\/li>\n<li><img alt=\"To barn leker i gj\u00f8rmen i Indonesia\"  width=\"3840\" height=\"2550\" loading=\"lazy\"\/>\n<p>Barn leker i gj\u00f8rma etter uv\u00ebret i Indonesia. <\/p>\n<p> Foto: CHAIDEER MAHYUDDIN \/ AFP \/ NTB <\/li>\n<li><img alt=\"Flomvann dekker ein gate, der fleire menn g\u00e5r og st\u00e5r i vatnet. To personar padler p\u00e5 ein flytande plattform, mens ein annan syklar i bakgrunnen. Omgivelsene best\u00e5r av bygningar, str\u00f8mledninger og gr\u00f8ntomr\u00e5de. V\u00e6ret verkar overskygt, med dyster belysning.\"  width=\"3840\" height=\"2560\" loading=\"lazy\"\/>\n<p>I Colombo p\u00e5 Sri Lanka er vegane overfl\u00f8dd.<\/p>\n<p> Foto: Eranga Jayawardena \/ AP \/ NTB <\/li>\n<li><img alt=\"Personar g\u00e5r i eit flaumomr\u00e5de med eigendelar. \"  width=\"3840\" height=\"2560\" loading=\"lazy\"\/>\n<p>Folk ber eigendelane sine gjennom eit omr\u00e5de r\u00e5ka av flaum i Aceh regionen i Indonesia. <\/p>\n<p> Foto: Reza Saifullah \/ AP \/ NTB <\/li>\n<li><img alt=\"To personar arbeider med \u00e5 rydde opp etter ein flaum f\u00f8re et skeivt hus. Utanfor huset ligg det store mengder avfall og tr\u00e6r. Den eine personen holder noko som kan vere ein bag, mens den andre ser mot bakken. Omgivelsene er preget av skader fr\u00e5 flomvannet.\"  width=\"3840\" height=\"2560\" loading=\"lazy\"\/>\n<p>Det er store materielle skadar i Indonesia. Biletet viser eit \u00f8ydelagt hus i Batang. <\/p>\n<p> Foto: Stringer \/ Reuters \/ NTB <\/li>\n<\/ul>\n<p>\u2192<\/p>\n<p>Fryktar fleire omkomne<\/p>\n<p>P\u00e5 \u00f8ya Sumatra i Indonesia har <a href=\"https:\/\/www.nrk.no\/nyheter\/1.17672253\" ec-id=\"pp:article:1.17672253\" ec-name=\"d\u00f8dstalet stige til 248\" rel=\"nofollow noopener\" target=\"_blank\">d\u00f8dstalet stige til 248<\/a>, opplyser lokale myndigheiter melder Reuters.<\/p>\n<p><strong>Myndigheitene fryktar at talet vil stige ytterlegare.<\/strong><\/p>\n<p>I tillegg er 90 personar sakna og over 500 skadd, melder nyheitsbyr\u00e5et AFP.<\/p>\n<p>Redningsarbeidet er krevjande p\u00e5 grunn av \u00f8ydelagt infrastruktur og brotne kommunikasjonslinjer.<\/p>\n<p>Totalt er over 12.000 personar evakuert i landet, opplyser Reuters.<\/p>\n<p>Landa er r\u00e5ka av flaum og skred som f\u00f8lge av jordskjelv og kraftig nedb\u00f8r etter ein tropisk syklon.<br \/>\nHundrevis av menneske har omkomme og fleire er framleis sakna.<\/p>\n<p>Ogs\u00e5 p\u00e5 Sri Lanka g\u00e5r det f\u00f8re seg eit utfordrande redningsarbeid.<\/p>\n<p>Laurdag opplyser myndigheitene om <a href=\"https:\/\/www.nrk.no\/nyheter\/1.17672243\" ec-id=\"pp:article:1.17672243\" ec-name=\"123 omkomne\" rel=\"nofollow noopener\" target=\"_blank\">123 omkomne<\/a>.<\/p>\n<p>Uv\u00earet byrja i f\u00f8rre veke. Kraftig styrtregn har f\u00f8rt til jordskred og flaum.<\/p>\n<p>Til no er over 40.000 personar evakuert til skular og offentlege opphaldsrom, melder <a href=\"https:\/\/www.aljazeera.com\/economy\/2025\/11\/28\/more-than-50-killed-in-deadly-sri-lanka-floods-what-we-know-so-far\" ec-id=\"https:\/\/www.aljazeera.com\/economy\/2025\/11\/28\/more-than-50-killed-in-deadly-sri-lanka-floods-what-we-know-so-far\" ec-name=\"Al Jazeera\" rel=\"nofollow noopener\" target=\"_blank\">Al Jazeera<\/a>.<\/p>\n<p><img decoding=\"async\"   src=\"data:image\/gif;base64,R0lGODlhAQABAIAAAAAAAP\/\/\/yH5BAEAAAAALAAAAAABAAEAAAIBRAA7\" loading=\"eager\" alt=\"En person st\u00e5r i h\u00f8yvann med en hund i armene, delvis dekket av et regnfrakk. Omr\u00e5det er oversv\u00f8mt med tr\u00e6r og str\u00f8mledninger synlig i bakgrunnen. Det regner kraftig og himmelen er gr\u00e5. Personen ser ut til \u00e5 v\u00e6re i en n\u00f8dssituasjon.\" title=\"Foto: Thilina Kaluthotage \/ Reuters \/ NTB\"\/><\/p>\n<p class=\"\">Ein mann ber hunden sin gjennom eit overfl\u00f8dd omr\u00e5de i Wellampitiya p\u00e5 Sri Lanka. <\/p>\n<p>Foto: Thilina Kaluthotage \/ Reuters \/ NTB<\/p>\n<p>Thailands statsminister beklagar<\/p>\n<p>Uv\u00earet har ogs\u00e5 r\u00e5ka Thailand.<\/p>\n<p>Til no har minst 145 personar omkomme.<\/p>\n<p>\u2013 Eg m\u00e5 be om unnskylding for at dette skjedde medan eg sit i regjering. Neste steg er \u00e5 hindre at situasjonen blir verre, sa Thailand sin statsminister Anutin Charnvirakul fredag.<\/p>\n<p>Thailandske myndigheiter har innf\u00f8rt hjelpetiltak til dei som er r\u00e5ka av flaumen.<\/p>\n<p><img decoding=\"async\"   src=\"data:image\/gif;base64,R0lGODlhAQABAIAAAAAAAP\/\/\/yH5BAEAAAAALAAAAAABAAEAAAIBRAA7\" loading=\"eager\" alt=\"To personer st\u00e5r i m\u00f8rket med tente stearinlys. Den unge personen holder et lys, mens den eldre kvinnen ser p\u00e5. Omgivelsene er svakt opplyst, og det er synlige former av en gate i bakgrunnen. Atmosf\u00e6ren er preget av begrenset lys og skygger.\" title=\"Foto: ATHIT PERAWONGMETHA \/ Reuters \/ NTB\"\/><\/p>\n<p class=\"\">Fleire er utan straum i Thailand som f\u00f8lge av uv\u00earet. <\/p>\n<p>Foto: ATHIT PERAWONGMETHA \/ Reuters \/ NTB<\/p>\n<p>Nabolandet Malaysia har ogs\u00e5 f\u00e5tt kjenne p\u00e5 naturkreftene.<\/p>\n<p>Men skadeomfanget er mindre enn i dei andre r\u00e5ka landa i omr\u00e5det.<\/p>\n<p>Til no er to personar drepne av flaumen, og store delar av den nordlege delstaten Perlis er under vatn.<\/p>\n<p><img decoding=\"async\"   src=\"data:image\/gif;base64,R0lGODlhAQABAIAAAAAAAP\/\/\/yH5BAEAAAAALAAAAAABAAEAAAIBRAA7\" loading=\"eager\" alt=\"En person st\u00e5r i flomvann med en sykkel i en oversv\u00f8mmet gate. Omr\u00e5det rundt har butikkbygninger og gatelys. Flomvannet dekker deler av fortauet, og en s\u00f8ppelb\u00f8tte er synlig i bakgrunnen. Slike forhold tyder p\u00e5 kraftig nedb\u00f8r og mulige skader.\" title=\"Foto: Hasnoor Hussain \/ Reuters \/ NTB\"\/><\/p>\n<p class=\"\">Slik ser det ut i Kangar nord i Malaysia p\u00e5 grensa til Thailand. <\/p>\n<p>Foto: Hasnoor Hussain \/ Reuters \/ NTB<\/p>\n<p>Held deg oppdatert p\u00e5 nyheiter om klima og milj\u00f8 her:<\/p>\n<ul data-scroll-container=\"\" role=\"list\">\n<li><img alt=\"Kristine Ramberg Aasen\"  width=\"3840\" height=\"962\" loading=\"lazy\"\/>Kraftige orkaner\n<p>Global oppvarming vil h\u00f8yst sannsynlig f\u00f8re til at de tropiske orkanene blir kraftigere, if\u00f8lge FNs klimapanel.<\/p>\n<p>\u00c5rsaken er at havet er varmere enn f\u00f8r. <\/p>\n<p>Nye omr\u00e5der kan bli utsatt for rester av tropiske orkaner.<\/p>\n<p>Om det totale antallet orkaner endrer seg, er usikkert. Sannsynligvis blir det like mange eller f\u00e6rre. <\/p>\n<p>Sveip for \u00e5 se hvordan en orkan oppst\u00e5r.<\/p>\n<\/li>\n<li><img alt=\"Orkanen Beryl\"  width=\"3840\" height=\"2162\" loading=\"lazy\"\/>\n<p>\n        AFP\n      <\/p>\n<p>En orkan blir til <\/p>\n<p>Se for deg en havtemperatur p\u00e5 over 26-27 grader.<\/p>\n<p>Vannet fordamper og den varme luften stiger. Luften inneholder mye fuktighet.<\/p>\n<p>H\u00f8yt oppe blir luften kaldere, fuktigheten blir vanskelig \u00e5 holde p\u00e5 og det frigj\u00f8res mye energi. <\/p>\n<p>Er vindstyrken p\u00e5 mer enn 32,6 m\/s kaller vi det en orkan.<\/p>\n<\/li>\n<li><img alt=\"&quot;Beryl&quot; herjer i Venezuela \"  width=\"3840\" height=\"2162\" loading=\"lazy\"\/>\n<p>\n        AFP\n      <\/p>\n<p>Store \u00f8deleggelser<\/p>\n<p>I en tropisk orkan f\u00f8rer den kraftige vinden og de enorme nedb\u00f8rsmengdene til store \u00f8deleggelser.<\/p>\n<p>Ogs\u00e5 stormflo og stormb\u00f8lger er en fryktet konsekvens av orkanen.<\/p>\n<p>Allerede n\u00e5 f\u00f8rer \u00f8kt havniv\u00e5 til at b\u00e5de b\u00f8lger og flo n\u00e5r lengre innover land.<\/p>\n<p>Kraftigere og mer intense orkaner vil f\u00f8re til mer omfattende skader.<\/p>\n<\/li>\n<li><img alt=\"Orkanen Beryl\"  width=\"3840\" height=\"2156\" loading=\"lazy\"\/>\n<p>\n        AP\n      <\/p>\n<p>Framtiden<\/p>\n<p>Innbyggere i orkanutsatte omr\u00e5der m\u00e5 trolig venne seg til b\u00e5de tidligere og kraftigere orkaner, if\u00f8lge klimaforskere.<\/p>\n<p>Orkaner er ogs\u00e5 kjent som sykloner og tyfoner i andre farvann.<\/p>\n<\/li>\n<li><img alt=\"Orkanen Beryl\"  width=\"3840\" height=\"2159\" loading=\"lazy\"\/>\n<p>\n        AP\n      <\/p>\n<p>En skala<\/p>\n<p>Orkaner kategoriseres etter vindstyrken, der tallene 1-5 benyttes. <\/p>\n<p>Skalaen heter Saffir-Simpson.<\/p>\n<p>Det er kategori 4 og 5 vi vil se mer av i fremtiden. <\/p>\n<p>Enkelte forskere har foresl\u00e5tt at skalaen b\u00f8r g\u00e5 til 6, for \u00e5 gi mer rom for orkaner som vokser i st\u00f8rrelse og styrke. <\/p>\n<\/li>\n<\/ul>\n<p>Interessert i utanriksstoff? H\u00f8yr Urix sin podkast:<\/p>\n<p>Publisert<\/p>\n<p>29.11.2025, kl. 07.25<\/p>\n<p>Oppdatert<\/p>\n<p>29.11.2025, kl. 09.42<\/p>\n","protected":false},"excerpt":{"rendered":"Saka oppsummert: Indonesia og Sri Lanka er hardt r\u00e5ka av flaum og jordskred etter ein tropisk syklon. Over&hellip;\n","protected":false},"author":2,"featured_media":99818,"comment_status":"","ping_status":"","sticky":false,"template":"","format":"standard","meta":{"footnotes":""},"categories":[12],"tags":[20,21,24,25,15,22,23,13,30,28,29,14,16,26,27,42,43,44,45],"class_list":{"0":"post-99817","1":"post","2":"type-post","3":"status-publish","4":"format-standard","5":"has-post-thumbnail","7":"category-verden","8":"tag-breaking-news","9":"tag-breakingnews","10":"tag-featured-news","11":"tag-featurednews","12":"tag-headlines","13":"tag-latest-news","14":"tag-latestnews","15":"tag-news","16":"tag-no","17":"tag-norge","18":"tag-norway","19":"tag-nyheter","20":"tag-overskrifter","21":"tag-top-stories","22":"tag-topstories","23":"tag-verden","24":"tag-world","25":"tag-world-news","26":"tag-worldnews"},"share_on_mastodon":{"url":"https:\/\/pubeurope.com\/@no\/115632443565778010","error":""},"_links":{"self":[{"href":"https:\/\/www.europesays.com\/no\/wp-json\/wp\/v2\/posts\/99817","targetHints":{"allow":["GET"]}}],"collection":[{"href":"https:\/\/www.europesays.com\/no\/wp-json\/wp\/v2\/posts"}],"about":[{"href":"https:\/\/www.europesays.com\/no\/wp-json\/wp\/v2\/types\/post"}],"author":[{"embeddable":true,"href":"https:\/\/www.europesays.com\/no\/wp-json\/wp\/v2\/users\/2"}],"replies":[{"embeddable":true,"href":"https:\/\/www.europesays.com\/no\/wp-json\/wp\/v2\/comments?post=99817"}],"version-history":[{"count":0,"href":"https:\/\/www.europesays.com\/no\/wp-json\/wp\/v2\/posts\/99817\/revisions"}],"wp:featuredmedia":[{"embeddable":true,"href":"https:\/\/www.europesays.com\/no\/wp-json\/wp\/v2\/media\/99818"}],"wp:attachment":[{"href":"https:\/\/www.europesays.com\/no\/wp-json\/wp\/v2\/media?parent=99817"}],"wp:term":[{"taxonomy":"category","embeddable":true,"href":"https:\/\/www.europesays.com\/no\/wp-json\/wp\/v2\/categories?post=99817"},{"taxonomy":"post_tag","embeddable":true,"href":"https:\/\/www.europesays.com\/no\/wp-json\/wp\/v2\/tags?post=99817"}],"curies":[{"name":"wp","href":"https:\/\/api.w.org\/{rel}","templated":true}]}}