{"id":99821,"date":"2025-11-29T10:11:09","date_gmt":"2025-11-29T10:11:09","guid":{"rendered":"https:\/\/www.europesays.com\/no\/99821\/"},"modified":"2025-11-29T10:11:09","modified_gmt":"2025-11-29T10:11:09","slug":"parkeringsbot-parkeringsklagenemnda-ma-betale-660-kroner-i-parkeringsbot-etter-a-ha-drukket-et-glass-vann","status":"publish","type":"post","link":"https:\/\/www.europesays.com\/no\/99821\/","title":{"rendered":"Parkeringsbot, Parkeringsklagenemnda | M\u00e5 betale 660 kroner i parkeringsbot etter \u00e5 ha drukket et glass vann"},"content":{"rendered":"\n<p><a rel=\"Follow nofollow noopener\" href=\"https:\/\/www.rb.no\/drakk-ett-glass-vann-kom-tilbake-til-parkeringsbot\/s\/5-43-2619138\" target=\"_blank\">(Romerikes Blad):<\/a> Mannen skulle bare lesse av varer og f\u00f8lge sine to sm\u00e5 barn inn i leiligheten. Da han kom tilbake til bilen, hadde han f\u00e5tt en bot p\u00e5 660 kroner.<\/p>\n<p>Synet av den gule lappen p\u00e5 frontruta fikk mannen til \u00e5 reagere. Han mener at han ikke sto parkert, siden han holdt p\u00e5 med lessing. Dermed klagde han inn boten til Parkeringsklagenemnda \u2013 som nylig har vurdert saken.<\/p>\n<p><b>Les ogs\u00e5: <a class=\"simple-relation related-teaser article--c-eRUmMG article--c-eRUmMG-fZoQSp-design-nettavisen article--c-eRUmMG-gwthdJ-cv\" href=\"https:\/\/www.nettavisen.no\/haver-inn-pa-gravplass-boter\/s\/5-95-2368927\" rel=\"nofollow noopener\" target=\"_blank\">H\u00e5ver inn p\u00e5 gravplass-b\u00f8ter<\/a><\/b><\/p>\n<p>\u00abKlager forklarte at det var d\u00e5rlig tilgang til leiligheten fra parkeringsplassen, og at han hadde mye bagasje samt to sm\u00e5 barn. Klager anf\u00f8rte at meningen var at kj\u00f8ret\u00f8yet skulle flyttes med \u00e9n gang alt var levert, men at han stoppet opp og drakk et glass vann\u00bb, st\u00e5r det i den offentliggjorte avgj\u00f8relsen.<\/p>\n<p>Mannen forteller at han hadde sl\u00e5tt av motoren fordi han tenkte p\u00e5 milj\u00f8et og naboene ved L\u00f8renskog Hageby borettslag.<\/p>\n<p>Romerikes Blad kjenner ikke til identiteten til mannen som har klaget inn parkeringsbota.<\/p>\n<p><b>Les ogs\u00e5: <a class=\"simple-relation related-teaser article--c-eRUmMG article--c-eRUmMG-fZoQSp-design-nettavisen article--c-eRUmMG-gwthdJ-cv\" href=\"https:\/\/www.nettavisen.no\/sven-andr-39-klagde-pa-parkeringsgebyr-fikk-avslag-harreisende\/s\/5-95-665958\" rel=\"nofollow noopener\" target=\"_blank\">Sven Andr\u00e9 (39) klagde p\u00e5 parkeringsgebyr \u2013 fikk avslag: \u2013 H\u00e5rreisende<\/a><\/b><\/p>\n<p>Pratet med parkeringsvakta<\/p>\n<p>Videre i klagen forteller mannen at han m\u00f8tte p\u00e5 parkeringsbetjenten og forklarte situasjonen. Da hevder han \u00e5 ha f\u00e5tt beskjed om at parkeringsselskapet sannsynligvis kunne slette boten.<\/p>\n<p>I klagesvaret fastholder parkeringsselskapet derimot sin avgj\u00f8relse om boten som ble gitt i sommer.<\/p>\n<p>De mener kj\u00f8ret\u00f8yet sto parkert i strid med parkeringsforbudet, og at klager verken drev med lossing eller assistert avstigning. Videre i sitt tilsvar er de klare p\u00e5 at det ikke er tillatt \u00e5 gj\u00f8re noe annet enn den konkrete lossingen eller avstigningen p\u00e5 stedet hvor bilen sto.<\/p>\n<p>Bildene fra parkeringsselskapet skal vise klagers kj\u00f8ret\u00f8y p\u00e5 stedet klokka 20:01, 20:10 og 20:11.<\/p>\n<p>Svarte ikke p\u00e5 sp\u00f8rsm\u00e5l<\/p>\n<p>Parkeringsklagenemnda har i sin avgj\u00f8relse vurdert om den aktuelle stansen var en kortest mulig stans for lossing eller assistert avstigning.<\/p>\n<p>De har underveis v\u00e6rt i kontakt med klager for \u00e5 be ham presisere hva han bar med tanke p\u00e5 antall, st\u00f8rrelse og tyngde. Klager skal ha svart at han ikke kunne si konkret hva st\u00f8rrelsen og vekten p\u00e5 bagen var, da det var lenge siden.<\/p>\n<p>\u00d8vrige sp\u00f8rsm\u00e5l om alderen p\u00e5 barna, om han var alene om lossingen og hvor lang tid han brukte p\u00e5 \u00e5 drikke vann, besvarte han if\u00f8lge nemnda ikke.<\/p>\n<p>Uenige<\/p>\n<p>Etter en konkret vurdering av opplysningene i saken sannsynliggjorde nemndas flertall \u2013 nemndas nestleder og bransjens representant \u2013 at stansen ikke skjedde p\u00e5 kortest mulig tid, og at kj\u00f8ret\u00f8yet dermed sto parkert ulovlig.<\/p>\n<p>Nemndas mindretall \u2013 Forbrukerr\u00e5dets representant \u2013 var uenig med flertallet. Hun mente at man ikke kunne utelukke at klager foretok kontinuerlig lossing og assistert avstigning.<\/p>\n<p>Avgj\u00f8relsen f\u00f8lger flertallet, og dermed endte det med at klagen ikke fikk medhold, og boten p\u00e5 660 kroner ble opprettholdt.<\/p>\n<p>\u00abDersom klager mener at virksomheten og deres ansatte opptrer kritikkverdig, kan forholdet tas opp med Parkeringstilsynet hos Statens vegvesen\u00bb, skriver Parkeringsklagenemnda i sin avgj\u00f8relse.<\/p>\n","protected":false},"excerpt":{"rendered":"(Romerikes Blad): Mannen skulle bare lesse av varer og f\u00f8lge sine to sm\u00e5 barn inn i leiligheten. Da&hellip;\n","protected":false},"author":2,"featured_media":99822,"comment_status":"","ping_status":"","sticky":false,"template":"","format":"standard","meta":{"footnotes":""},"categories":[5],"tags":[20,21,24,25,15,19,22,23,17,18,13,30,28,29,14,16,26,27],"class_list":{"0":"post-99821","1":"post","2":"type-post","3":"status-publish","4":"format-standard","5":"has-post-thumbnail","7":"category-overskrifter","8":"tag-breaking-news","9":"tag-breakingnews","10":"tag-featured-news","11":"tag-featurednews","12":"tag-headlines","13":"tag-hovedoppslag","14":"tag-latest-news","15":"tag-latestnews","16":"tag-main-news","17":"tag-mainnews","18":"tag-news","19":"tag-no","20":"tag-norge","21":"tag-norway","22":"tag-nyheter","23":"tag-overskrifter","24":"tag-top-stories","25":"tag-topstories"},"share_on_mastodon":{"url":"https:\/\/pubeurope.com\/@no\/115632451448056925","error":""},"_links":{"self":[{"href":"https:\/\/www.europesays.com\/no\/wp-json\/wp\/v2\/posts\/99821","targetHints":{"allow":["GET"]}}],"collection":[{"href":"https:\/\/www.europesays.com\/no\/wp-json\/wp\/v2\/posts"}],"about":[{"href":"https:\/\/www.europesays.com\/no\/wp-json\/wp\/v2\/types\/post"}],"author":[{"embeddable":true,"href":"https:\/\/www.europesays.com\/no\/wp-json\/wp\/v2\/users\/2"}],"replies":[{"embeddable":true,"href":"https:\/\/www.europesays.com\/no\/wp-json\/wp\/v2\/comments?post=99821"}],"version-history":[{"count":0,"href":"https:\/\/www.europesays.com\/no\/wp-json\/wp\/v2\/posts\/99821\/revisions"}],"wp:featuredmedia":[{"embeddable":true,"href":"https:\/\/www.europesays.com\/no\/wp-json\/wp\/v2\/media\/99822"}],"wp:attachment":[{"href":"https:\/\/www.europesays.com\/no\/wp-json\/wp\/v2\/media?parent=99821"}],"wp:term":[{"taxonomy":"category","embeddable":true,"href":"https:\/\/www.europesays.com\/no\/wp-json\/wp\/v2\/categories?post=99821"},{"taxonomy":"post_tag","embeddable":true,"href":"https:\/\/www.europesays.com\/no\/wp-json\/wp\/v2\/tags?post=99821"}],"curies":[{"name":"wp","href":"https:\/\/api.w.org\/{rel}","templated":true}]}}