{"id":99827,"date":"2025-11-29T10:18:55","date_gmt":"2025-11-29T10:18:55","guid":{"rendered":"https:\/\/www.europesays.com\/no\/99827\/"},"modified":"2025-11-29T10:18:55","modified_gmt":"2025-11-29T10:18:55","slug":"selvvalgt-pensjonskonto-na-far-du-dobbelt-sa-mange-fond","status":"publish","type":"post","link":"https:\/\/www.europesays.com\/no\/99827\/","title":{"rendered":"Selvvalgt pensjonskonto: N\u00e5 f\u00e5r du dobbelt s\u00e5 mange fond!"},"content":{"rendered":"<p>DNB utvider fondsutvalget for deg som har <a href=\"https:\/\/www.dnb.no\/pensjon\/selvvalgt-pensjonskonto\" target=\"_blank\" rel=\"nofollow noopener\">selvvalgt pensjonskonto<\/a>, og n\u00e5 f\u00e5r du hele 74 nye fond. Nesten dobbelt s\u00e5 mange valgmuligheter som tidligere.<\/p>\n<p>\u2013 Dette er et stort l\u00f8ft for de mest aktive kundene v\u00e5re. Vi vet at disse \u00f8nsker st\u00f8rre frihet til \u00e5 sette sammen pensjonssparingen selv, sier Christine Koch Hatlebrekke, investeringsdirekt\u00f8r i DNB Livsforsikring.<\/p>\n<p>Hva betyr dette for deg?<\/p>\n<p><a href=\"https:\/\/www.dnb.no\/dnbnyheter\/no\/bors-og-marked\/dnb-pensjonsprofiler-for-de-fleste\" target=\"_blank\" rel=\"nofollow noopener\">Selvvalgt pensjonskonto<\/a> passer for deg som \u00f8nsker frihet til \u00e5 bygge din egen fondsportef\u00f8lje, akkurat som med privat sparing. Du kan velge fond selv, sette sammen investeringene slik du \u00f8nsker og tilpasse risikoen etter dine m\u00e5l. Det er ogs\u00e5 en smart l\u00f8sning for \u00e5 samle pensjon og sparing p\u00e5 ett sted, slik at du f\u00e5r bedre oversikt og kontroll hos oss.<\/p>\n<p>Med det nye fondsutvalget for deg som har selvvalgt pensjonskonto i DNB blir det enklere \u00e5 finne fond som passer din strategi, enten du vil ha bred global eksponering, gr\u00f8nne investeringer eller spissede fond som gir ekstra krydder i portef\u00f8ljen.<\/p>\n<p><a href=\"https:\/\/www.dnb.no\/content\/dam\/dnb-nyheter\/bors-og-marked\/sparing-og-investering\/Nye_fond_selvvalgt_pensjonskonto_nov_2025.pdf\" target=\"_blank\" rel=\"nofollow noopener\">Sjekk ut listen over de nye fondene her.<\/a><\/p>\n","protected":false},"excerpt":{"rendered":"DNB utvider fondsutvalget for deg som har selvvalgt pensjonskonto, og n\u00e5 f\u00e5r du hele 74 nye fond. Nesten&hellip;\n","protected":false},"author":2,"featured_media":99828,"comment_status":"","ping_status":"","sticky":false,"template":"","format":"standard","meta":{"footnotes":""},"categories":[56],"tags":[135,60,61,350,138,6183,136,62,30,28,29,4440,6182,6181,137],"class_list":{"0":"post-99827","1":"post","2":"type-post","3":"status-publish","4":"format-standard","5":"has-post-thumbnail","7":"category-naeringsliv","8":"tag-aksjefond","9":"tag-business","10":"tag-economy","11":"tag-fond","12":"tag-indeksfond","13":"tag-innskuddspensjon","14":"tag-kombinasjonsfond","15":"tag-naeringsliv","16":"tag-no","17":"tag-norge","18":"tag-norway","19":"tag-pensjon","20":"tag-pensjonskonto","21":"tag-pensjonssparing","22":"tag-rentefond"},"share_on_mastodon":{"url":"https:\/\/pubeurope.com\/@no\/115632482747828493","error":""},"_links":{"self":[{"href":"https:\/\/www.europesays.com\/no\/wp-json\/wp\/v2\/posts\/99827","targetHints":{"allow":["GET"]}}],"collection":[{"href":"https:\/\/www.europesays.com\/no\/wp-json\/wp\/v2\/posts"}],"about":[{"href":"https:\/\/www.europesays.com\/no\/wp-json\/wp\/v2\/types\/post"}],"author":[{"embeddable":true,"href":"https:\/\/www.europesays.com\/no\/wp-json\/wp\/v2\/users\/2"}],"replies":[{"embeddable":true,"href":"https:\/\/www.europesays.com\/no\/wp-json\/wp\/v2\/comments?post=99827"}],"version-history":[{"count":0,"href":"https:\/\/www.europesays.com\/no\/wp-json\/wp\/v2\/posts\/99827\/revisions"}],"wp:featuredmedia":[{"embeddable":true,"href":"https:\/\/www.europesays.com\/no\/wp-json\/wp\/v2\/media\/99828"}],"wp:attachment":[{"href":"https:\/\/www.europesays.com\/no\/wp-json\/wp\/v2\/media?parent=99827"}],"wp:term":[{"taxonomy":"category","embeddable":true,"href":"https:\/\/www.europesays.com\/no\/wp-json\/wp\/v2\/categories?post=99827"},{"taxonomy":"post_tag","embeddable":true,"href":"https:\/\/www.europesays.com\/no\/wp-json\/wp\/v2\/tags?post=99827"}],"curies":[{"name":"wp","href":"https:\/\/api.w.org\/{rel}","templated":true}]}}