{"id":99831,"date":"2025-11-29T10:21:37","date_gmt":"2025-11-29T10:21:37","guid":{"rendered":"https:\/\/www.europesays.com\/no\/99831\/"},"modified":"2025-11-29T10:21:37","modified_gmt":"2025-11-29T10:21:37","slug":"har-du-tissa-pa-deg","status":"publish","type":"post","link":"https:\/\/www.europesays.com\/no\/99831\/","title":{"rendered":"&#8211; Har du tissa p\u00e5 deg?"},"content":{"rendered":"<p>\u00d8YER (Dagbladet): &#8211; Jeg er jo ganske heldig der da, for jeg har aldri svettet under armene, sier Silje Korsrud (31) til Dagbladet.<\/p>\n<p>D\u00e9t er imidlertid et av f\u00e5 steder Korsrud, som lider av hyperhidrose, ikke svetter.<\/p>\n<p>&#8211; Men i ansiktet, hodebunnen, p\u00e5 ryggraden, under- og mellom puppene og mellom beina, der svetter jeg.<\/p>\n<p>31-\u00e5ringen sier hun har slitt med ukontrollert svette s\u00e5 lenge hun kan huske, i det minste siden barneskolealder.<\/p>\n<p>Trebarnsmoren er vant til kommentarer og sp\u00f8rsm\u00e5l.<\/p>\n<p class=\"font-weight-bold m-font-weight-bold\" data-lab-font_weight=\"font-weight-bold\">\u00abKanskje er du i overgangsalderen?\u00bb<\/p>\n<p class=\"font-weight-bold m-font-weight-bold\" data-lab-font_weight=\"font-weight-bold\">\u00abMangler du vitaminer og mineraler?\u00bb<\/p>\n<p class=\"font-weight-bold m-font-weight-bold\" data-lab-font_weight=\"font-weight-bold\">\u00abKanskje du burde trene mer?\u00bb<\/p>\n<p>&#8211; Jeg f\u00f8ler at folk \u00f8nsker en forklaring p\u00e5 hvorfor jeg svetter, at det m\u00e5 v\u00e6re noe galt med meg, sier Korsrud.<\/p>\n<p>          <img loading=\"lazy\" decoding=\"async\" src=\"https:\/\/www.europesays.com\/no\/wp-content\/uploads\/2025\/11\/83914894.webp\" width=\"686\" height=\"392\" title=\"\u00abPROFESJONELL SVETTER\u00bb: SIlje Korsrud har lang erfaring med hyperhidrose. Foto: Danny Song Ngoc To \/ Dagbladet\" alt=\"\" class=\"\" style=\"--aspect-ratio-image: 1.75; \"\/><\/p>\n<p>\n          \u00abPROFESJONELL SVETTER\u00bb: SIlje Korsrud har lang erfaring med hyperhidrose. Foto: Danny Song Ngoc To \/ Dagbladet\n      <\/p>\n<p>\u00abProfesjonell svetter\u00bb\t<\/p>\n<p>Silje har l\u00e6rt seg \u00e5 v\u00e6re framp\u00e5 og heller fortelle at hun svetter mye, og kanskje sp\u00f8ke om det, forteller hun. Humoren blir en forsvarsmekanisme, p\u00e5 godt og vondt.<\/p>\n<p>Tidligere i \u00e5r opprettet hun en Tiktok-konto. Der omtaler Korsrud seg som en \u00abprofesjonell svetter etter nesten 31 \u00e5r i bransjen\u00bb.<\/p>\n<p>Flere av videoene har blitt sett titusenvis av ganger.\u00a0<\/p>\n<p>Men:<\/p>\n<p>Det er ikke mange rundt henne som vet om kontoen.<\/p>\n<p>&#8211; Det er bare eldstegutten, pappaen og s\u00f8steren min som vet om Tiktoken, sier hun.<\/p>\n<p class=\"italic m-italic\" data-lab-italic=\"italic\">&#8211; Og n\u00e5 f\u00e5r du tusenvis av visninger?<\/p>\n<p>&#8211; Det er sjukt skummelt, faktisk, sier 31-\u00e5ringen om at videoene blir sett av s\u00e5 mange.<\/p>\n<p>    <a itemprop=\"url\" href=\"https:\/\/www.dagbladet.no\/tema\/bihulebetennelse-koblet-til-alvorlig-sykdom\/83902676\" rel=\"nofollow noopener\" target=\"_blank\"><\/p>\n<p>      <img loading=\"lazy\" decoding=\"async\" src=\"https:\/\/www.europesays.com\/no\/wp-content\/uploads\/2025\/11\/83906295.webp\" width=\"980\" height=\"441\" title=\"Bihulebetennelse koblet til alvorlig sykdom\" alt=\"\" class=\"lazyload\" style=\"--aspect-ratio-image: 2.22; \"\/><\/p>\n<p>        Bihulebetennelse koblet til alvorlig sykdom<\/p>\n<p>    <\/a><\/p>\n<p>Likevel vil hun gjerne st\u00e5 i det, og fortelle hvordan det er \u00e5 ha hyperhidrose.<\/p>\n<p>&#8211; Jeg har jo f\u00f8lt at jeg har v\u00e6rt ganske alene om det i mange \u00e5r. Jeg har ikke visst om andre som svetter s\u00e5nn, og da f\u00f8ler man det blir litt skam og misforst\u00e5elser rundt det, sier Korsrud.<\/p>\n<p>&#8211; M\u00e5let mitt med Tiktoken er jo egentlig \u00e5 normalisere dette litt, legger hun til.<\/p>\n<p>Og det har hun allerede merket.<\/p>\n<p>&#8211; Det er flere i kommentarfeltet som skriver at de har diagnosen, og at de sliter med det &#8211; og sp\u00f8r om tips.<\/p>\n<p>          <img loading=\"lazy\" decoding=\"async\" src=\"https:\/\/www.europesays.com\/no\/wp-content\/uploads\/2025\/11\/83914886.webp\" width=\"686\" height=\"831\" title=\"V\u00c5TT: Det skal ikke mye til f\u00f8r svetten renner i ansiktet til Silje Korsrud (31). Foto: Privat\" alt=\"\" class=\"\" style=\"--aspect-ratio-image: 0.83; \"\/><\/p>\n<p>\n          V\u00c5TT: Det skal ikke mye til f\u00f8r svetten renner i ansiktet til Silje Korsrud (31). Foto: Privat\n      <\/p>\n<p>&#8211; Fikk mange blikk\t<\/p>\n<p>Det er en selvsikker 31-\u00e5ring som sitter og forteller Dagbladet &#8211; og deler med verden &#8211; om noe som mange kan f\u00f8le p\u00e5 som skambelagt.<\/p>\n<p>Det har imidlertid ikke alltid v\u00e6rt s\u00e5nn, forteller Korsrud.<\/p>\n<p>&#8211; Jeg fikk min eldste s\u00f8nn da jeg var 18 \u00e5r, p\u00e5 videreg\u00e5ende. Det er jo den tida man vil at folk skal tenke at man er en god mor, selv om du er en ung mor, sier hun.<\/p>\n<p>&#8211; Da f\u00f8lte jeg at jeg fikk veldig mange blikk hvis jeg var med p\u00e5 noe offentlig med ham. Svetten kunne begynne bare jeg skulle leie ham rundt p\u00e5 et eller annet.<\/p>\n<p>&#8211; Da holdt jeg meg ofte inne. Det var lettere \u00e5 si nei enn \u00e5 v\u00e6re med p\u00e5 ting.<\/p>\n<p>          <img loading=\"lazy\" decoding=\"async\" src=\"https:\/\/www.europesays.com\/no\/wp-content\/uploads\/2025\/11\/83915527.webp\" width=\"686\" height=\"604\" title=\"SKAL IKKE MYE TIL: Det skal ikke mye til f\u00f8r Silje Korsrud (31) begynner \u00e5 svette i ansiktet. Foto: Privat\" alt=\"\" class=\"\" style=\"--aspect-ratio-image: 1.14; \"\/><\/p>\n<p>\n          SKAL IKKE MYE TIL: Det skal ikke mye til f\u00f8r Silje Korsrud (31) begynner \u00e5 svette i ansiktet. Foto: Privat\n      <\/p>\n<p>&#8211; Barnas beste\t<\/p>\n<p>Da hun fikk barn nummer to kjente hun fortsatt p\u00e5 skam for svetten.<\/p>\n<p>&#8211; Men jeg m\u00e5tte snu det, for barnas beste. Jeg ville ikke at de skal g\u00e5 glipp av aktiviteter. Etter hvert har jeg blitt litt tryggere i det, og bruker kanskje litt humor som et skalkeskjul.<\/p>\n<p>Og det er ikke bare p\u00e5 privaten at Korsrud er aktiv.<\/p>\n<p>Hun jobber som f\u00f8rskolel\u00e6rer i en barnehage. Ikke akkurat en arbeidsplass hvor man sitter klistret til kontorstolen.<\/p>\n<p>Hun trekker fram et eksempel:<\/p>\n<p>&#8211; Vi skulle p\u00e5 tur og g\u00e5 opp til hoppbakken i Lillehammer med tre\u00e5ringene. De har jo ikke lange bein, s\u00e5 vi g\u00e5r ikke fort. N\u00e5r vi kommer opp, s\u00e5 ser det ut som jeg har tisset p\u00e5 meg, av svette.<\/p>\n<p>          <img loading=\"lazy\" decoding=\"async\" src=\"https:\/\/www.europesays.com\/no\/wp-content\/uploads\/2025\/11\/83914814.webp\" width=\"686\" height=\"419\" title=\"V\u00c5TT: Dette er alts\u00e5 svette, ikke tiss. Foto: Privat\" alt=\"\" class=\"\" style=\"--aspect-ratio-image: 1.64; \"\/><\/p>\n<p>\n          V\u00c5TT: Dette er alts\u00e5 svette, ikke tiss. Foto: Privat\n      <\/p>\n<p>&#8211; Da var shortsen helt blaut, og ungene spurte\u00a0\u00abHar du tissa p\u00e5 deg, Silje?\u00bb<\/p>\n<p>&#8211;\u00a0Alle br\u00f8t ut i latter, b\u00e5de kollegaene mine og jeg.<\/p>\n<p>          <img loading=\"lazy\" decoding=\"async\" src=\"https:\/\/www.europesays.com\/no\/wp-content\/uploads\/2025\/11\/83915523.webp\" width=\"980\" height=\"559\" title=\"IKKE HELT T\u00d8RT: S\u00e5 og si hele shortsen ble svettet ned. Foto: Privat\" alt=\"\" class=\"\" style=\"--aspect-ratio-image: 1.75; \"\/><\/p>\n<p>\n          IKKE HELT T\u00d8RT: S\u00e5 og si hele shortsen ble svettet ned. Foto: Privat\n      <\/p>\n<p>Elsker regn p\u00e5 17. mai\t<\/p>\n<p>Men det er ikke bare \u00e5 le svetten bort. For den setter sine spor, bokstavelig talt.<\/p>\n<p>&#8211; Jeg tenker p\u00e5 det hele tida. Det p\u00e5virker jo alt i hverdagen. Alt fra hvilke m\u00f8bler jeg kan sitte p\u00e5, til om jeg ser nerv\u00f8s ut p\u00e5 butikken.<\/p>\n<p>&#8211; Hvis jeg sitter p\u00e5 en plaststol m\u00e5 jeg alltid reise meg og se om rumpa sitter igjen.<\/p>\n<p>    <a itemprop=\"url\" href=\"https:\/\/www.dagbladet.no\/tema\/advarer-hudplagen-forveksles-med-pigmentflekker\/83863408\" rel=\"nofollow noopener\" target=\"_blank\"><\/p>\n<p>      <img loading=\"lazy\" decoding=\"async\" src=\"https:\/\/www.europesays.com\/no\/wp-content\/uploads\/2025\/11\/83879527.webp\" width=\"980\" height=\"441\" title=\"Advarer: Hudplagen forveksles med pigmentflekker\" alt=\"\" class=\"lazyload\" style=\"--aspect-ratio-image: 2.22; \"\/><\/p>\n<p>        Advarer: Hudplagen forveksles med pigmentflekker<\/p>\n<p>    <\/a><\/p>\n<p>Kl\u00e6r og sminke er et eget kapittel.<\/p>\n<p>&#8211; Jeg har en overflod av svarte bukser!<\/p>\n<p>Hvite bukser bruker hun ikke. Singlet bruker hun under genseren &#8211; for \u00e5 absorbere svette.<\/p>\n<p>        VARME: Hvor varmt blir det egentlig i bilen n\u00e5r sola steker? Dagbladet testet det ut. Reporter: Karolina Grace Rusov-Hansen. Video: \u00d8ystein S\u00e6thre<\/p>\n<p>&#8211; Jeg elsker 17. mai, men jeg hater det p\u00e5 en m\u00e5te \u00f2g, sier Korsrud.<\/p>\n<p>Hun har v\u00e6rt klassekontakt for eldstegutten. Det betyr 17. mai-tog.<\/p>\n<p>&#8211; Da blir jeg gjennomv\u00e5t, og det g\u00e5r ikke an \u00e5 skjule det. Jeg ser helt nydusja ut i h\u00e5ret.<\/p>\n<p>&#8211; Jeg er en av de f\u00e5 som elsker 17. mai hvis det regner, da er jeg den ene som g\u00e5r uten paraply, sier hun og ler.<\/p>\n","protected":false},"excerpt":{"rendered":"\u00d8YER (Dagbladet): &#8211; Jeg er jo ganske heldig der da, for jeg har aldri svettet under armene, sier&hellip;\n","protected":false},"author":2,"featured_media":99832,"comment_status":"","ping_status":"","sticky":false,"template":"","format":"standard","meta":{"footnotes":""},"categories":[5],"tags":[20,21,24,25,15,736,19,2539,22,23,17,18,13,30,28,29,14,16,12740,26,27],"class_list":{"0":"post-99831","1":"post","2":"type-post","3":"status-publish","4":"format-standard","5":"has-post-thumbnail","7":"category-overskrifter","8":"tag-breaking-news","9":"tag-breakingnews","10":"tag-featured-news","11":"tag-featurednews","12":"tag-headlines","13":"tag-helse","14":"tag-hovedoppslag","15":"tag-innenriks","16":"tag-latest-news","17":"tag-latestnews","18":"tag-main-news","19":"tag-mainnews","20":"tag-news","21":"tag-no","22":"tag-norge","23":"tag-norway","24":"tag-nyheter","25":"tag-overskrifter","26":"tag-svette","27":"tag-top-stories","28":"tag-topstories"},"share_on_mastodon":{"url":"https:\/\/pubeurope.com\/@no\/115632490970621119","error":""},"_links":{"self":[{"href":"https:\/\/www.europesays.com\/no\/wp-json\/wp\/v2\/posts\/99831","targetHints":{"allow":["GET"]}}],"collection":[{"href":"https:\/\/www.europesays.com\/no\/wp-json\/wp\/v2\/posts"}],"about":[{"href":"https:\/\/www.europesays.com\/no\/wp-json\/wp\/v2\/types\/post"}],"author":[{"embeddable":true,"href":"https:\/\/www.europesays.com\/no\/wp-json\/wp\/v2\/users\/2"}],"replies":[{"embeddable":true,"href":"https:\/\/www.europesays.com\/no\/wp-json\/wp\/v2\/comments?post=99831"}],"version-history":[{"count":0,"href":"https:\/\/www.europesays.com\/no\/wp-json\/wp\/v2\/posts\/99831\/revisions"}],"wp:featuredmedia":[{"embeddable":true,"href":"https:\/\/www.europesays.com\/no\/wp-json\/wp\/v2\/media\/99832"}],"wp:attachment":[{"href":"https:\/\/www.europesays.com\/no\/wp-json\/wp\/v2\/media?parent=99831"}],"wp:term":[{"taxonomy":"category","embeddable":true,"href":"https:\/\/www.europesays.com\/no\/wp-json\/wp\/v2\/categories?post=99831"},{"taxonomy":"post_tag","embeddable":true,"href":"https:\/\/www.europesays.com\/no\/wp-json\/wp\/v2\/tags?post=99831"}],"curies":[{"name":"wp","href":"https:\/\/api.w.org\/{rel}","templated":true}]}}