{"id":99841,"date":"2025-11-29T10:28:16","date_gmt":"2025-11-29T10:28:16","guid":{"rendered":"https:\/\/www.europesays.com\/no\/99841\/"},"modified":"2025-11-29T10:28:16","modified_gmt":"2025-11-29T10:28:16","slug":"vil-forhandle-na-e24","status":"publish","type":"post","link":"https:\/\/www.europesays.com\/no\/99841\/","title":{"rendered":"\u2013 Vil forhandle n\u00e5 \u2013 E24"},"content":{"rendered":"<p class=\"fullWidthDesktop hyperion-css-71ztg2\" data-test-tag=\"lead-text\">MDG-leder Arild Hermstad ankom forhandlingene etter en protestpause.<\/p>\n<p><img decoding=\"async\" class=\"image-asset hyperion-css-u06ts1\" data-test-tag=\"image-asset\" src=\"https:\/\/www.europesays.com\/no\/wp-content\/uploads\/2025\/11\/65a41b1d-13e1-4764-a4b6-3b768434a4c6\"  alt=\"DUKKET OPP: MDG-leder Arild Hermstad ankom forhandlingene rundt 11.00 l\u00f8rdag morgen.\"  loading=\"eager\" fetchpriority=\"high\" style=\"aspect-ratio:1900 \/ 1425\"\/>DUKKET OPP: MDG-leder Arild Hermstad ankom forhandlingene rundt 11.00 l\u00f8rdag morgen. Foto: Bj\u00f8rn HauganPublisert: <\/p>\n<p>For mindre enn 3 timer siden<\/p>\n<p>Oppdatert n\u00e5 nettopp<\/p>\n<ul class=\"hyperion-css-pte5x0\">\n<li aria-label=\"link\" class=\"narrow-button hyperion-css-1sz7d3n\">Kopier lenke<\/li>\n<li aria-label=\"link\" class=\"wide-button hyperion-css-1sz7d3n\">Kopier lenke<\/li>\n<li aria-label=\"facebook\" class=\"narrow-button hyperion-css-1sz7d3n\">Del p\u00e5 Facebook<\/li>\n<li aria-label=\"facebook\" class=\"wide-button hyperion-css-1sz7d3n\">Del p\u00e5 Facebook<\/li>\n<li aria-label=\"email\" class=\"narrow-button hyperion-css-1sz7d3n\">Del med e-post<\/li>\n<li aria-label=\"email\" class=\"wide-button hyperion-css-1sz7d3n\">Del med e-post<\/li>\n<\/ul>\n<p class=\"hyperion-css-1lemvax\">MDG har tatt en pause i forhandlingene om neste \u00e5rs statsbudsjett fordi han mener Ap har gitt for lite n\u00e5r det gjelder en gr\u00f8nnere oljepolitikk, men litt over klokken 11.00 ankom han forhandlingsrommet.<\/p>\n<p class=\"hyperion-css-1lemvax\">\u2013 Vi vil forhandle, m\u00e5let er i \u00e5 f\u00e5 gang reelle forhandlinger, sier han.<\/p>\n<p class=\"hyperion-css-1lemvax\">\u2013 Hva m\u00e5 du ha p\u00e5 plass? <\/p>\n<p class=\"hyperion-css-1lemvax\">\u2013 Vi har v\u00e6rt tydelige hele veien p\u00e5 hva som er viktig for oss, og det er fremdeles viktig for oss. <\/p>\n<p class=\"hyperion-css-1lemvax\">SV-leder Kirsti Bergst\u00f8 ankom klokken 10.10.<\/p>\n<p class=\"hyperion-css-1lemvax\">Hun sa hun hadde sovet godt og var klar til \u00e5 forhandle.<\/p>\n<p><img decoding=\"async\" class=\"image-asset hyperion-css-1zqg47\" data-test-tag=\"image-asset\" src=\"https:\/\/www.europesays.com\/no\/wp-content\/uploads\/2025\/11\/1764412092_466_de8205c3-fbf0-4084-a0c6-e52ab34cdb3f\"  alt=\"LUKKET: Bak denne d\u00f8ren p\u00e5 Stortinget forhandler de parlamentariske lederne om budsjettet.\"  loading=\"eager\" fetchpriority=\"high\" style=\"aspect-ratio:1900 \/ 1226\"\/>LUKKET: Bak denne d\u00f8ren p\u00e5 Stortinget forhandler de parlamentariske lederne om budsjettet. Foto: Bj\u00f8rn HauganVil styrke velferden<\/p>\n<p class=\"hyperion-css-1lemvax\">Forhandlingene kan g\u00e5 inn i sin siste fase i helgen, men det er stor usikkerhet om utfallet.<\/p>\n<p class=\"hyperion-css-1lemvax\">R\u00f8dt-leder Marie Sneve Martinussen var klar for \u00e5 ta og gi da hun ankom l\u00f8rdag formiddag.<\/p>\n<p class=\"hyperion-css-1lemvax\">\u2013 Har Arbeiderpartiet lagt frem et nytt forslag i dag?<\/p>\n<p class=\"hyperion-css-1lemvax\">\u2013 Jeg er p\u00e5 vei inn til et m\u00f8te der R\u00f8dt kommer til \u00e5 st\u00e5 hardt p\u00e5 for at folk f\u00e5r styrket velferden sin ute i landet og vet egentlig ikke mer enn det. Men jeg vet veldig godt hva R\u00f8ds krav og g\u00e5r trygg inn i dette m\u00f8tet her, sier Martinussen.<\/p>\n<p class=\"hyperion-css-1lemvax\">\u2013 Hva er viktigst for R\u00f8dt n\u00e5?<\/p>\n<p class=\"hyperion-css-1lemvax\">\u2013 Det som er viktigst for R\u00f8dt hele tiden er \u00e5 styrke velferden. Vi vet at det rundt i Kommune-Norge st\u00e5r veldig skrekkelig til. De som sitter rundt i R\u00e5dhus og s\u00e5nt og forhandler om budsjett har kjempetrange rammer. Bare vi p\u00e5 Stortinget kan gi de bedre rammer. Det er en av v\u00e5re viktigste saker, svarer R\u00f8dt-lederen.<\/p>\n<p><img decoding=\"async\" class=\"image-asset hyperion-css-n6kkq1\" data-test-tag=\"image-asset\" src=\"https:\/\/www.europesays.com\/no\/wp-content\/uploads\/2025\/11\/b6a3a421-51eb-4a8a-8e38-eb141cffe133\"  alt=\"\"  fetchpriority=\"auto\" style=\"aspect-ratio:1900 \/ 1425\"\/>Marie Sneve Martinussen<\/p>\n<p class=\"hyperion-css-1lemvax\">R\u00f8dt-lederen var p\u00e5 plass for forhandlinger l\u00f8rdag morgen.<\/p>\n<p>\u2013 Vi stiller krav<\/p>\n<p class=\"hyperion-css-1lemvax\">P\u00e5 vei inn til forhandlingsbordet fikk R\u00f8dt-lederen ogs\u00e5 sp\u00f8rsm\u00e5l om \u00abdet knallharde kj\u00f8ret MDG n\u00e5 har knyttet til oljeletinger\u00bb.<\/p>\n<p class=\"hyperion-css-1lemvax\">\u2013 Alle partier gj\u00f8r sine vurderinger av hvordan en best tror en kommer i m\u00e5l p\u00e5 vegne av velgerne sine. R\u00f8dt har valgt \u00e5 v\u00e6re konstruktive og lete etter muligheter for \u00e5 f\u00e5 til resultater. Jeg tror folk der hjemme er mest opptatt av at vi politikere g\u00e5r p\u00e5 jobb for \u00e5 f\u00e5 til noe. Og det kan jeg love har v\u00e6rt R\u00f8dts holdning gjennom netter og uker her p\u00e5 Stortinget, sier Martinussen.<\/p>\n<p class=\"hyperion-css-1lemvax\">\u2013 Men stiller dere ogs\u00e5 krav i oljepolitikken?<\/p>\n<p class=\"hyperion-css-1lemvax\">\u2013 Vi stiller krav i tr\u00e5d med R\u00f8dts politikk. Og s\u00e5 vet vi at vi er ett av fem partier, fikk 5.3 prosent i valget, s\u00e5 kan vi ikke diktere ett helt statsbudsjett. V\u00e5r jobb er \u00e5 v\u00e6re tydelige p\u00e5 v\u00e5re prioriteringer s\u00e5nn at vi faktisk sitter igjen med noen resultater, svarer hun.<\/p>\n<p class=\"hyperion-css-1lemvax\">\u2013 Og det er spesielt p\u00e5 velferd?<\/p>\n<p class=\"hyperion-css-1lemvax\">\u2013 Det er flere ting. Det er velferdt, f\u00e5 ned forskjeller, en rettferdig milj\u00f8politikk som tar vare p\u00e5 naturen og at Norge gj\u00f8r mer for Palestina. Det sa jeg f\u00f8r valget og vi holder det vi lover, svarer R\u00f8dt-lederen.<\/p>\n<p><img decoding=\"async\" class=\"image-asset hyperion-css-n6kkq1\" data-test-tag=\"image-asset\" src=\"https:\/\/www.europesays.com\/no\/wp-content\/uploads\/2025\/11\/66428033-e41c-4d64-a75b-34e75fb5a403\"  alt=\"\"  fetchpriority=\"auto\" style=\"aspect-ratio:1900 \/ 1267\"\/>Trygve Slagsvold Vedum\u2013 Spisset seg fredag<\/p>\n<p class=\"hyperion-css-1lemvax\">Fredag <a aria-label=\"spisset det seg kraftig til \" class=\"default hyperion-css-1rezu2g\" href=\"https:\/\/www.vg.no\/nyheter\/i\/d452zw\/vg-erfarer-forhandlingene-loeftes-til-partilederne\" rel=\"noopener nofollow noreferrer\" data-test-tag=\"external-link\" target=\"_blank\">spisset det seg kraftig til <\/a>om fremtidig leting etter olje- og gass.<\/p>\n<p class=\"hyperion-css-1lemvax\">Sp-leder Trygve Slagsvold Vedum gikk kraftig ut mot MDG.<\/p>\n<p class=\"hyperion-css-1lemvax\">Vedum mener det skal forhandles om statsbudsjettet, ikke om viktige prinsipielle sp\u00f8rsm\u00e5l som han mener en debatt om Norges fremtid som oljenasjon er.<\/p>\n<p><img decoding=\"async\" class=\"image-asset hyperion-css-n6kkq1\" data-test-tag=\"image-asset\" src=\"https:\/\/www.europesays.com\/no\/wp-content\/uploads\/2025\/11\/0a16e388-af4d-4904-bcb0-b110753f3b54\"  alt=\"\"  fetchpriority=\"auto\" style=\"aspect-ratio:1900 \/ 1425\"\/>Kirsti Bergst\u00f8<\/p>\n<p class=\"hyperion-css-1lemvax\">Sv-lederen var ogs\u00e5 p\u00e5 plass p\u00e5 Stortinget l\u00f8rdag.<\/p>\n<p>\u2013 Handler om \u00e5 gi og f\u00e5<\/p>\n<p class=\"hyperion-css-1lemvax\">MDG-leder Arild Hermstad fn\u00f8s av p\u00e5standen.<\/p>\n<p class=\"hyperion-css-1lemvax\">\u2013 Det ligger over 100 milliarder i oljeinvesteringer i budsjettet. Skal vi stemme for det, m\u00e5 noe trekke i motsatt og gr\u00f8nnere retning, meldte han til VG fredag ettermiddag.<\/p>\n<p class=\"hyperion-css-1lemvax\">Og la til:<\/p>\n<p class=\"hyperion-css-1lemvax\">\u2013 En dreven hestehandler som Vedum vet godt at forhandlinger handler om \u00e5 gi og f\u00e5. Det klinger ogs\u00e5 hult at Vedum n\u00e5 er mot politikkforslag i budsjettet. I v\u00e5r la Ap, Sp og SV inn 47 slike \u2013 og de fleste kom fra Senterpartiet selv.<\/p>\n<p><img decoding=\"async\" class=\"image-asset hyperion-css-n6kkq1\" data-test-tag=\"image-asset\" src=\"https:\/\/www.europesays.com\/no\/wp-content\/uploads\/2025\/11\/1764412096_639_2c48352e-561e-420b-b70b-ee4d2f6188ec\"  alt=\"\"  fetchpriority=\"auto\" style=\"aspect-ratio:1900 \/ 1425\"\/>Arild Hermstad\u2013 Iskaldt og steinhardt Ap<\/p>\n<p class=\"hyperion-css-1lemvax\">Det er flere enn MDG som har formidlet at det er t\u00f8ffe tak:<\/p>\n<p class=\"hyperion-css-1lemvax\">SV-nestleder Lars Haltbrekken sier til<a aria-label=\" Klassekampen \" class=\"default hyperion-css-1rezu2g\" href=\"https:\/\/klassekampen.no\/artikkel\/2025-11-29\/ap-er-mykje-verre-enn-for\" rel=\"noopener nofollow noreferrer\" data-test-tag=\"external-link\" target=\"_blank\"> Klassekampen <\/a>at dragkampen de siste ukene har v\u00e6rt mer krevende enn det SV opplevde i forrige stortingsperiode.<\/p>\n<p class=\"hyperion-css-1lemvax\">\u2013 Ap er mye verre. Det er et iskaldt og steinhardt Ap vi m\u00f8ter i forhandlingene n\u00e5, sier Haltbrekken.<\/p>\n<p class=\"hyperion-css-1lemvax\">Det er de parlamentariske lederne i de fem partiene som forhandler i helgen:<\/p>\n<p class=\"hyperion-css-1lemvax\">Tonje Brenna for Ap, SV-leder Kirsti Bergst\u00f8, R\u00f8dt-leder Marie Sneve Martinussen og Sp-leder Trygve Slagsvold Vedum.<\/p>\n<p class=\"hyperion-css-1lemvax\">L\u00f8rdag formiddag m\u00f8tte Geir Pollestad og Bj\u00f8rn Arild Gram i stedet for Vedum.<\/p>\n<p class=\"hyperion-css-1lemvax\">Arild Hermstad er forhandler for MDG. <\/p>\n<p><a data-test-tag=\"teaser-small:link-internal\" href=\"https:\/\/e24.no\/norsk-oekonomi\/i\/2pne4r\/forhandlingene-satt-paa-pause-opplever-ikke-bevegelse\" class=\"imagePosition-top inline hyperion-css-6238vu\" rel=\"nofollow noopener\" target=\"\" aria-label=\"Forhandlingene satt p\u00e5 pause: \u2013 Opplever ikke bevegelse\"><\/p>\n<p>Les ogs\u00e5<\/p>\n<p>Forhandlingene satt p\u00e5 pause: \u2013 Opplever ikke bevegelse<\/p>\n<p><\/a><\/p>\n","protected":false},"excerpt":{"rendered":"MDG-leder Arild Hermstad ankom forhandlingene etter en protestpause. DUKKET OPP: MDG-leder Arild Hermstad ankom forhandlingene rundt 11.00 l\u00f8rdag&hellip;\n","protected":false},"author":2,"featured_media":99842,"comment_status":"","ping_status":"","sticky":false,"template":"","format":"standard","meta":{"footnotes":""},"categories":[5],"tags":[20,21,24,25,15,19,22,23,17,18,13,30,28,29,14,16,26,27],"class_list":{"0":"post-99841","1":"post","2":"type-post","3":"status-publish","4":"format-standard","5":"has-post-thumbnail","7":"category-overskrifter","8":"tag-breaking-news","9":"tag-breakingnews","10":"tag-featured-news","11":"tag-featurednews","12":"tag-headlines","13":"tag-hovedoppslag","14":"tag-latest-news","15":"tag-latestnews","16":"tag-main-news","17":"tag-mainnews","18":"tag-news","19":"tag-no","20":"tag-norge","21":"tag-norway","22":"tag-nyheter","23":"tag-overskrifter","24":"tag-top-stories","25":"tag-topstories"},"share_on_mastodon":{"url":"https:\/\/pubeurope.com\/@no\/115632518509279471","error":""},"_links":{"self":[{"href":"https:\/\/www.europesays.com\/no\/wp-json\/wp\/v2\/posts\/99841","targetHints":{"allow":["GET"]}}],"collection":[{"href":"https:\/\/www.europesays.com\/no\/wp-json\/wp\/v2\/posts"}],"about":[{"href":"https:\/\/www.europesays.com\/no\/wp-json\/wp\/v2\/types\/post"}],"author":[{"embeddable":true,"href":"https:\/\/www.europesays.com\/no\/wp-json\/wp\/v2\/users\/2"}],"replies":[{"embeddable":true,"href":"https:\/\/www.europesays.com\/no\/wp-json\/wp\/v2\/comments?post=99841"}],"version-history":[{"count":0,"href":"https:\/\/www.europesays.com\/no\/wp-json\/wp\/v2\/posts\/99841\/revisions"}],"wp:featuredmedia":[{"embeddable":true,"href":"https:\/\/www.europesays.com\/no\/wp-json\/wp\/v2\/media\/99842"}],"wp:attachment":[{"href":"https:\/\/www.europesays.com\/no\/wp-json\/wp\/v2\/media?parent=99841"}],"wp:term":[{"taxonomy":"category","embeddable":true,"href":"https:\/\/www.europesays.com\/no\/wp-json\/wp\/v2\/categories?post=99841"},{"taxonomy":"post_tag","embeddable":true,"href":"https:\/\/www.europesays.com\/no\/wp-json\/wp\/v2\/tags?post=99841"}],"curies":[{"name":"wp","href":"https:\/\/api.w.org\/{rel}","templated":true}]}}