{"id":99875,"date":"2025-11-29T11:25:50","date_gmt":"2025-11-29T11:25:50","guid":{"rendered":"https:\/\/www.europesays.com\/no\/99875\/"},"modified":"2025-11-29T11:25:50","modified_gmt":"2025-11-29T11:25:50","slug":"black-week-black-friday-black-friday-salg-hos-floyd","status":"publish","type":"post","link":"https:\/\/www.europesays.com\/no\/99875\/","title":{"rendered":"Black week, Black Friday | Black Friday salg hos Floyd"},"content":{"rendered":"\n<p>Det finnes f\u00e5 ting som f\u00f8les like magisk som \u00e5 finne den kjolen &#8211; perfekte kjolen til \u00e5rets siste fester. Og hva er enda bedre enn \u00e5 finne den kjole? \u00c5 finne den p\u00e5 salg.<\/p>\n<p>N\u00e5 kan du ikke bare klikke hjem en kjole eller to, men ogs\u00e5 andre festplagg til skikkelig gode priser. Floyd feirer Black Friday og gir deg hele 30% rabatt p\u00e5 sesongens plagg!<\/p>\n<p><a href=\"https:\/\/in.floyd.no\/t\/t?a=1967833866&amp;as=1069823523&amp;t=2&amp;tk=1&amp;epi=BlackWeek&amp;url=https:\/\/www.floyd.no\/bestselgere\" rel=\"Follow nofollow noopener\" target=\"_blank\"><b>Hos Floyd finner du n\u00e5 bestselgere p\u00e5 Black Week-tilbud<\/b><\/a><\/p>\n<p>Kjoler p\u00e5 salg<\/p>\n<p>En ny kjole til \u00e5rets julebord, julelunsj eller nytt\u00e5rsaften er nesten obligatorisk \u2013 og enda bedre blir det n\u00e5r du finner dr\u00f8mmekjolen p\u00e5 salg. Da kan du faktisk unne deg to uten d\u00e5rlig samvittighet. Vakre farger, glitrende paljetter og feminine silhuetter venter p\u00e5 deg \u2013 alt til rabatterte priser. Her finner du festfavorittene som gj\u00f8r deg str\u00e5lende gjennom hele sesongen.<\/p>\n<p>   <img decoding=\"async\" width=\"1074\" height=\"1328\" fetchpriority=\"low\"  loading=\"lazy\"  src=\"https:\/\/www.europesays.com\/no\/wp-content\/uploads\/2025\/11\/velour-kjole-blackweek.jpg\" alt=\"\" class=\"brick-c-cFOWSL\" style=\"--brick-image-ratio: 1074 \/ 1328;\"\/><\/p>\n<p>      Det beste med festkl\u00e6r er at de f\u00e5r deg til \u00e5 f\u00f8le deg som hovedpersonen \u2013 uansett anledning.<\/p>\n<p>En elegant velourkjole i mykt, glansfullt materiale som gir et eksklusivt og luksuri\u00f8st uttrykk.<\/p>\n<p><b><a rel=\"Follow nofollow noopener\" href=\"https:\/\/in.floyd.no\/t\/t?a=1967833866&amp;as=1069823523&amp;t=2&amp;tk=1&amp;epi=blackweek&amp;url=https:\/\/www.floyd.no\/floyd-kjole-gloria-velvet-black\" target=\"_blank\">P\u00e5 salg her<\/a><\/b><\/p>\n<p>   <img decoding=\"async\" width=\"1090\" height=\"1346\" fetchpriority=\"low\"  loading=\"lazy\"  src=\"https:\/\/www.europesays.com\/no\/wp-content\/uploads\/2025\/11\/rod-kjole-floyd.jpg\" alt=\"\" class=\"brick-c-cFOWSL\" style=\"--brick-image-ratio: 1090 \/ 1346;\"\/><\/p>\n<p>Alle b\u00f8r eie minst en r\u00f8d kjole som kan brukes denne sesongen. Denne satengkjolen er elegant og s\u00f8t, og kan dermed brukes til flere anledninger. <\/p>\n<p><b><a href=\"https:\/\/in.floyd.no\/t\/t?a=1967833866&amp;as=1069823523&amp;t=2&amp;tk=1&amp;url=https:\/\/www.floyd.no\/floyd-kjole-emmeli-v-satin-uni-short-bordeaux\" rel=\"Follow nofollow noopener\" target=\"_blank\">N\u00e5 er den satt ned med 30% rabatt her<\/a><\/b><\/p>\n<p>   <img decoding=\"async\" width=\"1092\" height=\"1364\" fetchpriority=\"low\"  loading=\"lazy\"  src=\"https:\/\/www.europesays.com\/no\/wp-content\/uploads\/2025\/11\/blondekjole-floyd-blackweek.jpg\" alt=\"\" class=\"brick-c-cFOWSL\" style=\"--brick-image-ratio: 1092 \/ 1364;\"\/><\/p>\n<p>      Romantiske blonder g\u00e5r aldri av moten<\/p>\n<p>En lekker blondeoverdel med h\u00f8y hals, gjennomsiktige ermer og et smalt, elegant skj\u00f8rt gj\u00f8r denne kjolen til det perfekte romantiske festplagget n\u00e5r du vil f\u00f8le deg b\u00e5de klassisk og uimotst\u00e5elig.<\/p>\n<p><b><a rel=\"Follow nofollow noopener\" href=\"https:\/\/in.floyd.no\/t\/t?a=1967833866&amp;as=1069823523&amp;t=2&amp;tk=1&amp;epi=blackweek&amp;url=https:\/\/www.floyd.no\/floyd-blondekjole-clarisa-lace-black\" target=\"_blank\">Se kjolen p\u00e5 tilbud her<\/a><\/b><\/p>\n<p>   <img decoding=\"async\" width=\"1078\" height=\"1346\" fetchpriority=\"low\"  loading=\"lazy\"  src=\"https:\/\/www.europesays.com\/no\/wp-content\/uploads\/2025\/11\/velourkjole-floyd-blackweek.jpg\" alt=\"\" class=\"brick-c-cFOWSL\" style=\"--brick-image-ratio: 1078 \/ 1346;\"\/><\/p>\n<p>En flatterende kjole i myk velour. Vi elsker den dype gr\u00f8nnfargen og det luksuri\u00f8se uttrykket. <\/p>\n<p><b><a href=\"https:\/\/in.floyd.no\/t\/t?a=1967833866&amp;as=1069823523&amp;t=2&amp;tk=1&amp;epi=BlackWeek&amp;url=https:\/\/www.floyd.no\/floyd-kjole-diane-velvet-dark-green\" rel=\"Follow nofollow noopener\" target=\"_blank\">N\u00e5 kan den bli din til 30% rabatt<\/a><\/b><\/p>\n<p>   <img decoding=\"async\" width=\"1092\" height=\"1310\" fetchpriority=\"low\"  loading=\"lazy\"  src=\"https:\/\/www.europesays.com\/no\/wp-content\/uploads\/2025\/11\/brun-kjole-velour-floyd.jpg\" alt=\"\" class=\"brick-c-cFOWSL\" style=\"--brick-image-ratio: 1092 \/ 1310;\"\/><\/p>\n<p>      En flatterende fasong og nydelig stoff<\/p>\n<p>En varm brun velourdr\u00f8m med flatterende omslag, puff\u00adermer og rysjekantet skj\u00f8rt \u2013 en luksuri\u00f8s og behagelig festfavoritt som glitrer like fint til h\u00e6ler som til boots.<\/p>\n<p><b><a rel=\"Follow nofollow noopener\" href=\"https:\/\/in.floyd.no\/t\/t?a=1967833866&amp;as=1069823523&amp;t=2&amp;tk=1&amp;epi=blackweek&amp;url=https:\/\/www.floyd.no\/floyd-25-kjole-alyssa-velvet-brown\" target=\"_blank\">Kjolen er p\u00e5 tilbud her<\/a><\/b><\/p>\n<p>   <img decoding=\"async\" width=\"1098\" height=\"1346\" fetchpriority=\"low\"  loading=\"lazy\"  src=\"https:\/\/www.europesays.com\/no\/wp-content\/uploads\/2025\/11\/festkjole-floyd-blackweek-tilbud.jpg\" alt=\"\" class=\"brick-c-cFOWSL\" style=\"--brick-image-ratio: 1098 \/ 1346;\"\/><\/p>\n<p>      En festkjole er det perfekte antrekket i et plagg<\/p>\n<p>En m\u00f8rkebrun velourkjole med subtilt leoprint, flatterende V-utringning, elegant puff i ermene og et lett, dobbelt skj\u00f8rt som danser med deg \u2013 en luksuri\u00f8s og superkomfortabel festfavoritt som alltid gj\u00f8r inntrykk.<\/p>\n<p><b><a rel=\"Follow nofollow noopener\" href=\"https:\/\/in.floyd.no\/t\/t?a=1967833866&amp;as=1069823523&amp;t=2&amp;tk=1&amp;epi=blackweek&amp;url=https:\/\/www.floyd.no\/floyd-kjole-diane-leo-velvet-brown\" target=\"_blank\">Klikk den hjem p\u00e5 tilbud <\/a><\/b><\/p>\n<p>Festplagg p\u00e5 salg<\/p>\n<p>Det er f\u00e5 ting som sl\u00e5r f\u00f8lelsen av \u00e5 finne det perfekte festantrekket \u2013 bortsett fra \u00e5 finne det p\u00e5 salg. Plutselig kan du unne deg b\u00e5de den glitrende toppen og de elegante buksene, uten at bankkontoen sender deg passiv-aggressive meldinger.<\/p>\n<p><b><a href=\"https:\/\/in.floyd.no\/t\/t?a=1967833866&amp;as=1069823523&amp;t=2&amp;tk=1&amp;epi=BlackWeek&amp;url=https:\/\/www.floyd.no\/bestselgere\" rel=\"Follow nofollow noopener\" target=\"_blank\">Floyd byr p\u00e5 30% rabatt under Black Week! <\/a><\/b><\/p>\n<p>   <img decoding=\"async\" width=\"1098\" height=\"1344\" fetchpriority=\"low\"  loading=\"lazy\"  src=\"https:\/\/www.europesays.com\/no\/wp-content\/uploads\/2025\/11\/jumpsuit-floyd-blackweek.jpg\" alt=\"\" class=\"brick-c-cFOWSL\" style=\"--brick-image-ratio: 1098 \/ 1344;\"\/><\/p>\n<p>Vil du skille deg ut med et skikkelig statement-plagg? Da er det jumpsuit som gjelder!<\/p>\n<p>Denne lekre dr\u00f8mmen av en jumpsuit glitrer p\u00e5 utsiden, er behagelig p\u00e5 innsiden og vil gj\u00f8re deg til festens midtpunkt!<\/p>\n<p><b><a href=\"https:\/\/in.floyd.no\/t\/t?a=1967833866&amp;as=1069823523&amp;t=2&amp;tk=1&amp;epi=BlackWeek&amp;url=https:\/\/www.floyd.no\/floyd-jumpsuit-evie-lurex-black\" rel=\"Follow nofollow noopener\" target=\"_blank\">N\u00e5 er den p\u00e5 salg hos Floyd<\/a><\/b><\/p>\n<p>   <img decoding=\"async\" width=\"1086\" height=\"1356\" fetchpriority=\"low\"  loading=\"lazy\"  src=\"https:\/\/www.europesays.com\/no\/wp-content\/uploads\/2025\/11\/skjort-floyd-blackfriday.jpg\" alt=\"\" class=\"brick-c-cFOWSL\" style=\"--brick-image-ratio: 1086 \/ 1356;\"\/><\/p>\n<p>      Elegant skj\u00f8rt som kan brukes b\u00e5de til hverdag og fest.<\/p>\n<p>L\u00f8ft garderoben med dette lekre satengskj\u00f8rtet \u2013 en skikkelig tidl\u00f8s favoritt som funker like bra til hverdags som til fest!<\/p>\n<p><a rel=\"Follow nofollow noopener\" href=\"https:\/\/in.floyd.no\/t\/t?a=1967833866&amp;as=1069823523&amp;t=2&amp;tk=1&amp;epi=BlackWeek&amp;url=https:\/\/www.floyd.no\/floyd-25-satengskjort-jacklin-black\" target=\"_blank\"><b>P\u00e5 tilbud her <\/b><\/a><\/p>\n<p>   <img decoding=\"async\" width=\"1088\" height=\"1306\" fetchpriority=\"low\"  loading=\"lazy\"  src=\"https:\/\/www.europesays.com\/no\/wp-content\/uploads\/2025\/11\/velourtopp-floyd-blackweek.jpg\" alt=\"\" class=\"brick-c-cFOWSL\" style=\"--brick-image-ratio: 1088 \/ 1306;\"\/><\/p>\n<p>En elegant og sofistikert velurtopp med detaljer som virkelig gj\u00f8r inntrykk. Den h\u00f8ye halsen har fine, sm\u00e5 legg som skaper vakker struktur, mens n\u00f8kkelhulls\u00ad\u00e5pningen b\u00e5de foran og bak gir et diskret, men eksklusivt blikkfang.<\/p>\n<p><b><a href=\"https:\/\/in.floyd.no\/t\/t?a=1967833866&amp;as=1069823523&amp;t=2&amp;tk=1&amp;epi=BlackWeek&amp;url=https:\/\/www.floyd.no\/floyd-topp-devon-velvet-black\" rel=\"Follow nofollow noopener\" target=\"_blank\">Toppen er p\u00e5 tilbud hos Floyd <\/a><\/b><\/p>\n<p>   <img decoding=\"async\" width=\"1080\" height=\"1340\" fetchpriority=\"low\"  loading=\"lazy\"  src=\"https:\/\/www.europesays.com\/no\/wp-content\/uploads\/2025\/11\/skinnbukse-floyd-fest-blackweek.jpg\" alt=\"\" class=\"brick-c-cFOWSL\" style=\"--brick-image-ratio: 1080 \/ 1340;\"\/><\/p>\n<p>      Buksene fra Floyd er ekstremt behagelige.<\/p>\n<p>Denne buksen i myk, coated skinnimitasjon gir deg den perfekte kombinasjonen av komfort og kul edge. Den sitter h\u00f8yt i livet, har \u00e9n knapp, smal passform og falske lommer foran \u2013 mens baklommene er plassert midt p\u00e5 rumpa for en flatterende look.<\/p>\n<p><a rel=\"Follow nofollow noopener\" href=\"https:\/\/in.floyd.no\/t\/t?a=1967833866&amp;as=1069823523&amp;t=2&amp;tk=1&amp;epi=BlackWeek&amp;url=https:\/\/www.floyd.no\/floyd-skinnbukse-kine-513-black\" target=\"_blank\"><b>Klikk hjem buksene p\u00e5 tilbud<\/b><\/a><\/p>\n<p>   <img decoding=\"async\" width=\"1088\" height=\"1348\" fetchpriority=\"low\"  loading=\"lazy\"  src=\"https:\/\/www.europesays.com\/no\/wp-content\/uploads\/2025\/11\/bluse-fest-floyd.jpg\" alt=\"\" class=\"brick-c-cFOWSL\" style=\"--brick-image-ratio: 1088 \/ 1348;\"\/><\/p>\n<p>      Rysjer skriker fest og moro!<\/p>\n<p>Denne m\u00f8rkebrune satengblusen er b\u00e5de myk, blank og superlekker! Den vil pynte opp ethvert antrekk denne sesongen.<\/p>\n<p><b><a rel=\"Follow nofollow noopener\" href=\"https:\/\/in.floyd.no\/t\/t?a=1967833866&amp;as=1069823523&amp;t=2&amp;tk=1&amp;epi=BlackWeek&amp;url=https:\/\/www.floyd.no\/floyd-bluse-eira-dark-brown\" target=\"_blank\">Du finner den her <\/a><\/b><\/p>\n<p>   <img decoding=\"async\" width=\"1080\" height=\"1346\" fetchpriority=\"low\"  loading=\"lazy\"  src=\"https:\/\/www.europesays.com\/no\/wp-content\/uploads\/2025\/11\/blondeskjorte-floyd-blackweek.jpg\" alt=\"\" class=\"brick-c-cFOWSL\" style=\"--brick-image-ratio: 1080 \/ 1346;\"\/><\/p>\n<p>Hva med en vri p\u00e5 den klassiske skjorten? Her i en blondevariant som gj\u00f8r den b\u00e5de romantisk og sexy. Denne overdelen kan styles p\u00e5 mange m\u00e5ter og du vil kunne bruke den \u00e5r etter \u00e5r.<\/p>\n<p><b><a href=\"https:\/\/in.floyd.no\/t\/t?a=1967833866&amp;as=1069823523&amp;t=2&amp;tk=1&amp;epi=BlackWeek&amp;url=https:\/\/www.floyd.no\/floyd-blondeskjorte-elmina-satin-black\" rel=\"Follow nofollow noopener\" target=\"_blank\">N\u00e5 &#8211; 30% rabatt<\/a><\/b><\/p>\n<p>   <img decoding=\"async\" width=\"1090\" height=\"1350\" fetchpriority=\"low\"  loading=\"lazy\"  src=\"https:\/\/www.europesays.com\/no\/wp-content\/uploads\/2025\/11\/bruntskjort-floyd-blackweek.jpg\" alt=\"\" class=\"brick-c-cFOWSL\" style=\"--brick-image-ratio: 1090 \/ 1350;\"\/><\/p>\n<p>Brunt er et av sesongens mest ettertraktede farger, s\u00e5 bytt gjerne ut sort med brunt denne sesongen. Hva med et fl\u00f8rtende skj\u00f8rt som dette?<\/p>\n<p><b><a href=\"https:\/\/in.floyd.no\/t\/t?a=1967833866&amp;as=1069823523&amp;t=2&amp;tk=1&amp;epi=BlackWeek&amp;url=https:\/\/www.floyd.no\/floyd-skjort-lerine-dark-brown\" rel=\"Follow nofollow noopener\" target=\"_blank\">N\u00e5 p\u00e5 tilbud hos Floyd<\/a><\/b><\/p>\n<p>   <img decoding=\"async\" width=\"1090\" height=\"1354\" fetchpriority=\"low\"  loading=\"lazy\"  src=\"https:\/\/www.europesays.com\/no\/wp-content\/uploads\/2025\/11\/polkadots-topp-floyd_1.jpg\" alt=\"\" class=\"brick-c-cFOWSL\" style=\"--brick-image-ratio: 1090 \/ 1354;\"\/><\/p>\n<p>En elegant og moderne satengbluse som kombinerer lekne prikker med et tidl\u00f8st snitt. Denne pynter opp hverdagsantrekket p\u00e5 1-2-3.<\/p>\n<p><b><a href=\"https:\/\/in.floyd.no\/t\/t?a=1967833866&amp;as=1069823523&amp;t=2&amp;tk=1&amp;epi=BlackWeek&amp;url=https:\/\/www.floyd.no\/floyd-bluse-janita-polka-dark-brown\" rel=\"Follow nofollow noopener\" target=\"_blank\">Toppen er satt ned med 30% rabatt her<\/a><\/b><\/p>\n<p>Salget er den perfekte anledningen til \u00e5 fylle p\u00e5 med nye hverdagsfavoritter \u2013 plaggene du bruker igjen og igjen, og som gj\u00f8r det lille ekstra i alle antrekk. <b><a href=\"https:\/\/in.floyd.no\/t\/t?a=1967833866&amp;as=1069823523&amp;t=2&amp;tk=1&amp;epi=BlackWeek&amp;url=https:\/\/www.floyd.no\/bestselgere\" rel=\"Follow nofollow noopener\" target=\"_blank\">Hos Floyd finner du n\u00e5 bestselgere p\u00e5 Black Week-tilbud<\/a><\/b><\/p>\n","protected":false},"excerpt":{"rendered":"Det finnes f\u00e5 ting som f\u00f8les like magisk som \u00e5 finne den kjolen &#8211; perfekte kjolen til \u00e5rets&hellip;\n","protected":false},"author":2,"featured_media":99876,"comment_status":"","ping_status":"","sticky":false,"template":"","format":"standard","meta":{"footnotes":""},"categories":[56],"tags":[60,61,62,30,28,29],"class_list":{"0":"post-99875","1":"post","2":"type-post","3":"status-publish","4":"format-standard","5":"has-post-thumbnail","7":"category-naeringsliv","8":"tag-business","9":"tag-economy","10":"tag-naeringsliv","11":"tag-no","12":"tag-norge","13":"tag-norway"},"share_on_mastodon":{"url":"https:\/\/pubeurope.com\/@no\/115632746690195663","error":""},"_links":{"self":[{"href":"https:\/\/www.europesays.com\/no\/wp-json\/wp\/v2\/posts\/99875","targetHints":{"allow":["GET"]}}],"collection":[{"href":"https:\/\/www.europesays.com\/no\/wp-json\/wp\/v2\/posts"}],"about":[{"href":"https:\/\/www.europesays.com\/no\/wp-json\/wp\/v2\/types\/post"}],"author":[{"embeddable":true,"href":"https:\/\/www.europesays.com\/no\/wp-json\/wp\/v2\/users\/2"}],"replies":[{"embeddable":true,"href":"https:\/\/www.europesays.com\/no\/wp-json\/wp\/v2\/comments?post=99875"}],"version-history":[{"count":0,"href":"https:\/\/www.europesays.com\/no\/wp-json\/wp\/v2\/posts\/99875\/revisions"}],"wp:featuredmedia":[{"embeddable":true,"href":"https:\/\/www.europesays.com\/no\/wp-json\/wp\/v2\/media\/99876"}],"wp:attachment":[{"href":"https:\/\/www.europesays.com\/no\/wp-json\/wp\/v2\/media?parent=99875"}],"wp:term":[{"taxonomy":"category","embeddable":true,"href":"https:\/\/www.europesays.com\/no\/wp-json\/wp\/v2\/categories?post=99875"},{"taxonomy":"post_tag","embeddable":true,"href":"https:\/\/www.europesays.com\/no\/wp-json\/wp\/v2\/tags?post=99875"}],"curies":[{"name":"wp","href":"https:\/\/api.w.org\/{rel}","templated":true}]}}