{"id":99884,"date":"2025-11-29T11:30:24","date_gmt":"2025-11-29T11:30:24","guid":{"rendered":"https:\/\/www.europesays.com\/no\/99884\/"},"modified":"2025-11-29T11:30:24","modified_gmt":"2025-11-29T11:30:24","slug":"tom-cruise-og-debbie-allen-mottar-aeres-oscar-pa-governors-awards","status":"publish","type":"post","link":"https:\/\/www.europesays.com\/no\/99884\/","title":{"rendered":"Tom Cruise og Debbie Allen mottar \u00e6res-Oscar p\u00e5 Governors Awards"},"content":{"rendered":"<p class=\"kicker \" style=\"\">Tom Cruise smiler fra \u00f8re til \u00f8re<\/p>\n<p>  Etter mer enn 40 \u00e5rs suksess, fikk ogs\u00e5 Tom Cruise en Oscar.<\/p>\n<p>\n    SE \u2013 S\u00c5 BLID: Tom Cruise kan kalle seg s\u00e5 mangt \u2013 stuntmann, actionhelt og evig ung. N\u00e5 kan han ogs\u00e5 kalle seg Oscar-vinner! Foto: NTB\n  <\/p>\n<p>Det er ikke bare p\u00e5 senvinteren at det deles ut Oscar-statuetter i Hollywood. I november foreg\u00e5r den litt mindre kjente Governors Awards, der det deles ut noen eksklusive \u00e6res-Oscarer.<\/p>\n<p>          <img loading=\"lazy\" decoding=\"async\" src=\"https:\/\/www.europesays.com\/no\/wp-content\/uploads\/2025\/11\/83902775.webp\" width=\"686\" height=\"892\" title=\"2012 S\u00c5 N\u00c6R: For 13 \u00e5r siden delte Tom ut en Oscar-statuett til den franske produsenten Thomas&#10;Langmann (54). F\u00f8rst n\u00e5 fikk han sin egen! Foto: NTB\" alt=\"\" class=\"\" style=\"--aspect-ratio-image: 0.77; \"\/><\/p>\n<p>\n          2012 S\u00c5 N\u00c6R: For 13 \u00e5r siden delte Tom ut en Oscar-statuett til den franske produsenten Thomas<br \/>\nLangmann (54). F\u00f8rst n\u00e5 fikk han sin egen! Foto: NTB\n      <\/p>\n<p>I \u00e5r var action-helten <a href=\"https:\/\/www.seher.no\/kjendis\/roper-brudd\/83731065\" rel=\"nofollow noopener\" target=\"_blank\">Tom Cruise<\/a> (63) blant de n\u00f8ye utvalgte som fikk denne h\u00f8ythengende \u00e6ren. Dermed kunne han ta med seg sin aller f\u00f8rste Oscar-statuett hjem \u2013 p\u00e5 tross av en 45 \u00e5r lang karriere.<\/p>\n<p>          <img loading=\"lazy\" decoding=\"async\" src=\"https:\/\/www.europesays.com\/no\/wp-content\/uploads\/2025\/11\/83902781.webp\" width=\"686\" height=\"542\" title=\"TRE HEDERSPRISER: Tom&#10;Cruise, Debbie Allen og produksjonsdesigneren Wynn Thomas (73) fikk hver&#10;sin Oscar-statuett denne kvelden.\" alt=\"\" class=\"\" style=\"--aspect-ratio-image: 1.27; \"\/><\/p>\n<p>\n          TRE HEDERSPRISER: Tom<br \/>\nCruise, Debbie Allen og produksjonsdesigneren Wynn Thomas (73) fikk hver<br \/>\nsin Oscar-statuett denne kvelden.\n      <\/p>\n<p>    <a itemprop=\"url\" href=\"https:\/\/www.seher.no\/kjendis\/anita-er-lyset-mitt\/83898118\" rel=\"nofollow noopener\" target=\"_blank\"><\/p>\n<p>      <img loading=\"lazy\" decoding=\"async\" src=\"https:\/\/www.europesays.com\/no\/wp-content\/uploads\/2025\/11\/1764415816_324_83898125.webp\" width=\"980\" height=\"441\" title=\"Anita er lyset mitt\" alt=\"\" class=\"lazyload\" style=\"--aspect-ratio-image: 2.22; \"\/><\/p>\n<p>        Anita er lyset mitt<\/p>\n<p>    <\/a><\/p>\n<p>Men selv om han har gjort stor suksess p\u00e5 det store lerretet, har han slitt med kj\u00e6rligheten. Han har tre skilsmisser bak seg, i tillegg til mange brutte forhold \u2013 det siste med skuespilleren Ana de Armas (37) n\u00e5 i h\u00f8st.<\/p>\n<p>          <img loading=\"lazy\" decoding=\"async\" src=\"https:\/\/www.europesays.com\/no\/wp-content\/uploads\/2025\/11\/83902790.webp\" width=\"686\" height=\"1029\" title=\"SAMMEN P\u00c5 OSCAR: Ogs\u00e5 da&#10;Debbie deltok p\u00e5 Oscar-utdelingen for 24&#10;\u00e5r siden, kom hun sammen med \u00abCosby&#10;Show\u00bb-s\u00f8steren Phylicia. Foto. NTB\" alt=\"\" class=\"\" style=\"--aspect-ratio-image: 0.67; \"\/><\/p>\n<p>\n          SAMMEN P\u00c5 OSCAR: Ogs\u00e5 da<br \/>\nDebbie deltok p\u00e5 Oscar-utdelingen for 24<br \/>\n\u00e5r siden, kom hun sammen med \u00abCosby<br \/>\nShow\u00bb-s\u00f8steren Phylicia. Foto. NTB\n      <\/p>\n<p>Han har v\u00e6rt nominert til Oscar fire ganger: som skuespiller for filmene \u00abF\u00f8dt den fjerde juli\u00bb i 1989, \u00abJerry Maguire\u00bb i 1996 og \u00abMagnolia\u00bb i 1999, og som produsent for \u00abTop Gun: Maverick\u00bb i 2022. Hver gang har han opplevd at den gjeve statuetten gikk til noen andre. Men n\u00e5 var det alts\u00e5 endelig hans tur!<\/p>\n<p>        \u00abSKAL VI DANSE\u00bb: Tale Torjussen har spart p\u00e5 detaljene om privatlivet. Video: Tiktok\/@tale.torjussen, R\u00f8d L\u00f8per\/Nora Skavhaug\/Thea Hope<\/p>\n<p>          <img loading=\"lazy\" decoding=\"async\" src=\"https:\/\/www.europesays.com\/no\/wp-content\/uploads\/2025\/11\/83902796.webp\" width=\"686\" height=\"1050\" title=\"2001 FLOTTE S\u00d8STRE: Phylicia&#10;Rashad og Debbie Allen er begge&#10;skuespillere. Foto: NTB\" alt=\"\" class=\"\" style=\"--aspect-ratio-image: 0.65; \"\/><\/p>\n<p>\n          2001 FLOTTE S\u00d8STRE: Phylicia<br \/>\nRashad og Debbie Allen er begge<br \/>\nskuespillere. Foto: NTB\n      <\/p>\n<p>En annen som fikk sin f\u00f8rste Oscar-statuett, var Debbie Allen (75) \u2013 kjent fra \u00abFame\u00bb p\u00e5 80-tallet og n\u00e5 \u00abGrey\u2019s Anatomy\u00bb. Hun har aldri engang blitt nominert \u2013 men n\u00e5 kan hun sette statuetten p\u00e5 peishylla hjemme.<\/p>\n<p>          <img loading=\"lazy\" decoding=\"async\" src=\"https:\/\/www.europesays.com\/no\/wp-content\/uploads\/2025\/11\/83902801.webp\" width=\"686\" height=\"789\" title=\"ALDRI&#10;NOMINERT:&#10;Jennifer Lopez&#10;har aldri blitt&#10;Oscar-nominert&#10;\u2013 men h\u00e5per at&#10;2026 kanskje blir&#10;hennes \u00e5r. Foto: NTB\" alt=\"\" class=\"\" style=\"--aspect-ratio-image: 0.87; \"\/><\/p>\n<p>\n          ALDRI<br \/>\nNOMINERT:<br \/>\nJennifer Lopez<br \/>\nhar aldri blitt<br \/>\nOscar-nominert<br \/>\n\u2013 men h\u00e5per at<br \/>\n2026 kanskje blir<br \/>\nhennes \u00e5r. Foto: NTB\n      <\/p>\n<p>Debbie hadde med seg stores\u00f8steren Phylicia Rashad (77) til prisutdelingen. Hun er ogs\u00e5 et kjent ansikt \u2013 mange kjenner henne igjen fra blant annet \u00abCosby Show\u00bb. <\/p>\n<p>          <img loading=\"lazy\" decoding=\"async\" src=\"https:\/\/www.europesays.com\/no\/wp-content\/uploads\/2025\/11\/83902803.webp\" width=\"686\" height=\"968\" title=\"HAR VUNNET:&#10;\u00abHunger Games\u00bb-stjernen&#10;Jennifer Lawrence (35)&#10;vant Oscar allerede i&#10;2012, for \u00abSilver Linings&#10;Playbook\u00bb. Foto: NTB\" alt=\"\" class=\"\" style=\"--aspect-ratio-image: 0.71; \"\/><\/p>\n<p>\n          HAR VUNNET:<br \/>\n\u00abHunger Games\u00bb-stjernen<br \/>\nJennifer Lawrence (35)<br \/>\nvant Oscar allerede i<br \/>\n2012, for \u00abSilver Linings<br \/>\nPlaybook\u00bb. Foto: NTB\n      <\/p>\n<p>          <img loading=\"lazy\" decoding=\"async\" src=\"https:\/\/www.europesays.com\/no\/wp-content\/uploads\/2025\/11\/83902810.webp\" width=\"686\" height=\"954\" title=\"NOMINERT \u00c9N GANG:&#10;\u00abMamma Mia\u00bb-stjernen Amanda&#10;Seyfried (39) ble Oscar-nominert&#10;for \u00abMank\u00bb i 2020. Foto: NTB\" alt=\"\" class=\"\" style=\"--aspect-ratio-image: 0.72; \"\/><\/p>\n<p>\n          NOMINERT \u00c9N GANG:<br \/>\n\u00abMamma Mia\u00bb-stjernen Amanda<br \/>\nSeyfried (39) ble Oscar-nominert<br \/>\nfor \u00abMank\u00bb i 2020. Foto: NTB\n      <\/p>\n<p>          <img loading=\"lazy\" decoding=\"async\" src=\"https:\/\/www.europesays.com\/no\/wp-content\/uploads\/2025\/11\/83902812.webp\" width=\"980\" height=\"559\" title=\"SMART I SMOKING: Leonardo DiCaprio (51) fikk sin f\u00f8rste&#10;Oscar-nominasjon da han var 19 \u00e5r,&#10;og sin eneste Oscar-statuett da han&#10;var 40. Foto: NTB\" alt=\"\" class=\"\" style=\"--aspect-ratio-image: 1.75; \"\/><\/p>\n<p>\n          SMART I SMOKING: Leonardo DiCaprio (51) fikk sin f\u00f8rste<br \/>\nOscar-nominasjon da han var 19 \u00e5r,<br \/>\nog sin eneste Oscar-statuett da han<br \/>\nvar 40. Foto: NTB\n      <\/p>\n<p>          <img loading=\"lazy\" decoding=\"async\" src=\"https:\/\/www.europesays.com\/no\/wp-content\/uploads\/2025\/11\/83902818.webp\" width=\"686\" height=\"392\" title=\"SVENSK SJARM\u00d8R:&#10;Alexander Skarsg\u00e5rd (49) koste&#10;seg p\u00e5 festkvelden \u2013 p\u00e5 tross&#10;av at han heller aldri har f\u00e5tt en&#10;Oscar-nominasjon enn\u00e5. Foto: NTB\" alt=\"\" class=\"\" style=\"--aspect-ratio-image: 1.75; \"\/><\/p>\n<p>\n          SVENSK SJARM\u00d8R:<br \/>\nAlexander Skarsg\u00e5rd (49) koste<br \/>\nseg p\u00e5 festkvelden \u2013 p\u00e5 tross<br \/>\nav at han heller aldri har f\u00e5tt en<br \/>\nOscar-nominasjon enn\u00e5. Foto: NTB\n      <\/p>\n<p>Governors Awards foreg\u00e5r i The Ray Dolby Ballroom, og gj\u00f8r at alle begynner \u00e5 glede seg til den glamor\u00f8se Oscar-utdelingen finner sted den 16. mars neste \u00e5r. Og blant gjestene n\u00e5, fant vi mange skuespillere som h\u00e5per at deres navn blir lest opp n\u00e5r Oscar-nominasjonene offentliggj\u00f8res i slutten av januar.<\/p>\n<p>          <img loading=\"lazy\" decoding=\"async\" src=\"https:\/\/www.europesays.com\/no\/wp-content\/uploads\/2025\/11\/83902849.webp\" width=\"686\" height=\"392\" title=\"FILMAKTUELLE: Dwayne&#10;Johnson (53) og Emily Blunt&#10;(42) kom for \u00e5 drive litt god PR&#10;for sin nye film, \u00abThe Smashing&#10;Machine\u00bb. Foto: NTB\" alt=\"\" class=\"\" style=\"--aspect-ratio-image: 1.75; \"\/><\/p>\n<p>\n          FILMAKTUELLE: Dwayne<br \/>\nJohnson (53) og Emily Blunt<br \/>\n(42) kom for \u00e5 drive litt god PR<br \/>\nfor sin nye film, \u00abThe Smashing<br \/>\nMachine\u00bb. Foto: NTB\n      <\/p>\n<p>Ikke minst dr\u00f8mmer Jennifer Lopez (56) om \u00e5 endelig bli nominert for rollen i h\u00f8stens musikalfilm, \u00abKiss of the Spider Woman\u00bb. <\/p>\n<p>          <img loading=\"lazy\" decoding=\"async\" src=\"https:\/\/www.europesays.com\/no\/wp-content\/uploads\/2025\/11\/83902851.webp\" width=\"686\" height=\"515\" title=\"TYPISK&#10;NEPOBABY:&#10;Dakota Johnson&#10;(37) er datteren til&#10;skuespillerne Melanie Griffith (68)&#10;og Don Johnson&#10;(75). Foto: NTB\" alt=\"\" class=\"\" style=\"--aspect-ratio-image: 1.33; \"\/><\/p>\n<p>\n          TYPISK<br \/>\nNEPOBABY:<br \/>\nDakota Johnson<br \/>\n(37) er datteren til<br \/>\nskuespillerne Melanie Griffith (68)<br \/>\nog Don Johnson<br \/>\n(75). Foto: NTB\n      <\/p>\n<p>Hun innr\u00f8mmet at hun ble dypt skuffet da hun ikke ble nominert for \u00abHustlers\u00bb i 2019.<\/p>\n<p>\u2013 Jeg hadde begynt \u00e5 h\u00e5pe, fordi s\u00e5 mange sa at jeg helt sikkert kom til \u00e5 bli det, fortalte hun i dokumentaren \u00abHalftime\u00bb fra 2022.<\/p>\n<p>          <img loading=\"lazy\" decoding=\"async\" src=\"https:\/\/www.europesays.com\/no\/wp-content\/uploads\/2025\/11\/83902859.webp\" width=\"686\" height=\"755\" title=\"NORSK H\u00c5P: Norske&#10;Renate Reinsve (37) b\u00e6rer nok ogs\u00e5 p\u00e5 et h\u00e5p om&#10;\u00e5 f\u00e5 en Oscarnominasjon&#10;for \u00abAffeksjonsverdi\u00bb. Foto: NTB\" alt=\"\" class=\"\" style=\"--aspect-ratio-image: 0.91; \"\/><\/p>\n<p>\n          NORSK H\u00c5P: Norske<br \/>\nRenate Reinsve (37) b\u00e6rer nok ogs\u00e5 p\u00e5 et h\u00e5p om<br \/>\n\u00e5 f\u00e5 en Oscarnominasjon<br \/>\nfor \u00abAffeksjonsverdi\u00bb. Foto: NTB\n      <\/p>\n<p>Deretter bestemte hun seg for at det er ikke for prisenes skyld hun lager film.<\/p>\n<p>        BRYTER INN: Annika Momrak forteller at det er \u00e9n av episodene av \u00abDama til\u00bb som skiller seg ut. Video: \u00abDama til\u00bb\/NRK, Nora Skavhaug\/R\u00f8d L\u00f8per.<\/p>\n<p>\u2013 Jeg gj\u00f8r det for \u00e5 fortelle historier, og knytte b\u00e5nd med folk. Fordi jeg vil gj\u00f8re verden til et litt bedre sted \u2013 p\u00e5 min egen m\u00e5te, sa hun.<\/p>\n<p>Men skulle det komme en Oscar-statuett i hennes retning i mars, takker hun nok ikke nei!<\/p>\n","protected":false},"excerpt":{"rendered":"Tom Cruise smiler fra \u00f8re til \u00f8re Etter mer enn 40 \u00e5rs suksess, fikk ogs\u00e5 Tom Cruise en&hellip;\n","protected":false},"author":2,"featured_media":99885,"comment_status":"","ping_status":"","sticky":false,"template":"","format":"standard","meta":{"footnotes":""},"categories":[58],"tags":[4104,71,479,30,28,29,11768,72],"class_list":{"0":"post-99884","1":"post","2":"type-post","3":"status-publish","4":"format-standard","5":"has-post-thumbnail","7":"category-underholdning","8":"tag-eksklusivt","9":"tag-entertainment","10":"tag-kjendis","11":"tag-no","12":"tag-norge","13":"tag-norway","14":"tag-tom-cruise","15":"tag-underholdning"},"share_on_mastodon":{"url":"https:\/\/pubeurope.com\/@no\/115632762211973415","error":""},"_links":{"self":[{"href":"https:\/\/www.europesays.com\/no\/wp-json\/wp\/v2\/posts\/99884","targetHints":{"allow":["GET"]}}],"collection":[{"href":"https:\/\/www.europesays.com\/no\/wp-json\/wp\/v2\/posts"}],"about":[{"href":"https:\/\/www.europesays.com\/no\/wp-json\/wp\/v2\/types\/post"}],"author":[{"embeddable":true,"href":"https:\/\/www.europesays.com\/no\/wp-json\/wp\/v2\/users\/2"}],"replies":[{"embeddable":true,"href":"https:\/\/www.europesays.com\/no\/wp-json\/wp\/v2\/comments?post=99884"}],"version-history":[{"count":0,"href":"https:\/\/www.europesays.com\/no\/wp-json\/wp\/v2\/posts\/99884\/revisions"}],"wp:featuredmedia":[{"embeddable":true,"href":"https:\/\/www.europesays.com\/no\/wp-json\/wp\/v2\/media\/99885"}],"wp:attachment":[{"href":"https:\/\/www.europesays.com\/no\/wp-json\/wp\/v2\/media?parent=99884"}],"wp:term":[{"taxonomy":"category","embeddable":true,"href":"https:\/\/www.europesays.com\/no\/wp-json\/wp\/v2\/categories?post=99884"},{"taxonomy":"post_tag","embeddable":true,"href":"https:\/\/www.europesays.com\/no\/wp-json\/wp\/v2\/tags?post=99884"}],"curies":[{"name":"wp","href":"https:\/\/api.w.org\/{rel}","templated":true}]}}