{"id":99886,"date":"2025-11-29T11:35:03","date_gmt":"2025-11-29T11:35:03","guid":{"rendered":"https:\/\/www.europesays.com\/no\/99886\/"},"modified":"2025-11-29T11:35:03","modified_gmt":"2025-11-29T11:35:03","slug":"playstation-5-black-friday-i-dag-her-er-prisen-som-utloser-ps5-rushet-akkurat-na","status":"publish","type":"post","link":"https:\/\/www.europesays.com\/no\/99886\/","title":{"rendered":"Playstation 5 | Black Friday i dag: Her er prisen som utl\u00f8ser PS5-rushet akkurat n\u00e5"},"content":{"rendered":"\n<p>De fleste butikkene smalt til med Black Friday-salget i natt, og blant dagens desidert beste kj\u00f8p finner du PS5 til historisk lav pris. Vi m\u00e5 ett \u00e5r tilbake i tid for \u00e5 finne lignende kupp.<\/p>\n<p><a href=\"https:\/\/www.prisjakt.no\/go-to-shop\/24176\/offer\/65518?client_id=1331&amp;pjt=1764330352&amp;pjh=386aa471d1&amp;ref=61733\" rel=\"Follow nofollow noopener\" target=\"_blank\"><b>Her sikrer du deg PS5 f\u00f8r den blir utsolgt<\/b><\/a><\/p>\n<p>F\u00f8r: cirka 6000 kr \/ N\u00e5: 5490 kr (sjekket pris via Prisjakt)<\/p>\n<p>F\u00f8r Black Week var det nettopp gamingutstyr elektrogigantene mente ville v\u00e6re \u00e5rets beste kj\u00f8p.<\/p>\n<p>\u2013 Vi har planlagt rekordmange tilbud p\u00e5 gamingutstyr, PC-komponenter, smarte hjem\u2013 produkter og TV-er. Noen av de st\u00f8rste kuppene i \u00e5r vil v\u00e6re p\u00e5 grafikkort, TV-er og robotst\u00f8vsugere, uttalte Daniel Hauan, kommunikasjonsdirekt\u00f8r hos Komplett til Nettavisen Shoppingtips.<\/p>\n<p>   <img decoding=\"async\" width=\"1052\" height=\"972\" fetchpriority=\"low\"  loading=\"lazy\"  src=\"https:\/\/www.europesays.com\/no\/wp-content\/uploads\/2025\/11\/ps5-2.jpg\" alt=\"\" class=\"brick-c-cFOWSL\" style=\"--brick-image-ratio: 1052 \/ 972;\"\/><\/p>\n<p>  Dette m\u00e5 du vite om PS5 Slim 1TB:<\/p>\n<ul>\n<li>Slankere og mer kompakt versjon av PlayStation 5, lett \u00e5 plassere i tv-benk eller hyller<\/li>\n<li>1 TB SSD-lagring \u2014 god plass til mange spill uten \u00e5 m\u00e5tte slette<\/li>\n<li>Lynraske lastetider og jevn flyt<\/li>\n<li>St\u00f8tter 4K-oppl\u00f8sning<\/li>\n<li>Med st\u00f8tte for ray tracing \u2014 mer realistisk lys, skygger og grafikk<\/li>\n<li>Kombinert med kontroller med haptisk respons og adaptive triggere \u2014 mer oppslukende spillopplevelse<\/li>\n<li>Moderne design med avtakbare sideplater og mulighet for \u00e5 velge variant med eller uten Blu-ray-stasjon<\/li>\n<\/ul>\n<p><b>Oppsummert:<\/b> Skal du kj\u00f8pe tidenes julegave, er det i dag du b\u00f8r sikre den. <a href=\"https:\/\/www.prisjakt.no\/go-to-shop\/24176\/offer\/65518?client_id=1331&amp;pjt=1764330352&amp;pjh=386aa471d1&amp;ref=61733\" rel=\"Follow nofollow noopener\" target=\"_blank\">Her finner du PS5 (Via Prisjakt)<\/a><\/p>\n<p>Vi f\u00f8lger dagens beste salg tett \u2013 klikk deg inn p\u00e5 <a href=\"https:\/\/tilbudsjeger.nettavisen.no\/\" rel=\"Follow nofollow noopener\" target=\"_blank\">Tilbudsjegeren <\/a><\/p>\n","protected":false},"excerpt":{"rendered":"De fleste butikkene smalt til med Black Friday-salget i natt, og blant dagens desidert beste kj\u00f8p finner du&hellip;\n","protected":false},"author":2,"featured_media":99887,"comment_status":"","ping_status":"","sticky":false,"template":"","format":"standard","meta":{"footnotes":""},"categories":[56],"tags":[60,61,62,30,28,29],"class_list":{"0":"post-99886","1":"post","2":"type-post","3":"status-publish","4":"format-standard","5":"has-post-thumbnail","7":"category-naeringsliv","8":"tag-business","9":"tag-economy","10":"tag-naeringsliv","11":"tag-no","12":"tag-norge","13":"tag-norway"},"share_on_mastodon":{"url":"https:\/\/pubeurope.com\/@no\/115632781663050307","error":""},"_links":{"self":[{"href":"https:\/\/www.europesays.com\/no\/wp-json\/wp\/v2\/posts\/99886","targetHints":{"allow":["GET"]}}],"collection":[{"href":"https:\/\/www.europesays.com\/no\/wp-json\/wp\/v2\/posts"}],"about":[{"href":"https:\/\/www.europesays.com\/no\/wp-json\/wp\/v2\/types\/post"}],"author":[{"embeddable":true,"href":"https:\/\/www.europesays.com\/no\/wp-json\/wp\/v2\/users\/2"}],"replies":[{"embeddable":true,"href":"https:\/\/www.europesays.com\/no\/wp-json\/wp\/v2\/comments?post=99886"}],"version-history":[{"count":0,"href":"https:\/\/www.europesays.com\/no\/wp-json\/wp\/v2\/posts\/99886\/revisions"}],"wp:featuredmedia":[{"embeddable":true,"href":"https:\/\/www.europesays.com\/no\/wp-json\/wp\/v2\/media\/99887"}],"wp:attachment":[{"href":"https:\/\/www.europesays.com\/no\/wp-json\/wp\/v2\/media?parent=99886"}],"wp:term":[{"taxonomy":"category","embeddable":true,"href":"https:\/\/www.europesays.com\/no\/wp-json\/wp\/v2\/categories?post=99886"},{"taxonomy":"post_tag","embeddable":true,"href":"https:\/\/www.europesays.com\/no\/wp-json\/wp\/v2\/tags?post=99886"}],"curies":[{"name":"wp","href":"https:\/\/api.w.org\/{rel}","templated":true}]}}