{"id":99888,"date":"2025-11-29T11:37:09","date_gmt":"2025-11-29T11:37:09","guid":{"rendered":"https:\/\/www.europesays.com\/no\/99888\/"},"modified":"2025-11-29T11:37:09","modified_gmt":"2025-11-29T11:37:09","slug":"fant-dod-person-i-leteaksjon","status":"publish","type":"post","link":"https:\/\/www.europesays.com\/no\/99888\/","title":{"rendered":"Fant d\u00f8d person i leteaksjon"},"content":{"rendered":"<p><strong>KRISTIANSAND:<\/strong> Letemannskapene har gjort funn av en d\u00f8d person i omr\u00e5det der ei ten\u00e5ringsjente har v\u00e6rt savnet siden fredag kveld. Opplysninger tyder p\u00e5 at det er den savnede som er funnet omkommet. P\u00e5r\u00f8rende er varslet.<\/p>\n<p>Siden like over midnatt har store styrker fra n\u00f8detatene og frivilige redningsakt\u00f8rer deltatt i s\u00f8ket etter jenta.<\/p>\n<p><strong>P\u00e5 det meste var 45 personer involvert i natt. I morgentimene l\u00f8rdag ble 300 nye frivillige kalt ut.<\/strong><\/p>\n<p><img decoding=\"async\" src=\"data:image\/gif;base64,R0lGODlhEAAJAIAAAP\/\/\/wAAACH5BAEAAAAALAAAAAAQAAkAAAIKhI+py+0Po5yUFQA7\" alt=\"\"\/><br \/>\n  Letingen ble organisert fra ambulansestasjonen: Fra venstre Olav Birkeland fra R\u00f8de Kors, Bj\u00f8rn-Martin Brunes fra Norsk Folkehjelp, Stig Vang fra Agder politidistrikt og og Idunn Ulset fra R\u00f8de Kors.<br \/>\n  <strong>Foto:<\/strong> Vegard Damsgaard<\/p>\n<p>Ogs\u00e5 redningshelikopteret SAR Queen og politihelikopteret har s\u00f8kt gjennom natta, sammen med varmes\u00f8kende droner.<\/p>\n<p>Politiet ba l\u00f8rdag morgen beboere i omr\u00e5det rundt Eg om \u00e5 sjekke garasjer, boder og eventuelle kameraer for \u00e5 se etter jenta.<\/p>\n<p><strong>Funnet av den omkomne ble gjort l\u00f8rdag formiddag. Det er ikke mistanke om at det har skjedd noe kriminelt.<\/strong><\/p>\n<p><img decoding=\"async\" src=\"data:image\/gif;base64,R0lGODlhEAAJAIAAAP\/\/\/wAAACH5BAEAAAAALAAAAAAQAAkAAAIKhI+py+0Po5yUFQA7\" alt=\"\"\/><br \/>\n  Frederick Helleland Birkenes (t.h.) fra Norsk Folkehjelp var med og lette hele natta, mens Erik Abusland fra R\u00f8de Kors kom p\u00e5 ved 06-tida.<br \/>\n  <strong>Foto:<\/strong> Vegard Damsgaard<img decoding=\"async\" src=\"data:image\/gif;base64,R0lGODlhEAAJAIAAAP\/\/\/wAAACH5BAEAAAAALAAAAAAQAAkAAAIKhI+py+0Po5yUFQA7\" alt=\"\"\/><br \/>\n  Mannskaper fra n\u00f8detatene og frivillige s\u00f8kte ogs\u00e5 med b\u00e5t og mannskaper i og langs Otra.<br \/>\n  <strong>Foto:<\/strong> Vegard Damsgaard <\/p>\n<p>Saken oppdateres.<\/p>\n","protected":false},"excerpt":{"rendered":"KRISTIANSAND: Letemannskapene har gjort funn av en d\u00f8d person i omr\u00e5det der ei ten\u00e5ringsjente har v\u00e6rt savnet siden&hellip;\n","protected":false},"author":2,"featured_media":99889,"comment_status":"","ping_status":"","sticky":false,"template":"","format":"standard","meta":{"footnotes":""},"categories":[10],"tags":[4686,20,21,24,25,15,331,22,23,13,30,28,5638,29,14,12652,16,34,214,26,27],"class_list":{"0":"post-99888","1":"post","2":"type-post","3":"status-publish","4":"format-standard","5":"has-post-thumbnail","7":"category-norge","8":"tag-agder-politidistrikt","9":"tag-breaking-news","10":"tag-breakingnews","11":"tag-featured-news","12":"tag-featurednews","13":"tag-headlines","14":"tag-kristiansand","15":"tag-latest-news","16":"tag-latestnews","17":"tag-news","18":"tag-no","19":"tag-norge","20":"tag-norsk-folkehjelp","21":"tag-norway","22":"tag-nyheter","23":"tag-nyhetsdognet","24":"tag-overskrifter","25":"tag-redningshelikopter","26":"tag-rode-kors","27":"tag-top-stories","28":"tag-topstories"},"share_on_mastodon":{"url":"https:\/\/pubeurope.com\/@no\/115632789500195120","error":""},"_links":{"self":[{"href":"https:\/\/www.europesays.com\/no\/wp-json\/wp\/v2\/posts\/99888","targetHints":{"allow":["GET"]}}],"collection":[{"href":"https:\/\/www.europesays.com\/no\/wp-json\/wp\/v2\/posts"}],"about":[{"href":"https:\/\/www.europesays.com\/no\/wp-json\/wp\/v2\/types\/post"}],"author":[{"embeddable":true,"href":"https:\/\/www.europesays.com\/no\/wp-json\/wp\/v2\/users\/2"}],"replies":[{"embeddable":true,"href":"https:\/\/www.europesays.com\/no\/wp-json\/wp\/v2\/comments?post=99888"}],"version-history":[{"count":0,"href":"https:\/\/www.europesays.com\/no\/wp-json\/wp\/v2\/posts\/99888\/revisions"}],"wp:featuredmedia":[{"embeddable":true,"href":"https:\/\/www.europesays.com\/no\/wp-json\/wp\/v2\/media\/99889"}],"wp:attachment":[{"href":"https:\/\/www.europesays.com\/no\/wp-json\/wp\/v2\/media?parent=99888"}],"wp:term":[{"taxonomy":"category","embeddable":true,"href":"https:\/\/www.europesays.com\/no\/wp-json\/wp\/v2\/categories?post=99888"},{"taxonomy":"post_tag","embeddable":true,"href":"https:\/\/www.europesays.com\/no\/wp-json\/wp\/v2\/tags?post=99888"}],"curies":[{"name":"wp","href":"https:\/\/api.w.org\/{rel}","templated":true}]}}