{"id":99899,"date":"2025-11-29T11:49:19","date_gmt":"2025-11-29T11:49:19","guid":{"rendered":"https:\/\/www.europesays.com\/no\/99899\/"},"modified":"2025-11-29T11:49:19","modified_gmt":"2025-11-29T11:49:19","slug":"sport-rollag-har-aldri-gatt-fortere-i-verdenscupen-laagendalsposten","status":"publish","type":"post","link":"https:\/\/www.europesays.com\/no\/99899\/","title":{"rendered":"Sport, Rollag | Har aldri g\u00e5tt fortere i verdenscupen &#8211; Laagendalsposten"},"content":{"rendered":"<ol>\n<li><a href=\"https:\/\/news.google.com\/rss\/articles\/CBMijAFBVV95cUxQRS1TcFF4MGVRQi0wN1lwQ00zMnc3eGVnbWU1bTJfTHN1UEEwN25kWDlLTHE5UzBkY3ZCbVhzdGdMU19yWTFBcUtoWll4TEdZVF84SUdZZlg5MTRubnRvblpuRlpsdExVbWZNNy1GYTZ2ZndycEJkbXNNQmVKLTU3NE13Y0licUtoM25UeA?oc=5\" target=\"_blank\" rel=\"nofollow noopener\">Sport, Rollag | Har aldri g\u00e5tt fortere i verdenscupen<\/a>&nbsp;&nbsp;Laagendalsposten<\/li>\n<li><a href=\"https:\/\/news.google.com\/rss\/articles\/CBMiggFBVV95cUxNRzNuSkF1eGdUR0lMYVc2ODRtTi1pNGN5VVJBbk51anViT3pYd2ZtYXBLWXE1U2tJT1YwaWVNQjlZQ3RmMTZxX3EwSEppS1YxU1JsZW1HeDJtbERHVWZ4cm5JUUJUR19qa0hyZERjQnlZMGl3RkNhenlKMWRYM2dJYXd3?oc=5\" target=\"_blank\" rel=\"nofollow noopener\">Langrenn, Ruka: Heidi Weng p\u00e5 pallen i verdenscup\u00e5pningen<\/a>&nbsp;&nbsp;VG<\/li>\n<li><a href=\"https:\/\/news.google.com\/rss\/articles\/CBMib0FVX3lxTE8tblhpTl9qQUdkQWdKLWRTWU9oN1BuZ0dzUThFbkZaMVp5cGhXSnRiWVBkNFo0aFl3WTlLVkhhX3dRaWJicElQOXBTN2ktN1AweU9KaTRuZXJ1Y1BJRUgwdk1YRkdTbjMxdmczVUV2QQ?oc=5\" target=\"_blank\" rel=\"nofollow noopener\">&#8211; Fullstendig katastrofe<\/a>&nbsp;&nbsp;Dagbladet<\/li>\n<li><a href=\"https:\/\/news.google.com\/rss\/articles\/CBMifkFVX3lxTE12ZG9fa3BIZlplc25WYTlQQTRLMUNrSzE5cjdoNkRheVJBMlc2T0k0TGZmdDByVkJLVEdQXzhGSlFoakt5UzFjdC16YU9PMVhJcGJ1eDdOQ2dsbV93TmlMc1g3eHktU1FLQ0FMQXk4WVFTc0xjclZDMjdGNnBtdw?oc=5\" target=\"_blank\" rel=\"nofollow noopener\">Karlsson slo tilbake: \u2013 Jeg var forbannet<\/a>&nbsp;&nbsp;TV2.no<\/li>\n<li><a href=\"https:\/\/news.google.com\/rss\/articles\/CBMiuAFBVV95cUxQYU5RRF9IcTVVaXlUQm0tSFZkcjIxUmFKUlhycTUxRWJHNEJYT292bm95SktxeS1xZmJubm1OWGtnaDRFU0JsOWRrTUREbnduTFJtNVdiYjhJZFcwcUQ5eG5fU2F6eWxod2lhSmd4eXpha1N3aXhjc2lJM3JhTy1FSm1abV9zQ1Bob0YwYzdYeXZYQUhpNVZXcTBpLWF6RV9HamxsaWhoUUl4U2thbXk4NUtZVEJtYkVU?oc=5\" target=\"_blank\" rel=\"nofollow noopener\">Weng og Fosn\u00e6s spekulerte i samarbeid dagen f\u00f8r: \u2013 Vi liker \u00e5 v\u00e6re matematikere<\/a>&nbsp;&nbsp;NRK<\/li>\n<\/ol>\n","protected":false},"excerpt":{"rendered":"Sport, Rollag | Har aldri g\u00e5tt fortere i verdenscupen&nbsp;&nbsp;Laagendalsposten Langrenn, Ruka: Heidi Weng p\u00e5 pallen i verdenscup\u00e5pningen&nbsp;&nbsp;VG &#8211;&hellip;\n","protected":false},"author":2,"featured_media":88318,"comment_status":"","ping_status":"","sticky":false,"template":"","format":"standard","meta":{"footnotes":""},"categories":[59],"tags":[30,28,29,83,82],"class_list":{"0":"post-99899","1":"post","2":"type-post","3":"status-publish","4":"format-standard","5":"has-post-thumbnail","7":"category-sport","8":"tag-no","9":"tag-norge","10":"tag-norway","11":"tag-sport","12":"tag-sports"},"share_on_mastodon":{"url":"https:\/\/pubeurope.com\/@no\/115632836751928082","error":""},"_links":{"self":[{"href":"https:\/\/www.europesays.com\/no\/wp-json\/wp\/v2\/posts\/99899","targetHints":{"allow":["GET"]}}],"collection":[{"href":"https:\/\/www.europesays.com\/no\/wp-json\/wp\/v2\/posts"}],"about":[{"href":"https:\/\/www.europesays.com\/no\/wp-json\/wp\/v2\/types\/post"}],"author":[{"embeddable":true,"href":"https:\/\/www.europesays.com\/no\/wp-json\/wp\/v2\/users\/2"}],"replies":[{"embeddable":true,"href":"https:\/\/www.europesays.com\/no\/wp-json\/wp\/v2\/comments?post=99899"}],"version-history":[{"count":0,"href":"https:\/\/www.europesays.com\/no\/wp-json\/wp\/v2\/posts\/99899\/revisions"}],"wp:featuredmedia":[{"embeddable":true,"href":"https:\/\/www.europesays.com\/no\/wp-json\/wp\/v2\/media\/88318"}],"wp:attachment":[{"href":"https:\/\/www.europesays.com\/no\/wp-json\/wp\/v2\/media?parent=99899"}],"wp:term":[{"taxonomy":"category","embeddable":true,"href":"https:\/\/www.europesays.com\/no\/wp-json\/wp\/v2\/categories?post=99899"},{"taxonomy":"post_tag","embeddable":true,"href":"https:\/\/www.europesays.com\/no\/wp-json\/wp\/v2\/tags?post=99899"}],"curies":[{"name":"wp","href":"https:\/\/api.w.org\/{rel}","templated":true}]}}