{"id":99910,"date":"2025-11-29T12:08:35","date_gmt":"2025-11-29T12:08:35","guid":{"rendered":"https:\/\/www.europesays.com\/no\/99910\/"},"modified":"2025-11-29T12:08:35","modified_gmt":"2025-11-29T12:08:35","slug":"vaeret-egersund-har-sendt-ut-gult-farevarsel","status":"publish","type":"post","link":"https:\/\/www.europesays.com\/no\/99910\/","title":{"rendered":"V\u00e6ret, Egersund | Har sendt ut gult farevarsel"},"content":{"rendered":"\n<p>Det er sendt ut farevarsel p\u00e5 gult niv\u00e5 for h\u00f8y vannstand langs kyst- og fjordstr\u00f8k i Rogaland, inkludert Egersund, og s\u00f8rlige deler av Vestland i dag, fredag 28. november.<\/p>\n<p>Varselet indikerer at det er ventet unormalt h\u00f8y vannstand, noe som kan f\u00f8re til skader p\u00e5 infrastruktur og bygninger enkelte steder i strandsonen. Usikkerheten i varslet vannstand er satt til 5\u201310 cm., if\u00f8lge Meteorologisk Institutt.<\/p>\n<p>Innbyggere og n\u00e6ringsdrivende i Egersund oppfordres til \u00e5 utvise forsiktighet i strandsonen og iverksette tiltak for \u00e5 minimere skadeomfanget.<\/p>\n<p><b>Viktige forholdsregler:<\/b><\/p>\n<ul>\n<li>Sjekk fort\u00f8yningen til b\u00e5ter.<\/li>\n<li>Sikre l\u00f8se gjenstander som ligger i strandsonen.<\/li>\n<\/ul>\n<p>Myndighetene advarer om at kombinasjonen av sterk vind og h\u00f8ye b\u00f8lger sammen med den h\u00f8ye vannstanden kan \u00f8ke skadeomfanget betraktelig.<\/p>\n<p>For mer n\u00f8yaktig informasjon om tidspunkt for h\u00f8yvann og detaljerte verdier for steder langs kysten, henvises det til <a href=\"https:\/\/www.dalane-tidende.no\/har-sendt-ut-gult-farevarsel\/s\/sehavniva.no\" rel=\"Follow nofollow noopener\" target=\"_blank\">sehavniva.no<\/a>.<\/p>\n","protected":false},"excerpt":{"rendered":"Det er sendt ut farevarsel p\u00e5 gult niv\u00e5 for h\u00f8y vannstand langs kyst- og fjordstr\u00f8k i Rogaland, inkludert&hellip;\n","protected":false},"author":2,"featured_media":15627,"comment_status":"","ping_status":"","sticky":false,"template":"","format":"standard","meta":{"footnotes":""},"categories":[10],"tags":[36,20,21,5978,24,25,15,22,23,13,30,28,29,14,16,1510,26,27,387,12745],"class_list":{"0":"post-99910","1":"post","2":"type-post","3":"status-publish","4":"format-standard","5":"has-post-thumbnail","7":"category-norge","8":"tag-art","9":"tag-breaking-news","10":"tag-breakingnews","11":"tag-egersund","12":"tag-featured-news","13":"tag-featurednews","14":"tag-headlines","15":"tag-latest-news","16":"tag-latestnews","17":"tag-news","18":"tag-no","19":"tag-norge","20":"tag-norway","21":"tag-nyheter","22":"tag-overskrifter","23":"tag-story","24":"tag-top-stories","25":"tag-topstories","26":"tag-vaeret","27":"tag-yr-no"},"share_on_mastodon":{"url":"https:\/\/pubeurope.com\/@no\/115632911398681789","error":""},"_links":{"self":[{"href":"https:\/\/www.europesays.com\/no\/wp-json\/wp\/v2\/posts\/99910","targetHints":{"allow":["GET"]}}],"collection":[{"href":"https:\/\/www.europesays.com\/no\/wp-json\/wp\/v2\/posts"}],"about":[{"href":"https:\/\/www.europesays.com\/no\/wp-json\/wp\/v2\/types\/post"}],"author":[{"embeddable":true,"href":"https:\/\/www.europesays.com\/no\/wp-json\/wp\/v2\/users\/2"}],"replies":[{"embeddable":true,"href":"https:\/\/www.europesays.com\/no\/wp-json\/wp\/v2\/comments?post=99910"}],"version-history":[{"count":0,"href":"https:\/\/www.europesays.com\/no\/wp-json\/wp\/v2\/posts\/99910\/revisions"}],"wp:featuredmedia":[{"embeddable":true,"href":"https:\/\/www.europesays.com\/no\/wp-json\/wp\/v2\/media\/15627"}],"wp:attachment":[{"href":"https:\/\/www.europesays.com\/no\/wp-json\/wp\/v2\/media?parent=99910"}],"wp:term":[{"taxonomy":"category","embeddable":true,"href":"https:\/\/www.europesays.com\/no\/wp-json\/wp\/v2\/categories?post=99910"},{"taxonomy":"post_tag","embeddable":true,"href":"https:\/\/www.europesays.com\/no\/wp-json\/wp\/v2\/tags?post=99910"}],"curies":[{"name":"wp","href":"https:\/\/api.w.org\/{rel}","templated":true}]}}