{"id":99913,"date":"2025-11-29T12:15:13","date_gmt":"2025-11-29T12:15:13","guid":{"rendered":"https:\/\/www.europesays.com\/no\/99913\/"},"modified":"2025-11-29T12:15:13","modified_gmt":"2025-11-29T12:15:13","slug":"nyheter-fana-politiet-etterforsker-nytt-innbrudd-i-fana","status":"publish","type":"post","link":"https:\/\/www.europesays.com\/no\/99913\/","title":{"rendered":"Nyheter, Fana | Politiet etterforsker nytt innbrudd i Fana"},"content":{"rendered":"\n<p>\u2013 Det er borttatt smykker med mer, melder operasjonsleder Brakstad i Vest politidistrikt.<\/p>\n<p>Politiet har unders\u00f8kt p\u00e5 \u00e5stedet og oppretter sak.<\/p>\n<p>Dette er det andre innbruddet i Fana politiet har meldt det siste d\u00f8gnet. Det forrige var i Nord\u00e5sgrenda, hvor ekteparet Hege og Steinar <a href=\"https:\/\/www.ba.no\/dette-synet-motte-hege-og-familien-glad-ingen-av-oss-var-hjemme\/s\/5-8-3239006\" rel=\"Follow nofollow noopener\" target=\"_blank\">kom hjem til et endevendt soverom fredag kveld.<\/a><\/p>\n<p>Vinduet til et av rommene i huset var fjernet, og innbruddstyver hadde tatt seg inn mens de ikke var hjemme.<\/p>\n<p>Helgens innbrudd f\u00f8yer seg inn i rekken av <a href=\"https:\/\/www.fanaposten.no\/innbruddstyvene-har-forsokt-seg-pa-nytt\/s\/5-153-135194\" rel=\"Follow nofollow noopener\" target=\"_blank\">flere lignende hendelser i Bergen s\u00f8r den siste uken.<\/a><\/p>\n<p>  <a href=\"https:\/\/www.ba.no\/5-8-3239006\" class=\"related-teaser has-image default-story-teaser article--c-eRUmMG article--c-eRUmMG-jKCPdD-design-default\" wp_automatic_readability=\"1\" rel=\"nofollow noopener\" target=\"_blank\"><\/p>\n<p>    For abonnenter<\/p>\n<p>    <img decoding=\"async\" loading=\"lazy\"  src=\"https:\/\/www.europesays.com\/no\/wp-content\/uploads\/2025\/11\/OK+OK+OK+.png\" alt=\"\" class=\"brick-c-cFOWSL\" style=\"\"\/><\/p>\n<p>\n            Les ogs\u00e5<\/p>\n<p>  Dette synet m\u00f8tte Hege og familien: \u2013 Glad ingen av oss var hjemme<\/p>\n<p>  <\/a><\/p>\n<p>  <a href=\"https:\/\/www.ba.no\/5-8-3231864\" class=\"related-teaser default-story-teaser article--c-eRUmMG article--c-eRUmMG-jKCPdD-design-default article--c-eRUmMG-kpKLOW-cv\" wp_automatic_readability=\"1\" rel=\"nofollow noopener\" target=\"_blank\"><\/p>\n<p>    For abonnenter<\/p>\n<p>\n            Les ogs\u00e5<\/p>\n<p>  Sylfrekke tyver p\u00e5 ferde: \u2013 Slike innbrudd er sjeldne<\/p>\n<p>  <\/a><\/p>\n","protected":false},"excerpt":{"rendered":"\u2013 Det er borttatt smykker med mer, melder operasjonsleder Brakstad i Vest politidistrikt. Politiet har unders\u00f8kt p\u00e5 \u00e5stedet&hellip;\n","protected":false},"author":2,"featured_media":1615,"comment_status":"","ping_status":"","sticky":false,"template":"","format":"standard","meta":{"footnotes":""},"categories":[10],"tags":[36,20,21,5702,24,25,15,3258,22,23,13,30,28,29,14,16,1510,26,27],"class_list":{"0":"post-99913","1":"post","2":"type-post","3":"status-publish","4":"format-standard","5":"has-post-thumbnail","7":"category-norge","8":"tag-art","9":"tag-breaking-news","10":"tag-breakingnews","11":"tag-fana","12":"tag-featured-news","13":"tag-featurednews","14":"tag-headlines","15":"tag-innbrudd","16":"tag-latest-news","17":"tag-latestnews","18":"tag-news","19":"tag-no","20":"tag-norge","21":"tag-norway","22":"tag-nyheter","23":"tag-overskrifter","24":"tag-story","25":"tag-top-stories","26":"tag-topstories"},"share_on_mastodon":{"url":"https:\/\/pubeurope.com\/@no\/115632939265459546","error":""},"_links":{"self":[{"href":"https:\/\/www.europesays.com\/no\/wp-json\/wp\/v2\/posts\/99913","targetHints":{"allow":["GET"]}}],"collection":[{"href":"https:\/\/www.europesays.com\/no\/wp-json\/wp\/v2\/posts"}],"about":[{"href":"https:\/\/www.europesays.com\/no\/wp-json\/wp\/v2\/types\/post"}],"author":[{"embeddable":true,"href":"https:\/\/www.europesays.com\/no\/wp-json\/wp\/v2\/users\/2"}],"replies":[{"embeddable":true,"href":"https:\/\/www.europesays.com\/no\/wp-json\/wp\/v2\/comments?post=99913"}],"version-history":[{"count":0,"href":"https:\/\/www.europesays.com\/no\/wp-json\/wp\/v2\/posts\/99913\/revisions"}],"wp:featuredmedia":[{"embeddable":true,"href":"https:\/\/www.europesays.com\/no\/wp-json\/wp\/v2\/media\/1615"}],"wp:attachment":[{"href":"https:\/\/www.europesays.com\/no\/wp-json\/wp\/v2\/media?parent=99913"}],"wp:term":[{"taxonomy":"category","embeddable":true,"href":"https:\/\/www.europesays.com\/no\/wp-json\/wp\/v2\/categories?post=99913"},{"taxonomy":"post_tag","embeddable":true,"href":"https:\/\/www.europesays.com\/no\/wp-json\/wp\/v2\/tags?post=99913"}],"curies":[{"name":"wp","href":"https:\/\/api.w.org\/{rel}","templated":true}]}}