{"id":99919,"date":"2025-11-29T12:22:07","date_gmt":"2025-11-29T12:22:07","guid":{"rendered":"https:\/\/www.europesays.com\/no\/99919\/"},"modified":"2025-11-29T12:22:07","modified_gmt":"2025-11-29T12:22:07","slug":"vaer-vervarslinga-i-nord-meteorologen-advarer-det-vil-vaere-veldig-bra-endring-avisa-nordland","status":"publish","type":"post","link":"https:\/\/www.europesays.com\/no\/99919\/","title":{"rendered":"V\u00e6r, Vervarslinga i Nord | Meteorologen advarer: \u2013 Det vil v\u00e6re veldig br\u00e5 endring &#8211; Avisa Nordland"},"content":{"rendered":"<ol>\n<li><a href=\"https:\/\/news.google.com\/rss\/articles\/CBMifEFVX3lxTFBsMEs5ZTIyTDE3SXNuRU14RjcyTEVrOGdpU2hQNm11OC11d3k4U2ltVlpITm5Xa21LR2VqX1JEYm00NHJMaldkaUEtRE1EalpJc2s3NHE4T2NiNExEWWR3aEItRHpLUUluaXRCYXJuUVFrNUE0Q3FOVkNlamc?oc=5\" target=\"_blank\" rel=\"nofollow noopener\">V\u00e6r, Vervarslinga i Nord | Meteorologen advarer: \u2013 Det vil v\u00e6re veldig br\u00e5 endring<\/a>&nbsp;&nbsp;Avisa Nordland<\/li>\n<li><a href=\"https:\/\/news.google.com\/rss\/articles\/CBMidkFVX3lxTFBpQzgzbjRhWkN0b0tRTjJRNnJUZmU5WXhuX2ZTTFBCY3ppR2UzVjVxY2dhaFJGakxvXzl2T2tIdVFKVXlIR1JpWDhGcC10X0lXTVFLTzRONWZBUGZKVUhRSGpnZVRyODAxZ196N0V1bUJseEo4b1E?oc=5\" target=\"_blank\" rel=\"nofollow noopener\">Hurtigruta sl\u00f8yfer Vester\u00e5len<\/a>&nbsp;&nbsp;vol.no<\/li>\n<li><a href=\"https:\/\/news.google.com\/rss\/articles\/CBMiowFBVV95cUxNNmRiNFBjeHZNMVJyMFBfamZEVjhJTU15TlpTLWF4THAtOWZKWG5BbGNCLXRWZFQ1WUc2VWNhdUFIdi1qSmdQM0RCUW9qU1llNk9kbHcyNjBhZl8xdmo4dC1VcFhKekJQNE43NmU1LU5iQlBScEJJUWRPekN4empqQnNfalVtdVRUSTZyT3BueTYySldaeWZsT21mVlRXZ3ZtZWJF?oc=5\" target=\"_blank\" rel=\"nofollow noopener\">Kan bli full storm p\u00e5 kysten: \u2013 N\u00e6rmer oss oransje farevarsel<\/a>&nbsp;&nbsp;NRK<\/li>\n<li><a href=\"https:\/\/news.google.com\/rss\/articles\/CBMiekFVX3lxTE8yeFhkOFpJUGEzQlRmalVseUh1NnNqVmwxVXVuSmV6OG13TVVDZ2pEOHhlLUZ5VDA4d2JFb2pzUTFleHhUbDBHbno4TkwtU0NPTXY3UE9oQTdmLUxzaU9TQnBqODdIaHo3TFpiSDJMYkpXSk1hREx1bXJR?oc=5\" target=\"_blank\" rel=\"nofollow noopener\">Kan bli vindkast p\u00e5 30\u201340 m\/s<\/a>&nbsp;&nbsp;ht.no<\/li>\n<li><a href=\"https:\/\/news.google.com\/rss\/articles\/CBMihAFBVV95cUxQdUI1b1pHLUxaSmRKQ25NeEMyVUNfbGR4NWlwUXhDdnUzblhxWHZmdUdvVWRBZFNVMjB4dENuMTFQS1YtZlg0dmxQUGIyZGRPc2x2MUJ3WlBKdnZYOGlqRU9YWnJzeEtSdVFxbDNnOGdyVnhlNHhGQzRfVnVibUd1Yk9Da3Q?oc=5\" target=\"_blank\" rel=\"nofollow noopener\">Samferdsel, Trafikk | All rutetrafikk med buss innstilles<\/a>&nbsp;&nbsp;Lofot-Tidende<\/li>\n<\/ol>\n","protected":false},"excerpt":{"rendered":"V\u00e6r, Vervarslinga i Nord | Meteorologen advarer: \u2013 Det vil v\u00e6re veldig br\u00e5 endring&nbsp;&nbsp;Avisa Nordland Hurtigruta sl\u00f8yfer Vester\u00e5len&nbsp;&nbsp;vol.no&hellip;\n","protected":false},"author":2,"featured_media":99920,"comment_status":"","ping_status":"","sticky":false,"template":"","format":"standard","meta":{"footnotes":""},"categories":[10],"tags":[20,21,24,25,15,22,23,13,30,28,29,14,16,26,27],"class_list":{"0":"post-99919","1":"post","2":"type-post","3":"status-publish","4":"format-standard","5":"has-post-thumbnail","7":"category-norge","8":"tag-breaking-news","9":"tag-breakingnews","10":"tag-featured-news","11":"tag-featurednews","12":"tag-headlines","13":"tag-latest-news","14":"tag-latestnews","15":"tag-news","16":"tag-no","17":"tag-norge","18":"tag-norway","19":"tag-nyheter","20":"tag-overskrifter","21":"tag-top-stories","22":"tag-topstories"},"share_on_mastodon":{"url":"https:\/\/pubeurope.com\/@no\/115632966605024453","error":""},"_links":{"self":[{"href":"https:\/\/www.europesays.com\/no\/wp-json\/wp\/v2\/posts\/99919","targetHints":{"allow":["GET"]}}],"collection":[{"href":"https:\/\/www.europesays.com\/no\/wp-json\/wp\/v2\/posts"}],"about":[{"href":"https:\/\/www.europesays.com\/no\/wp-json\/wp\/v2\/types\/post"}],"author":[{"embeddable":true,"href":"https:\/\/www.europesays.com\/no\/wp-json\/wp\/v2\/users\/2"}],"replies":[{"embeddable":true,"href":"https:\/\/www.europesays.com\/no\/wp-json\/wp\/v2\/comments?post=99919"}],"version-history":[{"count":0,"href":"https:\/\/www.europesays.com\/no\/wp-json\/wp\/v2\/posts\/99919\/revisions"}],"wp:featuredmedia":[{"embeddable":true,"href":"https:\/\/www.europesays.com\/no\/wp-json\/wp\/v2\/media\/99920"}],"wp:attachment":[{"href":"https:\/\/www.europesays.com\/no\/wp-json\/wp\/v2\/media?parent=99919"}],"wp:term":[{"taxonomy":"category","embeddable":true,"href":"https:\/\/www.europesays.com\/no\/wp-json\/wp\/v2\/categories?post=99919"},{"taxonomy":"post_tag","embeddable":true,"href":"https:\/\/www.europesays.com\/no\/wp-json\/wp\/v2\/tags?post=99919"}],"curies":[{"name":"wp","href":"https:\/\/api.w.org\/{rel}","templated":true}]}}