{"id":99921,"date":"2025-11-29T12:23:11","date_gmt":"2025-11-29T12:23:11","guid":{"rendered":"https:\/\/www.europesays.com\/no\/99921\/"},"modified":"2025-11-29T12:23:11","modified_gmt":"2025-11-29T12:23:11","slug":"vaer-vaeret-farevarsel-pa-veiene-vet-at-det-ofte-kommer-overraskende-pa","status":"publish","type":"post","link":"https:\/\/www.europesays.com\/no\/99921\/","title":{"rendered":"V\u00e6r, V\u00e6ret | Farevarsel p\u00e5 veiene: \u2013 Vet at det ofte kommer overraskende p\u00e5"},"content":{"rendered":"\n<p><b>DRAMMEN\/BUSKERUD: <\/b>Vinteren er definitivt p\u00e5 anmarsj. Og i morgen er det p\u00e5 <a href=\"https:\/\/www.yr.no\/nb\/v%C3%A6rvarsel\/daglig-tabell\/1-58733\/Norge\/Buskerud\/Drammen\/Drammen\" rel=\"Follow nofollow noopener\" target=\"_blank\">yr.no<\/a> meldt 27 millimeter nedb\u00f8r i drammensomr\u00e5det.<\/p>\n<p>Og jo h\u00f8yere opp du kommer \u2013 jo st\u00f8rre er sjansen for at det kommer sn\u00f8 som blir liggende.<\/p>\n<p>Slapsef\u00f8re<\/p>\n<p>Faktisk er det varslet s\u00e5 mye nedb\u00f8r at Meteorologisk institutt har valgt \u00e5 g\u00e5 ut med et gult farevarsel \u2013 n\u00e5r det gjelder kj\u00f8reforholdene.<\/p>\n<p><b>\u2013 I lavlandet kan det se ut som det kommer som sludd i natt og p\u00e5 formiddagen. S\u00e5 vil det nok g\u00e5 over til regn etter hvert. Og det er i lavlandet det ser ut til \u00e5 komme mest nedb\u00f8r, sier Eldbj\u00f8rg Moxnes, vakthavende meteorolog hos Meteorologisk institutt.<\/b><\/p>\n<p>\u2013 I h\u00f8yden kommer det nok til \u00e5 komme som sn\u00f8. Men hvor mange centimeter det blir er litt vanskelig \u00e5 si, for det kommer nok til \u00e5 bli ganske v\u00e5t sn\u00f8.<\/p>\n<p>   <img decoding=\"async\" width=\"1165\" height=\"705\" fetchpriority=\"low\"  loading=\"lazy\"  src=\"https:\/\/www.europesays.com\/no\/wp-content\/uploads\/2025\/11\/Skjermbilde+2025-11-29+111840.png\" alt=\"\" class=\"brick-c-cFOWSL\" style=\"--brick-image-ratio: 1165 \/ 705;\"\/><\/p>\n<p>      I dette omr\u00e5det har Meteorologisk institutt sendt ut gult farevarsel p\u00e5 veiene v\u00e5re.<br \/>\n      Foto: Meteorologisk institutt\n    <\/p>\n<p>  Varslene sitter l\u00f8sere tidlig i sn\u00f8sesongen<\/p>\n<p>Samtidig tror Moxnes sn\u00f8en kommer for \u00e5 bli i h\u00f8yden.<\/p>\n<p>\u2013 Det kommer jo p\u00e5fyll mandag kveld eller tirsdag. S\u00e5 n\u00e5r vi kommer opp i en 800 meters h\u00f8yde, s\u00e5 blir nok sn\u00f8en liggende. I fjellet vil det nok bli litt skif\u00f8re noen steder ogs\u00e5. Men i lavlandet blir det nok regn og varmegrader. S\u00e5 der forsvinner nok det som eventuelt kommer av sn\u00f8.<\/p>\n<p>\u2013 Dere sender ut gult farevarsel p\u00e5 kj\u00f8reforholdene over store deler av \u00d8stlandet?<\/p>\n<p>\u2013 Ja. De sitter nok litt l\u00f8sere tidlig i sn\u00f8sesongen.<\/p>\n<p>\u2013 Det vil jo eventuelt bli det f\u00f8rste skikkelige sn\u00f8fallet, og vi vet jo at det ofte kommer overraskende p\u00e5 mange \u2013 selv om det kanskje ikke burde v\u00e6re s\u00e5 overraskende. S\u00e5 derfor sender vi ut et varsel hvor vi ber folk om \u00e5 v\u00e6re litt ekstra oppmerksomme. Om det hadde kommet 10\u201315 centimeter med sn\u00f8 i januar, er det ikke sikkert vi ville gjort det samme, svarer meteorologen.<\/p>\n<p>   <img decoding=\"async\" width=\"1080\" height=\"886\" fetchpriority=\"low\"  loading=\"lazy\"  src=\"https:\/\/www.europesays.com\/no\/wp-content\/uploads\/2025\/11\/5_57_2056578+324045925_735270714609628_2372069458292597343_n.jpg\" alt=\"\" class=\"brick-c-cFOWSL\" style=\"--brick-image-ratio: 1080 \/ 886;\"\/><\/p>\n<p>      Sn\u00f8en blir trolig liggende i fjellet. Bildet er hentet fra et sn\u00f8fall p\u00e5 Haglebu i 2023.<br \/>\n      Foto: Privat\n    <\/p>\n<p>  \u2013 Folk m\u00e5 venne seg til sn\u00f8f\u00f8re igjen<\/p>\n<p>I farevarselet skriver meteorologene at \u00abdet lokalt kan vanskelige kj\u00f8reforhold: Beregn ekstra tid til transport og kj\u00f8ring. Bruk riktige dekk og kj\u00f8r etter forholdene\u00bb, og de oppfordrer folk til \u00e5 sjekke veimeldingene p\u00e5 vegvesen.no\/trafikk.<\/p>\n<p><b> \u2013 Trafikken kan bli p\u00e5virket lokalt i perioder. Det kan bli glatt, og folk m\u00e5 venne seg til \u00e5 kj\u00f8re p\u00e5 sn\u00f8f\u00f8re igjen. Derfor har vi sendt ut dette varslet, avslutter Moxnes.<\/b><\/p>\n","protected":false},"excerpt":{"rendered":"DRAMMEN\/BUSKERUD: Vinteren er definitivt p\u00e5 anmarsj. Og i morgen er det p\u00e5 yr.no meldt 27 millimeter nedb\u00f8r i&hellip;\n","protected":false},"author":2,"featured_media":99922,"comment_status":"","ping_status":"","sticky":false,"template":"","format":"standard","meta":{"footnotes":""},"categories":[5],"tags":[36,20,21,427,454,24,25,15,19,22,23,5523,17,18,6087,13,30,28,29,14,16,1510,26,27,224,553,387],"class_list":{"0":"post-99921","1":"post","2":"type-post","3":"status-publish","4":"format-standard","5":"has-post-thumbnail","7":"category-overskrifter","8":"tag-art","9":"tag-breaking-news","10":"tag-breakingnews","11":"tag-drammen","12":"tag-eiker","13":"tag-featured-news","14":"tag-featurednews","15":"tag-headlines","16":"tag-hovedoppslag","17":"tag-latest-news","18":"tag-latestnews","19":"tag-lier","20":"tag-main-news","21":"tag-mainnews","22":"tag-modum","23":"tag-news","24":"tag-no","25":"tag-norge","26":"tag-norway","27":"tag-nyheter","28":"tag-overskrifter","29":"tag-story","30":"tag-top-stories","31":"tag-topstories","32":"tag-trafikk","33":"tag-vaer","34":"tag-vaeret"},"share_on_mastodon":{"url":"https:\/\/pubeurope.com\/@no\/115632970623101494","error":""},"_links":{"self":[{"href":"https:\/\/www.europesays.com\/no\/wp-json\/wp\/v2\/posts\/99921","targetHints":{"allow":["GET"]}}],"collection":[{"href":"https:\/\/www.europesays.com\/no\/wp-json\/wp\/v2\/posts"}],"about":[{"href":"https:\/\/www.europesays.com\/no\/wp-json\/wp\/v2\/types\/post"}],"author":[{"embeddable":true,"href":"https:\/\/www.europesays.com\/no\/wp-json\/wp\/v2\/users\/2"}],"replies":[{"embeddable":true,"href":"https:\/\/www.europesays.com\/no\/wp-json\/wp\/v2\/comments?post=99921"}],"version-history":[{"count":0,"href":"https:\/\/www.europesays.com\/no\/wp-json\/wp\/v2\/posts\/99921\/revisions"}],"wp:featuredmedia":[{"embeddable":true,"href":"https:\/\/www.europesays.com\/no\/wp-json\/wp\/v2\/media\/99922"}],"wp:attachment":[{"href":"https:\/\/www.europesays.com\/no\/wp-json\/wp\/v2\/media?parent=99921"}],"wp:term":[{"taxonomy":"category","embeddable":true,"href":"https:\/\/www.europesays.com\/no\/wp-json\/wp\/v2\/categories?post=99921"},{"taxonomy":"post_tag","embeddable":true,"href":"https:\/\/www.europesays.com\/no\/wp-json\/wp\/v2\/tags?post=99921"}],"curies":[{"name":"wp","href":"https:\/\/api.w.org\/{rel}","templated":true}]}}