{"id":99923,"date":"2025-11-29T12:24:11","date_gmt":"2025-11-29T12:24:11","guid":{"rendered":"https:\/\/www.europesays.com\/no\/99923\/"},"modified":"2025-11-29T12:24:11","modified_gmt":"2025-11-29T12:24:11","slug":"katrine-lunde-handball-vm-ny-melding-lunde-star-over-vm-kamp","status":"publish","type":"post","link":"https:\/\/www.europesays.com\/no\/99923\/","title":{"rendered":"Katrine Lunde, H\u00e5ndball-VM | Ny melding: Lunde st\u00e5r over VM-kamp"},"content":{"rendered":"\n<p>   <img decoding=\"async\" width=\"1500\" height=\"440\" fetchpriority=\"low\"  loading=\"lazy\"  src=\"https:\/\/www.europesays.com\/no\/wp-content\/uploads\/2025\/11\/1764419050_766_Daniel+Austerheim+Trier.jpg\" alt=\"\" class=\"brick-c-cFOWSL\" style=\"--brick-image-ratio: 1500 \/ 440;\"\/><\/p>\n<p>TRIER, TYSKLAND (Nettavisen): Katrine Lunde sitter p\u00e5 tribunen under l\u00f8rdagens kamp mot Kasakhstan.<\/p>\n<p>Det f\u00e5r Nettavisen opplyst f\u00e5 timer f\u00f8r kampen kastes i gang.<\/p>\n<p>Annikken Obaidli skal ogs\u00e5 st\u00e5 over dagens kamp, som hun gjorde mot S\u00f8r-Korea.<\/p>\n<p><b>Les ogs\u00e5:<\/b> <a href=\"https:\/\/www.nettavisen.no\/sport\/ut-mot-viaplay-profil-daniel-hoglund-under-handball-vm\/s\/5-95-2753627\" rel=\"Follow nofollow noopener\" target=\"_blank\">Ut mot Viaplay-profil: \u2013 Latterliggj\u00f8ring!<\/a><\/p>\n<p>    Vil du se neste video?<\/p>\n<p>    <a href=\"https:\/\/www.nettavisen.no\/fredrik-solvang\/jonas-gahr-store\/debatten\/fredrik-solvang-himler-av-jonas-gahr-store-men-i-alle\/v\/5-95-2751917\" class=\"recommend-poster\" data-adp-clicklabel=\"video-recommend\" data-adp-clickvalue=\"poster\" rel=\"nofollow noopener\" target=\"_blank\"><br \/>\n      <img decoding=\"async\" width=\"200\" height=\"200\" loading=\"lazy\" src=\"https:\/\/www.europesays.com\/no\/wp-content\/uploads\/2025\/11\/Solvang+bredde.jpg\" alt=\"\" class=\"brick-c-cFOWSL\" style=\"--brick-image-ratio: 200 \/ 200;\"\/><\/p>\n<p>Himler av St\u00f8re: \u2013 Men i alle\u20261:06<\/p>\n<p>    <\/a><\/p>\n<p>Katrine Lunde spilte en fantastisk kamp i 34-19-seieren over koreanerne, og ble k\u00e5ret til banens beste av arrang\u00f8ren.<\/p>\n<p>N\u00e5 er det alts\u00e5 21-\u00e5ringen June Krogh som skal f\u00e5 muligheten i det norske laget, sammen med Eli Marie Raasok.<\/p>\n<p>Kampen mot Kasakhstan kastes i gang 20.30, og kan <a href=\"https:\/\/www.nettavisen.no\/sport\/program-for-handball-vm-2025\/s\/5-95-2747557\" rel=\"Follow nofollow noopener\" target=\"_blank\">f\u00f8lges hos Viaplay<\/a>.<\/p>\n","protected":false},"excerpt":{"rendered":"TRIER, TYSKLAND (Nettavisen): Katrine Lunde sitter p\u00e5 tribunen under l\u00f8rdagens kamp mot Kasakhstan. Det f\u00e5r Nettavisen opplyst f\u00e5&hellip;\n","protected":false},"author":2,"featured_media":99924,"comment_status":"","ping_status":"","sticky":false,"template":"","format":"standard","meta":{"footnotes":""},"categories":[59],"tags":[30,28,29,83,82],"class_list":{"0":"post-99923","1":"post","2":"type-post","3":"status-publish","4":"format-standard","5":"has-post-thumbnail","7":"category-sport","8":"tag-no","9":"tag-norge","10":"tag-norway","11":"tag-sport","12":"tag-sports"},"share_on_mastodon":{"url":"https:\/\/pubeurope.com\/@no\/115632974396983763","error":""},"_links":{"self":[{"href":"https:\/\/www.europesays.com\/no\/wp-json\/wp\/v2\/posts\/99923","targetHints":{"allow":["GET"]}}],"collection":[{"href":"https:\/\/www.europesays.com\/no\/wp-json\/wp\/v2\/posts"}],"about":[{"href":"https:\/\/www.europesays.com\/no\/wp-json\/wp\/v2\/types\/post"}],"author":[{"embeddable":true,"href":"https:\/\/www.europesays.com\/no\/wp-json\/wp\/v2\/users\/2"}],"replies":[{"embeddable":true,"href":"https:\/\/www.europesays.com\/no\/wp-json\/wp\/v2\/comments?post=99923"}],"version-history":[{"count":0,"href":"https:\/\/www.europesays.com\/no\/wp-json\/wp\/v2\/posts\/99923\/revisions"}],"wp:featuredmedia":[{"embeddable":true,"href":"https:\/\/www.europesays.com\/no\/wp-json\/wp\/v2\/media\/99924"}],"wp:attachment":[{"href":"https:\/\/www.europesays.com\/no\/wp-json\/wp\/v2\/media?parent=99923"}],"wp:term":[{"taxonomy":"category","embeddable":true,"href":"https:\/\/www.europesays.com\/no\/wp-json\/wp\/v2\/categories?post=99923"},{"taxonomy":"post_tag","embeddable":true,"href":"https:\/\/www.europesays.com\/no\/wp-json\/wp\/v2\/tags?post=99923"}],"curies":[{"name":"wp","href":"https:\/\/api.w.org\/{rel}","templated":true}]}}