{"id":99939,"date":"2025-11-29T12:46:10","date_gmt":"2025-11-29T12:46:10","guid":{"rendered":"https:\/\/www.europesays.com\/no\/99939\/"},"modified":"2025-11-29T12:46:10","modified_gmt":"2025-11-29T12:46:10","slug":"skal-vi-danse-taerer-pa","status":"publish","type":"post","link":"https:\/\/www.europesays.com\/no\/99939\/","title":{"rendered":"\u00abSkal vi danse\u00bb t\u00e6rer p\u00e5:"},"content":{"rendered":"<p>Seks deltagere gjenst\u00e5r i \u00e5rets sesong av \u00abSkal vi danse\u00bb, med finalen bare dr\u00f8ye tre uker unna.\u00a0<\/p>\n<p>Det blir ikke akkurat mindre trening utover sesongen av den grunn. Snarere tvert imot, if\u00f8lge Trygve Bennetsen og dansepartneren Ida Amy Sund.<\/p>\n<p>N\u00e5r TV 2 m\u00f8ter duoen p\u00e5 dansesenteret innr\u00f8mmer de at konkurransen t\u00e6rer p\u00e5 kroppen.<\/p>\n<p>\u2013 De siste dagene har v\u00e6rt tunge. I natt fikk jeg 10,5 timer med s\u00f8vn. S\u00e5 jeg f\u00f8ler jeg meg som en helt ny person i dag. Jeg var nesten d\u00f8ende i g\u00e5r, sier Bennetsen, f\u00f8r dansepartneren skyter inn:<\/p>\n<p>\u2013 Alt liv var ute av \u00f8ynene til Trygve i g\u00e5r. N\u00e5r jeg pratet til han p\u00e5 trening, s\u00e5 var det helt tomt i ansiktet hans.<\/p>\n<p>    <a class=\"article__link\" data-ga-active-label=\"\" data-ga-active-label-animation=\"\" href=\"https:\/\/www.tv2.no\/underholdning\/avslorer-ma-rett-hjem-til-sverige\/18303590\/\" rel=\"nofollow noopener\" target=\"_blank\"><\/p>\n<p>    <img class=\"image__img lazyload\" itemprop=\"image\" title=\"\" alt=\"\" width=\"978\" height=\"411\" bad-src=\"https:\/\/www.europesays.com\/no\/wp-content\/uploads\/2025\/11\/18303790.webp\" fetchpriority=\"auto\" \/><\/p>\n<p>\n            Avsl\u00f8rer: \u2013 M\u00e5 rett hjem til Sverige\n        <\/p>\n<p>    <\/a><\/p>\n<p>\u2013 M\u00e5 slappe av<\/p>\n<p>De er likevel tydelig p\u00e5 at det hjelper med s\u00f8vn.<\/p>\n<p>\u2013 I dag er det en forbedring. S\u00e5 man m\u00e5 slappe av ogs\u00e5. Det er viktig. Selv om vi egentlig ikke har tid til \u00e5 slappe av.\u00a0<\/p>\n<p>Om Bennetsen og Sund skulle ta seg helt til finalen, betyr det nesten en m\u00e5ned til med beinhard trening,<\/p>\n<p>\u2013 Hvordan skal dere holde ut?<\/p>\n<p>\u2013 Vi er jo veldig motiverte. Samtidig s\u00e5 ser vi jo litt slutten p\u00e5 det her n\u00e5. For\u00a0det kommer snart en s\u00f8ndag, hvor jeg v\u00e5kner opp og ligger p\u00e5 sofaen uten noe \u00e5 gj\u00f8re. Det kommer til \u00e5 bli en trist s\u00f8ndag. Det blir nok veldig fint i starten, men s\u00e5 kommer jeg til \u00e5 savne det her, sier Bennetsen.<\/p>\n<p>Imponert<\/p>\n<p>Avslutningsvis forteller proffdanseren at hun er veldig imponert over dansepartneren sin.\u00a0<\/p>\n<p>\u2013 Vi\u00a0er her fra morgen til kveld,\u00a0og jeg ser en stor endring hos Trygve n\u00e5. I starten syntes han tre timer med trening hver dag var mye. Da var jeg s\u00e5nn:\u00a0\u00abWait and see\u00bb. For n\u00e5 er vi her hele dagen, og han klager ikke.<\/p>\n","protected":false},"excerpt":{"rendered":"Seks deltagere gjenst\u00e5r i \u00e5rets sesong av \u00abSkal vi danse\u00bb, med finalen bare dr\u00f8ye tre uker unna.\u00a0 Det&hellip;\n","protected":false},"author":2,"featured_media":99940,"comment_status":"","ping_status":"","sticky":false,"template":"","format":"standard","meta":{"footnotes":""},"categories":[58],"tags":[71,30,28,29,72],"class_list":{"0":"post-99939","1":"post","2":"type-post","3":"status-publish","4":"format-standard","5":"has-post-thumbnail","7":"category-underholdning","8":"tag-entertainment","9":"tag-no","10":"tag-norge","11":"tag-norway","12":"tag-underholdning"},"share_on_mastodon":{"url":"https:\/\/pubeurope.com\/@no\/115633060784294160","error":""},"_links":{"self":[{"href":"https:\/\/www.europesays.com\/no\/wp-json\/wp\/v2\/posts\/99939","targetHints":{"allow":["GET"]}}],"collection":[{"href":"https:\/\/www.europesays.com\/no\/wp-json\/wp\/v2\/posts"}],"about":[{"href":"https:\/\/www.europesays.com\/no\/wp-json\/wp\/v2\/types\/post"}],"author":[{"embeddable":true,"href":"https:\/\/www.europesays.com\/no\/wp-json\/wp\/v2\/users\/2"}],"replies":[{"embeddable":true,"href":"https:\/\/www.europesays.com\/no\/wp-json\/wp\/v2\/comments?post=99939"}],"version-history":[{"count":0,"href":"https:\/\/www.europesays.com\/no\/wp-json\/wp\/v2\/posts\/99939\/revisions"}],"wp:featuredmedia":[{"embeddable":true,"href":"https:\/\/www.europesays.com\/no\/wp-json\/wp\/v2\/media\/99940"}],"wp:attachment":[{"href":"https:\/\/www.europesays.com\/no\/wp-json\/wp\/v2\/media?parent=99939"}],"wp:term":[{"taxonomy":"category","embeddable":true,"href":"https:\/\/www.europesays.com\/no\/wp-json\/wp\/v2\/categories?post=99939"},{"taxonomy":"post_tag","embeddable":true,"href":"https:\/\/www.europesays.com\/no\/wp-json\/wp\/v2\/tags?post=99939"}],"curies":[{"name":"wp","href":"https:\/\/api.w.org\/{rel}","templated":true}]}}