{"id":99943,"date":"2025-11-29T12:52:08","date_gmt":"2025-11-29T12:52:08","guid":{"rendered":"https:\/\/www.europesays.com\/no\/99943\/"},"modified":"2025-11-29T12:52:08","modified_gmt":"2025-11-29T12:52:08","slug":"usa-ukraina-zelenskyj-delegasjon-pa-vei-til-usa","status":"publish","type":"post","link":"https:\/\/www.europesays.com\/no\/99943\/","title":{"rendered":"USA, Ukraina | Zelenskyj: Delegasjon p\u00e5 vei til USA"},"content":{"rendered":"\n<p>Ukrainas president Volodymyr Zelenskyj sier at en delegasjon er p\u00e5 vei til USA for samtaler om \u00e5 f\u00e5 slutt p\u00e5 krigen.<\/p>\n<p>Delegasjon ledes av sekret\u00e6ren i Ukrainas nasjonale sikkerhetsr\u00e5d Rustem Umerov, sier Zelenskyj.<\/p>\n<p><b>Les ogs\u00e5: <a class=\"simple-relation related-teaser article--c-eRUmMG article--c-eRUmMG-fZoQSp-design-nettavisen article--c-eRUmMG-gwthdJ-cv\" href=\"https:\/\/www.nettavisen.no\/deler-detaljer-fra-putin-mote\/s\/5-95-2753789\" rel=\"nofollow noopener\" target=\"_blank\">Deler detaljer fra Putin-m\u00f8te<\/a><\/b><\/p>\n<p>\u2013 Rustem leverte en rapport i dag, og oppgaven er klar: raskt og substansielt \u00e5 utarbeide de n\u00f8dvendige skrittene som trengs for \u00e5 f\u00e5 slutt p\u00e5 krigen, skriver Zelenskyj p\u00e5 X l\u00f8rdag.<\/p>\n<p>Han sier at han venter at resultatene s\u00f8ndag skal bygge p\u00e5 resultatene av tidligere m\u00f8ter med amerikanerne i Gen\u00e8ve.<\/p>\n","protected":false},"excerpt":{"rendered":"Ukrainas president Volodymyr Zelenskyj sier at en delegasjon er p\u00e5 vei til USA for samtaler om \u00e5 f\u00e5&hellip;\n","protected":false},"author":2,"featured_media":99944,"comment_status":"","ping_status":"","sticky":false,"template":"","format":"standard","meta":{"footnotes":""},"categories":[5],"tags":[20,21,24,25,15,19,22,23,17,18,13,30,28,29,14,16,26,27],"class_list":{"0":"post-99943","1":"post","2":"type-post","3":"status-publish","4":"format-standard","5":"has-post-thumbnail","7":"category-overskrifter","8":"tag-breaking-news","9":"tag-breakingnews","10":"tag-featured-news","11":"tag-featurednews","12":"tag-headlines","13":"tag-hovedoppslag","14":"tag-latest-news","15":"tag-latestnews","16":"tag-main-news","17":"tag-mainnews","18":"tag-news","19":"tag-no","20":"tag-norge","21":"tag-norway","22":"tag-nyheter","23":"tag-overskrifter","24":"tag-top-stories","25":"tag-topstories"},"share_on_mastodon":{"url":"https:\/\/pubeurope.com\/@no\/115633084393343185","error":""},"_links":{"self":[{"href":"https:\/\/www.europesays.com\/no\/wp-json\/wp\/v2\/posts\/99943","targetHints":{"allow":["GET"]}}],"collection":[{"href":"https:\/\/www.europesays.com\/no\/wp-json\/wp\/v2\/posts"}],"about":[{"href":"https:\/\/www.europesays.com\/no\/wp-json\/wp\/v2\/types\/post"}],"author":[{"embeddable":true,"href":"https:\/\/www.europesays.com\/no\/wp-json\/wp\/v2\/users\/2"}],"replies":[{"embeddable":true,"href":"https:\/\/www.europesays.com\/no\/wp-json\/wp\/v2\/comments?post=99943"}],"version-history":[{"count":0,"href":"https:\/\/www.europesays.com\/no\/wp-json\/wp\/v2\/posts\/99943\/revisions"}],"wp:featuredmedia":[{"embeddable":true,"href":"https:\/\/www.europesays.com\/no\/wp-json\/wp\/v2\/media\/99944"}],"wp:attachment":[{"href":"https:\/\/www.europesays.com\/no\/wp-json\/wp\/v2\/media?parent=99943"}],"wp:term":[{"taxonomy":"category","embeddable":true,"href":"https:\/\/www.europesays.com\/no\/wp-json\/wp\/v2\/categories?post=99943"},{"taxonomy":"post_tag","embeddable":true,"href":"https:\/\/www.europesays.com\/no\/wp-json\/wp\/v2\/tags?post=99943"}],"curies":[{"name":"wp","href":"https:\/\/api.w.org\/{rel}","templated":true}]}}