{"id":99951,"date":"2025-11-29T13:05:08","date_gmt":"2025-11-29T13:05:08","guid":{"rendered":"https:\/\/www.europesays.com\/no\/99951\/"},"modified":"2025-11-29T13:05:08","modified_gmt":"2025-11-29T13:05:08","slug":"nyheter-brann-dobbelt-sa-mange-dor-i-desember-gjor-dette-na","status":"publish","type":"post","link":"https:\/\/www.europesays.com\/no\/99951\/","title":{"rendered":"Nyheter, Brann | Dobbelt s\u00e5 mange d\u00f8r i desember: \u2013 Gj\u00f8r dette n\u00e5!"},"content":{"rendered":"\n<p>Hittil i \u00e5r har 37 person omkommet i brann i Norge, noe som er h\u00f8yere enn snittet de siste fire \u00e5rene. Eldre med hjelpebehov, rusavhengige og mennesker med psykiske lidelser er utsatt, viser tall fra Direktoratet for samfunnssikkerhet og beredskap (DSB).<\/p>\n<p>N\u00e5 oppfordrer Brannvernforeningen alle om \u00e5 gj\u00f8re \u00e9n spesiell ting f\u00f8r det som ikke bare er juleh\u00f8ytid, men ogs\u00e5 h\u00f8ytiden for branner. I desember d\u00f8r dobbelt s\u00e5 mange personer i brann enn ellers i \u00e5ret.\u00a0<\/p>\n<p>\u2013 R\u00f8ykvarsleren er hjemmets viktigste livredder og en enkel m\u00e5te \u00e5 \u00f8ke brannsikkerheten.<\/p>\n<p>Administrerende direkt\u00f8r i Brannvernforeningen, Ari Soilammi, mener 1. desember er en ekstra viktig p\u00e5minnelse om \u00e5 ta brannsikkerheten p\u00e5 alvor. Det er nemlig .<\/p>\n<p>\u2013 N\u00e5r vi vet at desember er m\u00e5neden flest omkommer i brann, er dagen en ekstra viktig p\u00e5minnelse om \u00e5 ta brannsikkerheten p\u00e5 alvor, sier administrerende direkt\u00f8r Ari Soilammi i Brannvernforeningen til NTB.<\/p>\n<p>Det er p\u00e5budt \u00e5 ha r\u00f8ykvarslere eller brannalarmanlegg i norske boliger, og alle m\u00e5 ha minst \u00e9n varsler i hver etasje som m\u00e5 h\u00f8res tydelig fra oppholdsrom og soverom. Det anbefales ogs\u00e5 \u00e5 ha r\u00f8ykvarslere i alle soverom og \u00e5 seriekoble dem.<\/p>\n<p>\u2013 Det finnes cirka 10 millioner r\u00f8ykvarslere i norske hjem, men dette kan gi en falsk trygghet hvis man ikke tester dem og forsikrer seg om at de virker, sier avdelingsdirekt\u00f8r Johan Marius Ly i DSB.<\/p>\n<p>R\u00f8ykvarsleren b\u00f8r sjekkes en gang i m\u00e5neden. I tillegg m\u00e5 de byttes ut hvert \u00e5ttende til tiende \u00e5r. Det er fordi elektronikken i r\u00f8ykvarslere forringes over tid.<\/p>\n<p>            Slik tester du r\u00f8ykvarsleren<\/p>\n<p>Tre ting du b\u00f8r teste n\u00e5r du sjekker r\u00f8ykvarsleren, if\u00f8lge Brannvernforeningen.<\/p>\n<ul>\n<li>Test r\u00f8ykvarsleren ved \u00e5 holde \u00abtest-knappen\u00bb inne noen sekunder. R\u00f8ykvarsleren skal da begynne \u00e5 pipe. Hvis den ikke gj\u00f8r det, m\u00e5 du bytte batteri og teste p\u00e5 nytt, eventuelt kj\u00f8pe ny varsler.<\/li>\n<li>Sjekk om r\u00f8ykvarslerlyden h\u00f8res tydelig p\u00e5 oppholdsrom og soverom, ogs\u00e5 n\u00e5r d\u00f8ren mellom rommene er lukket.<\/li>\n<li>Sjekk at du har minst \u00e9n r\u00f8ykvarsler i hver etasje. Har du flere r\u00f8ykvarslere, b\u00f8r de v\u00e6re seriekoblet.<\/li>\n<\/ul>\n","protected":false},"excerpt":{"rendered":"Hittil i \u00e5r har 37 person omkommet i brann i Norge, noe som er h\u00f8yere enn snittet de&hellip;\n","protected":false},"author":2,"featured_media":99952,"comment_status":"","ping_status":"","sticky":false,"template":"","format":"standard","meta":{"footnotes":""},"categories":[10],"tags":[36,367,20,21,24,25,15,22,23,13,30,28,29,14,16,2312,1510,26,27],"class_list":{"0":"post-99951","1":"post","2":"type-post","3":"status-publish","4":"format-standard","5":"has-post-thumbnail","7":"category-norge","8":"tag-art","9":"tag-brann","10":"tag-breaking-news","11":"tag-breakingnews","12":"tag-featured-news","13":"tag-featurednews","14":"tag-headlines","15":"tag-latest-news","16":"tag-latestnews","17":"tag-news","18":"tag-no","19":"tag-norge","20":"tag-norway","21":"tag-nyheter","22":"tag-overskrifter","23":"tag-roykvarsler","24":"tag-story","25":"tag-top-stories","26":"tag-topstories"},"share_on_mastodon":{"url":"https:\/\/pubeurope.com\/@no\/115633135612726909","error":""},"_links":{"self":[{"href":"https:\/\/www.europesays.com\/no\/wp-json\/wp\/v2\/posts\/99951","targetHints":{"allow":["GET"]}}],"collection":[{"href":"https:\/\/www.europesays.com\/no\/wp-json\/wp\/v2\/posts"}],"about":[{"href":"https:\/\/www.europesays.com\/no\/wp-json\/wp\/v2\/types\/post"}],"author":[{"embeddable":true,"href":"https:\/\/www.europesays.com\/no\/wp-json\/wp\/v2\/users\/2"}],"replies":[{"embeddable":true,"href":"https:\/\/www.europesays.com\/no\/wp-json\/wp\/v2\/comments?post=99951"}],"version-history":[{"count":0,"href":"https:\/\/www.europesays.com\/no\/wp-json\/wp\/v2\/posts\/99951\/revisions"}],"wp:featuredmedia":[{"embeddable":true,"href":"https:\/\/www.europesays.com\/no\/wp-json\/wp\/v2\/media\/99952"}],"wp:attachment":[{"href":"https:\/\/www.europesays.com\/no\/wp-json\/wp\/v2\/media?parent=99951"}],"wp:term":[{"taxonomy":"category","embeddable":true,"href":"https:\/\/www.europesays.com\/no\/wp-json\/wp\/v2\/categories?post=99951"},{"taxonomy":"post_tag","embeddable":true,"href":"https:\/\/www.europesays.com\/no\/wp-json\/wp\/v2\/tags?post=99951"}],"curies":[{"name":"wp","href":"https:\/\/api.w.org\/{rel}","templated":true}]}}