{"id":99953,"date":"2025-11-29T13:06:09","date_gmt":"2025-11-29T13:06:09","guid":{"rendered":"https:\/\/www.europesays.com\/no\/99953\/"},"modified":"2025-11-29T13:06:09","modified_gmt":"2025-11-29T13:06:09","slug":"vaer-farevarsel-farevarsel-om-sno-sondag","status":"publish","type":"post","link":"https:\/\/www.europesays.com\/no\/99953\/","title":{"rendered":"V\u00e6r, Farevarsel | Farevarsel om sn\u00f8 s\u00f8ndag"},"content":{"rendered":"\n<p>S\u00f8ndag ventes det lokalt 10\u201320 centimeter sn\u00f8 p\u00e5 deler av \u00d8stlandet.<\/p>\n<p>I lavlandet vil nedb\u00f8ren i perioder komme som sludd.<\/p>\n<p><b>Farevarselet gjelder fra s\u00f8ndag 30. november klokken 04:00 til mandag 1. desember klokken 00:00. Da skal faren minke.<\/b><\/p>\n<p>Noen steder kan det bli vanskelige kj\u00f8reforhold, melder Meteorologisk institutt p\u00e5 nettstedet yr.no.<\/p>\n<p>Noen reiser vil kunne ta lengre tid enn normalt, og bilister blir oppfordret til \u00e5 beregne ekstra tid til transport og kj\u00f8ring. Forsinkelser i flytrafikken og offentlig transport kan ogs\u00e5 forekomme. <\/p>\n<p>Veimeldinger kan sjekkes p\u00e5 <a href=\"https:\/\/vegvesen.no\/trafikk\" rel=\"nofollow noopener\" target=\"_blank\">vegvesen.no\/trafikk<\/a>.<\/p>\n","protected":false},"excerpt":{"rendered":"S\u00f8ndag ventes det lokalt 10\u201320 centimeter sn\u00f8 p\u00e5 deler av \u00d8stlandet. I lavlandet vil nedb\u00f8ren i perioder komme&hellip;\n","protected":false},"author":2,"featured_media":99954,"comment_status":"","ping_status":"","sticky":false,"template":"","format":"standard","meta":{"footnotes":""},"categories":[5],"tags":[36,20,21,102,24,25,15,19,22,23,17,18,13,30,28,29,14,16,1510,26,27,553],"class_list":{"0":"post-99953","1":"post","2":"type-post","3":"status-publish","4":"format-standard","5":"has-post-thumbnail","7":"category-overskrifter","8":"tag-art","9":"tag-breaking-news","10":"tag-breakingnews","11":"tag-farevarsel","12":"tag-featured-news","13":"tag-featurednews","14":"tag-headlines","15":"tag-hovedoppslag","16":"tag-latest-news","17":"tag-latestnews","18":"tag-main-news","19":"tag-mainnews","20":"tag-news","21":"tag-no","22":"tag-norge","23":"tag-norway","24":"tag-nyheter","25":"tag-overskrifter","26":"tag-story","27":"tag-top-stories","28":"tag-topstories","29":"tag-vaer"},"share_on_mastodon":{"url":"https:\/\/pubeurope.com\/@no\/115633139414333074","error":""},"_links":{"self":[{"href":"https:\/\/www.europesays.com\/no\/wp-json\/wp\/v2\/posts\/99953","targetHints":{"allow":["GET"]}}],"collection":[{"href":"https:\/\/www.europesays.com\/no\/wp-json\/wp\/v2\/posts"}],"about":[{"href":"https:\/\/www.europesays.com\/no\/wp-json\/wp\/v2\/types\/post"}],"author":[{"embeddable":true,"href":"https:\/\/www.europesays.com\/no\/wp-json\/wp\/v2\/users\/2"}],"replies":[{"embeddable":true,"href":"https:\/\/www.europesays.com\/no\/wp-json\/wp\/v2\/comments?post=99953"}],"version-history":[{"count":0,"href":"https:\/\/www.europesays.com\/no\/wp-json\/wp\/v2\/posts\/99953\/revisions"}],"wp:featuredmedia":[{"embeddable":true,"href":"https:\/\/www.europesays.com\/no\/wp-json\/wp\/v2\/media\/99954"}],"wp:attachment":[{"href":"https:\/\/www.europesays.com\/no\/wp-json\/wp\/v2\/media?parent=99953"}],"wp:term":[{"taxonomy":"category","embeddable":true,"href":"https:\/\/www.europesays.com\/no\/wp-json\/wp\/v2\/categories?post=99953"},{"taxonomy":"post_tag","embeddable":true,"href":"https:\/\/www.europesays.com\/no\/wp-json\/wp\/v2\/tags?post=99953"}],"curies":[{"name":"wp","href":"https:\/\/api.w.org\/{rel}","templated":true}]}}