{"id":99978,"date":"2025-11-29T13:47:13","date_gmt":"2025-11-29T13:47:13","guid":{"rendered":"https:\/\/www.europesays.com\/no\/99978\/"},"modified":"2025-11-29T13:47:13","modified_gmt":"2025-11-29T13:47:13","slug":"helse-og-omsorg-ernaering-trebarnsmor-terese-34-vil-redusere-bruken-av-ultraprosessert-mat-og-sotsaker-jeg-har-blitt-kalt-hysterisk","status":"publish","type":"post","link":"https:\/\/www.europesays.com\/no\/99978\/","title":{"rendered":"Helse og omsorg, Ern\u00e6ring | Trebarnsmor Terese (34) vil redusere bruken av ultraprosessert mat og s\u00f8tsaker: \u2013 Jeg har blitt kalt hysterisk"},"content":{"rendered":"<p data-content=\"lead-text\" class=\"lead-text feature brick-c-eOZvhA\">\n<p>          En ny forskningsrapport advarer om helsekonsekvensene av \u00e5 spise for mye ultraprosessert mat. For Terese Sofie Th\u00f8rnquist fra Rana ble det nok en p\u00e5minnelse om \u00e5 ta bevisste valg i butikken og ellers i hverdagen. Hun har opplevd \u00e5 bli mye kritisert for sitt engasjement, men har f\u00e5tt mer selvtillit og motivasjon gjennom sin Instagram-konto som n\u00e5 har over 5500 f\u00f8lgere.\n      <\/p>\n","protected":false},"excerpt":{"rendered":"En ny forskningsrapport advarer om helsekonsekvensene av \u00e5 spise for mye ultraprosessert mat. For Terese Sofie Th\u00f8rnquist fra&hellip;\n","protected":false},"author":2,"featured_media":99979,"comment_status":"","ping_status":"","sticky":false,"template":"","format":"standard","meta":{"footnotes":""},"categories":[5],"tags":[20,21,24,25,15,19,22,23,17,18,13,30,28,29,14,16,26,27],"class_list":{"0":"post-99978","1":"post","2":"type-post","3":"status-publish","4":"format-standard","5":"has-post-thumbnail","7":"category-overskrifter","8":"tag-breaking-news","9":"tag-breakingnews","10":"tag-featured-news","11":"tag-featurednews","12":"tag-headlines","13":"tag-hovedoppslag","14":"tag-latest-news","15":"tag-latestnews","16":"tag-main-news","17":"tag-mainnews","18":"tag-news","19":"tag-no","20":"tag-norge","21":"tag-norway","22":"tag-nyheter","23":"tag-overskrifter","24":"tag-top-stories","25":"tag-topstories"},"share_on_mastodon":{"url":"https:\/\/pubeurope.com\/@no\/115633300667287517","error":""},"_links":{"self":[{"href":"https:\/\/www.europesays.com\/no\/wp-json\/wp\/v2\/posts\/99978","targetHints":{"allow":["GET"]}}],"collection":[{"href":"https:\/\/www.europesays.com\/no\/wp-json\/wp\/v2\/posts"}],"about":[{"href":"https:\/\/www.europesays.com\/no\/wp-json\/wp\/v2\/types\/post"}],"author":[{"embeddable":true,"href":"https:\/\/www.europesays.com\/no\/wp-json\/wp\/v2\/users\/2"}],"replies":[{"embeddable":true,"href":"https:\/\/www.europesays.com\/no\/wp-json\/wp\/v2\/comments?post=99978"}],"version-history":[{"count":0,"href":"https:\/\/www.europesays.com\/no\/wp-json\/wp\/v2\/posts\/99978\/revisions"}],"wp:featuredmedia":[{"embeddable":true,"href":"https:\/\/www.europesays.com\/no\/wp-json\/wp\/v2\/media\/99979"}],"wp:attachment":[{"href":"https:\/\/www.europesays.com\/no\/wp-json\/wp\/v2\/media?parent=99978"}],"wp:term":[{"taxonomy":"category","embeddable":true,"href":"https:\/\/www.europesays.com\/no\/wp-json\/wp\/v2\/categories?post=99978"},{"taxonomy":"post_tag","embeddable":true,"href":"https:\/\/www.europesays.com\/no\/wp-json\/wp\/v2\/tags?post=99978"}],"curies":[{"name":"wp","href":"https:\/\/api.w.org\/{rel}","templated":true}]}}