{"id":99986,"date":"2025-11-29T14:01:12","date_gmt":"2025-11-29T14:01:12","guid":{"rendered":"https:\/\/www.europesays.com\/no\/99986\/"},"modified":"2025-11-29T14:01:12","modified_gmt":"2025-11-29T14:01:12","slug":"tromso-by-tromso-er-en-eksepsjonell-by","status":"publish","type":"post","link":"https:\/\/www.europesays.com\/no\/99986\/","title":{"rendered":"Troms\u00f8, By | Troms\u00f8 er en eksepsjonell by!"},"content":{"rendered":"\n<p>Hyllesten er utl\u00f8st av hva journalist Kaja Vogt skrev om hva hun egentlig synes om m\u00f8rketiden p\u00e5 Nordnorsk debatt. I den ytringen konkluderte hun slik:<\/p>\n<p><b>&laquo;Jeg vil g\u00e5 med kule, tynne vinterjakker, uten \u00e5 fryse ihjel. Slik man kan gj\u00f8re i Oslo. Og jeg vil ha seks flotte, fantastiske timer i solen.&raquo;<\/b><\/p>\n<p><b><a href=\" https:\/\/www.nordnorskdebatt.no\/morketiden-blir-super-eller\/o\/5-124-399082\" rel=\"Follow\">M\u00f8rketiden blir super. Eller?<\/a><\/b><\/p>\n<p>Kaja jobber ogs\u00e5 kvelds- og helgevakter for Nordlys, der hun ofte skrur sammen engasjerende og morsomt videoinnhold.<\/p>\n<p><b>Den unge utgaven<\/b> av meg, identifiserer seg med Kaja.<\/p>\n<p><b>Den eldre utgaven<\/b> av meg, ser ganske annerledes p\u00e5 livet i kulde og m\u00f8rke.<\/p>\n<p>Min f\u00f8rste m\u00f8rketid hadde jeg i Kirkenes som soldat da jeg var 20 \u00e5r. Jeg husker jeg tenkte det ikke var rart om nordlendinger flytter s\u00f8rover. At m\u00f8rket var i overkant mye. Kulden affiserte meg ikke noe s\u00e6rlig. Den var jeg oppvokst i.<\/p>\n<p><b>Tankesettet har siden preget meg. <\/b>Helt til jeg ved en av livets tilfeldigheter begynte \u00e5 jobbe i Bod\u00f8 ved inngangen til 2024. Jeg er n\u00e5 inne i min tredje m\u00f8rketid p\u00e5 rappen.<\/p>\n<p>I rask rekkef\u00f8lge har jeg speed-datet Bod\u00f8, Lofoten og Troms\u00f8. Den intensive datingen har f\u00f8rt til at jeg er transformert fra \u00e5 tenke at Nord-Norge er for spesielt interesserte, til \u00e5 tenke at jeg er spesielt interessert i Nord-Norge.<\/p>\n<p><b>N\u00f8kkelordet i denne transformasjonen<\/b> er mitt behov for kontraster. At jeg trenger hele svingradiusen b\u00e5de p\u00e5 det ytre og indre plan &#8211; variasjon mellom det m\u00f8rke og det lyse &#8211; for \u00e5 kjenne p\u00e5 at jeg lever et interessant liv. I stor variasjon ligger ogs\u00e5 en tidsbrems.<\/p>\n<p>Livet blir lengre n\u00e5r det leves i omskiftelighet.<\/p>\n<p>Jeg opplevde for eksempel orkanen i Nordland 1. februar 2024.<\/p>\n<p>    Vil du se neste video?<\/p>\n<p>    <a href=\"https:\/\/www.nordlys.no\/bare-glem-det\/v\/5-34-2251918\" class=\"recommend-poster\" data-adp-clicklabel=\"video-recommend\" data-adp-clickvalue=\"poster\" rel=\"nofollow noopener\" target=\"_blank\"><\/p>\n<p>\u2013 Bare glem det0:27<\/p>\n<p>    <\/a><\/p>\n<p>Selv om det pleier \u00e5 v\u00e6re slik at det kommer lys etter m\u00f8rke i eget liv, har vi ingen garanti for at det skjer.<b> I den s\u00e6rlige nordnorske variasjonen ligger det en garantert forutsigbarhet. <\/b><\/p>\n<p>Det er for eksempel bare dr\u00f8ye to m\u00e5neder mellom disse bildene:<\/p>\n<p>   <img decoding=\"async\" width=\"2048\" height=\"1536\" fetchpriority=\"low\"  loading=\"lazy\"  src=\"https:\/\/www.europesays.com\/no\/wp-content\/uploads\/2025\/11\/1c47e722-47b6-46a7-b0f1-166cda1515ac.jpg\" alt=\"\" class=\"brick-c-cFOWSL\" style=\"--brick-image-ratio: 2048 \/ 1536;\"\/><\/p>\n<p>   <img decoding=\"async\" width=\"2048\" height=\"1536\" fetchpriority=\"low\"  loading=\"lazy\"  src=\"https:\/\/www.europesays.com\/no\/wp-content\/uploads\/2025\/11\/81e5c0bd-8fdc-4411-9ee1-53aa410d7c9a.jpg\" alt=\"\" class=\"brick-c-cFOWSL\" style=\"--brick-image-ratio: 2048 \/ 1536;\"\/><\/p>\n<p>I det aller m\u00f8rkeste vet vi at rundt neste sving ligger absolutt lys og venter. Styrken og regulariteten i de ytre p\u00e5virkningene tror jeg gj\u00f8r det enklere \u00e5 takle indre svingninger. <b>Forsikringen om at etter m\u00f8rke kommer det lys, blir gyldig.<\/b><\/p>\n<p>Over tid utvikler man strategier for \u00e5 takle m\u00f8rketida. Og n\u00e5r det snur, skjer det merkbart fra den ene dagen til den andre. Ingenting kommer snikende p\u00e5 deg i nord. Det meste er br\u00e5tt og plutselig.<\/p>\n<p>Imperativet fra omgivelsene er soleklart:<\/p>\n<p><b>Vil du v\u00e6re med, s\u00e5 heng p\u00e5! <\/b><\/p>\n<p>Det er jo akkurat disse energistr\u00f8mmene som forklarer den store tilstr\u00f8mningen av turister mot Nord-Norge. Nordlyset og midnattssolen er bare toppen av kransekaka.<\/p>\n<p>Det \u00e5 f\u00e5 v\u00e6re i s\u00e5 voldsom natur i overflod av m\u00f8rke, ofte koblet til kosmiske krefter, eller lys d\u00f8gnet rundt, gj\u00f8r at mennesker f\u00f8ler seg spill levende.<\/p>\n<p><b>N\u00e5r man er fylt av positiv energi, vil man dele den med andre.<\/b><\/p>\n<p>I Kirkenes for snart 50 \u00e5r siden f\u00f8lte jeg meg fryktelig langt fra Oslo. Det myldret ikke akkurat av folk i gatene. Jeg hadde selvf\u00f8lgelig ikke egne penger som kunne utligne avstanden Kirkenes\/Oslo. Det kostet et par tusen kroner \u00e5 fly s\u00f8rover den gangen. Det samme som en en tur-retur-pris p\u00e5 n\u00e6rmere 20 000 i dag, korrigert for prisstigning. <b>Milevis unna det lommeboka mi t\u00e5lte.<\/b><\/p>\n<p>Flyreiser &#8211; grunnet frislippet i lufta, samt den voldsomme velstandsutviklingen &#8211; har f\u00f8rt til et relativt prisras p\u00e5 flybilletter. Dette raset har bidratt til en mye sterkere sammenkobling mellom nord og s\u00f8r.<\/p>\n<p><b>Ikke minst mentalt.<\/b> Oslo og Europa er liksom bare et steinkast unna.<\/p>\n<p><b>Det gjelder i s\u00e6rdeleshet i Troms\u00f8.<\/b> At det er mer enn 20 flyruter fra byn\u00e6re Troms\u00f8 lufthavn til Europa i vintersesongen, er ikke mindre enn oppsiktsvekkende. Et befolkningsgrunnlag p\u00e5 knappe 80 000 innbyggere gir egentlig ikke grunnlag for mer enn et par utenlandsruter til n\u00e6rliggende destinasjoner som Stockholm og K\u00f8benhavn.<\/p>\n<p><b>Skytteltrafikken til og fra Troms\u00f8 Lufthavn<\/b> gj\u00f8r at det n\u00e5 i Storgata er et folkeliv du bare finner maken til p\u00e5 Gr\u00fcnerl\u00f8kka i Oslo i Markveien og Thorvald Meyers gate. Og da bare p\u00e5 fredager og l\u00f8rdager.<\/p>\n<p>Hva alle disse turistene tilf\u00f8rer Troms\u00f8 av energi, penger og attraktivt uteliv er det umulig \u00e5 kvantifisere. S\u00e5 mange mennesker ute i en mellomstor norsk by, har jeg sett bare \u00e9n gang tidligere.. Det var under koket i en annen Storgate. Den i Lillehammer og da bare i en kort periode under OL i -94.<\/p>\n<p>Sammenligningen med Lillehammer-OL, duger i en annen sammenheng ogs\u00e5. En av hovedgrunnene til at Lillehammer-OL er utropt til tidenes vinter-Ol skyldes at s\u00e5 mange av \u00f8velsene utspant seg i Lillehammer Olympiapark. Lekene ble kjent som \u00abcompact games\u00bb.<\/p>\n<p>At Troms\u00f8 ligger p\u00e5 en \u00f8y med de begrensningene det inneb\u00e6rer for ekspansjon og tilgjengelige tomteomr\u00e5der, er samtidig byens suksessfaktor<b>. <\/b><\/p>\n<p><b>Der Bod\u00f8 strekker seg voldsomt ut, er Troms\u00f8 velsignet komprimert. Her utspiller det meste seg innenfor konseptet \u00abcompact games\u00bb. Det gir byen en s\u00e6regen vitalitet og nerve.<\/b><\/p>\n<p>Legg til at Troms\u00f8 er et veldig egalit\u00e6rt samfunn helt uten kompliserende koder, preget av nordnorsk bramfrihet og raushet, s\u00e5 skj\u00f8nner du at byen banker med <b>et varmt og inkluderende hjerte.<\/b><\/p>\n<p>N\u00e5r du sammenkobler alt dette med hva Universitetet, UNN, kulturlivet med H\u00e5logaland Teater i spissen og overflod av natur p\u00e5 d\u00f8rstokken til alle fyller p\u00e5 med, s\u00e5 er det lett \u00e5 konkludere:<\/p>\n<p><b>Troms\u00f8 er en eksepsjonell by.<\/b><\/p>\n","protected":false},"excerpt":{"rendered":"Hyllesten er utl\u00f8st av hva journalist Kaja Vogt skrev om hva hun egentlig synes om m\u00f8rketiden p\u00e5 Nordnorsk&hellip;\n","protected":false},"author":2,"featured_media":99987,"comment_status":"","ping_status":"","sticky":false,"template":"","format":"standard","meta":{"footnotes":""},"categories":[5],"tags":[36,20,21,12750,24,25,15,19,266,22,23,17,18,13,30,28,29,14,1533,16,26,27,263,3363],"class_list":{"0":"post-99986","1":"post","2":"type-post","3":"status-publish","4":"format-standard","5":"has-post-thumbnail","7":"category-overskrifter","8":"tag-art","9":"tag-breaking-news","10":"tag-breakingnews","11":"tag-by","12":"tag-featured-news","13":"tag-featurednews","14":"tag-headlines","15":"tag-hovedoppslag","16":"tag-kommentar","17":"tag-latest-news","18":"tag-latestnews","19":"tag-main-news","20":"tag-mainnews","21":"tag-news","22":"tag-no","23":"tag-norge","24":"tag-norway","25":"tag-nyheter","26":"tag-opinion","27":"tag-overskrifter","28":"tag-top-stories","29":"tag-topstories","30":"tag-tromso","31":"tag-turisme"},"share_on_mastodon":{"url":"https:\/\/pubeurope.com\/@no\/115633356048061504","error":""},"_links":{"self":[{"href":"https:\/\/www.europesays.com\/no\/wp-json\/wp\/v2\/posts\/99986","targetHints":{"allow":["GET"]}}],"collection":[{"href":"https:\/\/www.europesays.com\/no\/wp-json\/wp\/v2\/posts"}],"about":[{"href":"https:\/\/www.europesays.com\/no\/wp-json\/wp\/v2\/types\/post"}],"author":[{"embeddable":true,"href":"https:\/\/www.europesays.com\/no\/wp-json\/wp\/v2\/users\/2"}],"replies":[{"embeddable":true,"href":"https:\/\/www.europesays.com\/no\/wp-json\/wp\/v2\/comments?post=99986"}],"version-history":[{"count":0,"href":"https:\/\/www.europesays.com\/no\/wp-json\/wp\/v2\/posts\/99986\/revisions"}],"wp:featuredmedia":[{"embeddable":true,"href":"https:\/\/www.europesays.com\/no\/wp-json\/wp\/v2\/media\/99987"}],"wp:attachment":[{"href":"https:\/\/www.europesays.com\/no\/wp-json\/wp\/v2\/media?parent=99986"}],"wp:term":[{"taxonomy":"category","embeddable":true,"href":"https:\/\/www.europesays.com\/no\/wp-json\/wp\/v2\/categories?post=99986"},{"taxonomy":"post_tag","embeddable":true,"href":"https:\/\/www.europesays.com\/no\/wp-json\/wp\/v2\/tags?post=99986"}],"curies":[{"name":"wp","href":"https:\/\/api.w.org\/{rel}","templated":true}]}}