{"id":99999,"date":"2025-11-29T14:29:09","date_gmt":"2025-11-29T14:29:09","guid":{"rendered":"https:\/\/www.europesays.com\/no\/99999\/"},"modified":"2025-11-29T14:29:09","modified_gmt":"2025-11-29T14:29:09","slug":"sortland-vaer-uvaeret-far-flere-konsekvenser-utsetter-julegrantenninga","status":"publish","type":"post","link":"https:\/\/www.europesays.com\/no\/99999\/","title":{"rendered":"Sortland, V\u00e6r | Uv\u00e6ret f\u00e5r flere konsekvenser: Utsetter julegrantenninga"},"content":{"rendered":"\n<p>Sortland byforening tar ingen sjanser etter \u00e5 ha lest v\u00e6rvarselet for l\u00f8rdag ettermiddag. Den planlagte julegrantenninga p\u00e5 Sortland torg l\u00f8rdag blir utsatt.<\/p>\n<p>  <a href=\"https:\/\/www.blv.no\/5-9-898648\" class=\"related-teaser has-image default-story-teaser article--c-eRUmMG article--c-eRUmMG-jKCPdD-design-default\" rel=\"nofollow noopener\" target=\"_blank\"><\/p>\n<p>    <img decoding=\"async\" loading=\"lazy\"  src=\"https:\/\/www.europesays.com\/no\/wp-content\/uploads\/2025\/11\/0306+tjj1ForstebussA.jpg\" alt=\"\" class=\"brick-c-cFOWSL\" style=\"\"\/><\/p>\n<p>\n            Les ogs\u00e5<\/p>\n<p>              Full stans i busstrafikken i Vester\u00e5len\n        <\/p>\n<p>  <\/a><\/p>\n<p>\u2013 S\u00f8ndag gj\u00f8r byforeninga et nytt fors\u00f8k. Det meldt om lett sn\u00f8v\u00e6r s\u00e5 vi tenker det blir mer koselig enn det v\u00e6ret som er meldt i dag l\u00f8rdag, sier Aasen i Sortland byforening.<\/p>\n<p>\u2013 Det er i alle fall lettere \u00e5 f\u00e5 julestemning, legger han til.<\/p>\n<p>\u2013 S\u00e5 m\u00f8t opp p\u00e5 torget s\u00f8ndag. Da satser vi p\u00e5 \u00e5 f\u00e5 lys i julegrana, sier han.<\/p>\n","protected":false},"excerpt":{"rendered":"Sortland byforening tar ingen sjanser etter \u00e5 ha lest v\u00e6rvarselet for l\u00f8rdag ettermiddag. Den planlagte julegrantenninga p\u00e5 Sortland&hellip;\n","protected":false},"author":2,"featured_media":100000,"comment_status":"","ping_status":"","sticky":false,"template":"","format":"standard","meta":{"footnotes":""},"categories":[10],"tags":[36,20,21,24,25,15,10687,22,23,13,30,28,29,14,16,3673,1510,26,27,553],"class_list":{"0":"post-99999","1":"post","2":"type-post","3":"status-publish","4":"format-standard","5":"has-post-thumbnail","7":"category-norge","8":"tag-art","9":"tag-breaking-news","10":"tag-breakingnews","11":"tag-featured-news","12":"tag-featurednews","13":"tag-headlines","14":"tag-julegrantenning","15":"tag-latest-news","16":"tag-latestnews","17":"tag-news","18":"tag-no","19":"tag-norge","20":"tag-norway","21":"tag-nyheter","22":"tag-overskrifter","23":"tag-sortland","24":"tag-story","25":"tag-top-stories","26":"tag-topstories","27":"tag-vaer"},"share_on_mastodon":{"url":"https:\/\/pubeurope.com\/@no\/115633466126749684","error":""},"_links":{"self":[{"href":"https:\/\/www.europesays.com\/no\/wp-json\/wp\/v2\/posts\/99999","targetHints":{"allow":["GET"]}}],"collection":[{"href":"https:\/\/www.europesays.com\/no\/wp-json\/wp\/v2\/posts"}],"about":[{"href":"https:\/\/www.europesays.com\/no\/wp-json\/wp\/v2\/types\/post"}],"author":[{"embeddable":true,"href":"https:\/\/www.europesays.com\/no\/wp-json\/wp\/v2\/users\/2"}],"replies":[{"embeddable":true,"href":"https:\/\/www.europesays.com\/no\/wp-json\/wp\/v2\/comments?post=99999"}],"version-history":[{"count":0,"href":"https:\/\/www.europesays.com\/no\/wp-json\/wp\/v2\/posts\/99999\/revisions"}],"wp:featuredmedia":[{"embeddable":true,"href":"https:\/\/www.europesays.com\/no\/wp-json\/wp\/v2\/media\/100000"}],"wp:attachment":[{"href":"https:\/\/www.europesays.com\/no\/wp-json\/wp\/v2\/media?parent=99999"}],"wp:term":[{"taxonomy":"category","embeddable":true,"href":"https:\/\/www.europesays.com\/no\/wp-json\/wp\/v2\/categories?post=99999"},{"taxonomy":"post_tag","embeddable":true,"href":"https:\/\/www.europesays.com\/no\/wp-json\/wp\/v2\/tags?post=99999"}],"curies":[{"name":"wp","href":"https:\/\/api.w.org\/{rel}","templated":true}]}}