{"id":100057,"date":"2025-11-13T21:02:07","date_gmt":"2025-11-13T21:02:07","guid":{"rendered":"https:\/\/www.europesays.com\/pl\/100057\/"},"modified":"2025-11-13T21:02:07","modified_gmt":"2025-11-13T21:02:07","slug":"pis-chce-wzmocnienia-wladzy-prezydenta-jest-nowy-projekt-przepisow","status":"publish","type":"post","link":"https:\/\/www.europesays.com\/pl\/100057\/","title":{"rendered":"PiS chce wzmocnienia w\u0142adzy prezydenta. Jest nowy projekt przepis\u00f3w"},"content":{"rendered":"<p class=\"ods-c-paragraph \">Projekt ustawy o Prezydencie Elekcie RP, ochronie kandydat\u00f3w na urz\u0105d Prezydenta oraz statusie Ma\u0142\u017conka Prezydenta zosta\u0142 z\u0142o\u017cony przez klub PiS w czwartek w Sejmie. Przedstawicielem wnioskodawc\u00f3w jest pose\u0142 Marcin Ociepa.<\/p>\n<p class=\"ods-c-paragraph \">Projekt wprowadza do systemu prawnego poj\u0119cie &#8222;Prezydenta Elekta Rzeczypospolitej Polskiej rozumianego jako nowo wybranego Prezydenta Rzeczypospolitej&#8221;, kt\u00f3re dotyczy\u0142oby zwyci\u0119skiego kandydata w okresie od og\u0142oszenia wyniku wybor\u00f3w, do obj\u0119cia przez niego urz\u0119du. Rozwi\u0105zanie to ma wzmocni\u0107 bezpiecze\u0144stwo pa\u0144stwa i zaufanie obywateli do procesu przekazywania w\u0142adzy prezydenckiej.<\/p>\n<p class=\"ods-c-paragraph \">Projekt zak\u0142ada utworzenie specjalnej kom\u00f3rki organizacyjnej w Kancelarii Prezydenta, kt\u00f3ra b\u0119dzie obs\u0142ugiwa\u0107 prezydenta elekta w zakresie merytorycznym, prawnym i organizacyjnym. Ma ona funkcjonowa\u0107 do dnia obj\u0119cia przez niego urz\u0119du.<\/p>\n<p>Dalszy ci\u0105g artyku\u0142u pod materia\u0142em wideo<\/p>\n<p> Jakie uprawnienia zyska prezydent elekt? <\/p>\n<p> Kto z\u0142o\u017cy\u0142 projekt w Sejmie? <\/p>\n<p> Na co ma wp\u0142yw nowy projekt dotycz\u0105cy ma\u0142\u017conki prezydenta? <\/p>\n<p> Jakie instytucje mo\u017ce konsultowa\u0107 prezydent elekt? <\/p>\n<p>  PiS chce wzmocnienia w\u0142adzy prezydenta. Zyska\u0142by nowe uprawnienia   <\/p>\n<p class=\"ods-c-paragraph \">Wed\u0142ug projektu prezydent elekt m\u00f3g\u0142by uczestniczy\u0107 w posiedzeniach Rady Gabinetowej i Rady Bezpiecze\u0144stwa Narodowego, a na ich posiedzeniach przys\u0142ugiwa\u0142oby mu prawo do zabierania g\u0142osu.<\/p>\n<p class=\"ods-c-paragraph \">Zgodnie z projektem, prezydent elekt zyska\u0142by tak\u017ce prawo do konsultacji z urz\u0119duj\u0105cym prezydentem, premierem i cz\u0142onkami Rady Ministr\u00f3w w sprawach dotycz\u0105cych bezpiecze\u0144stwa i polityki zagranicznej. Prezydent elekt mia\u0142by te\u017c dost\u0119p do informacji niejawnych, istotnych dla funkcjonowania pa\u0144stwa w zakresie m.in. zagro\u017ce\u0144 dla bezpiecze\u0144stwa wewn\u0119trznego i zewn\u0119trznego, polityki zagranicznej czy istotnych prac legislacyjnych.<\/p>\n<p class=\"ods-c-paragraph \">Projekt zak\u0142ada te\u017c u\u0142atwienie dla prezydenta elekta dost\u0119pu do bezpiecznych \u015brodk\u00f3w komunikacji elektronicznej i infrastruktury teleinformatycznej zapewniaj\u0105cej ochron\u0119 informacji oraz bezpiecze\u0144stwo systemu teleinformatycznego. Prezydent elekt \u2014 zgodnie z projektem \u2014 m\u00f3g\u0142by tak\u017ce korzysta\u0107 z pojazd\u00f3w, kt\u00f3rymi dysponuje KPRP i mia\u0142by ochron\u0119 zapewnion\u0105 przez S\u0142u\u017cb\u0119 Ochrony Pa\u0144stwa.<\/p>\n<p>PiS zak\u0142ada regulacj\u0119 kwestii ma\u0142\u017conki prezydenta<\/p>\n<p class=\"ods-c-paragraph \">Projekt reguluje tak\u017ce kwesti\u0119 zwi\u0105zane z dzia\u0142alno\u015bci\u0105 ma\u0142\u017conki prezydenta. Wed\u0142ug wnioskodawc\u00f3w jej rola &#8222;jest kluczowa dla pe\u0142nego i efektywnego funkcjonowania&#8221; kraju. W tym celu w Kancelarii Prezydenta mia\u0142aby powsta\u0107 kom\u00f3rka organizacyjna obs\u0142uguj\u0105ca ma\u0142\u017conk\u0119 prezydenta, w sferach dzia\u0142alno\u015bci spo\u0142ecznej, kulturalnej i charytatywnej.<\/p>\n<p class=\"ods-c-paragraph \">Proponowana nowelizacja nie wywo\u0142uje skutk\u00f3w gospodarczych, cho\u0107 \u2014 propozycja utworzenia w sk\u0142adzie Kancelarii Prezydenta kom\u00f3rki organizacyjnej zapewniaj\u0105cej obs\u0142ug\u0119 ma\u0142\u017conki prezydenta, konieczne mo\u017ce by\u0107 jej zaopatrzenie w dodatkowe \u015brodki z bud\u017cetu pa\u0144stwa. Koszt ma wynie\u015b\u0107 nie wi\u0119cej ni\u017c 800 tys. z\u0142.<\/p>\n","protected":false},"excerpt":{"rendered":"Projekt ustawy o Prezydencie Elekcie RP, ochronie kandydat\u00f3w na urz\u0105d Prezydenta oraz statusie Ma\u0142\u017conka Prezydenta zosta\u0142 z\u0142o\u017cony przez&hellip;\n","protected":false},"author":2,"featured_media":100058,"comment_status":"","ping_status":"","sticky":false,"template":"","format":"standard","meta":{"footnotes":""},"categories":[12],"tags":[32,33,36,37,27,49,34,35,28,31,48,25,46,7622,529,42,38,40,39,41,383,47,423,29,30,6158,26],"class_list":{"0":"post-100057","1":"post","2":"type-post","3":"status-publish","4":"format-standard","5":"has-post-thumbnail","7":"category-polska","8":"tag-breaking-news","9":"tag-breakingnews","10":"tag-featured-news","11":"tag-featurednews","12":"tag-headlines","13":"tag-kraj","14":"tag-latest-news","15":"tag-latestnews","16":"tag-naglowki","17":"tag-najwazniejsze-artykuly","18":"tag-nat_styl","19":"tag-news","20":"tag-omp","21":"tag-panstwo","22":"tag-pis","23":"tag-pl","24":"tag-poland","25":"tag-polish","26":"tag-polska","27":"tag-polski","28":"tag-prawo","29":"tag-screening_general","30":"tag-sejm","31":"tag-top-stories","32":"tag-topstories","33":"tag-ustawa","34":"tag-wiadomosci"},"share_on_mastodon":{"url":"https:\/\/pubeurope.com\/@pl\/115544414299184664","error":""},"_links":{"self":[{"href":"https:\/\/www.europesays.com\/pl\/wp-json\/wp\/v2\/posts\/100057","targetHints":{"allow":["GET"]}}],"collection":[{"href":"https:\/\/www.europesays.com\/pl\/wp-json\/wp\/v2\/posts"}],"about":[{"href":"https:\/\/www.europesays.com\/pl\/wp-json\/wp\/v2\/types\/post"}],"author":[{"embeddable":true,"href":"https:\/\/www.europesays.com\/pl\/wp-json\/wp\/v2\/users\/2"}],"replies":[{"embeddable":true,"href":"https:\/\/www.europesays.com\/pl\/wp-json\/wp\/v2\/comments?post=100057"}],"version-history":[{"count":0,"href":"https:\/\/www.europesays.com\/pl\/wp-json\/wp\/v2\/posts\/100057\/revisions"}],"wp:featuredmedia":[{"embeddable":true,"href":"https:\/\/www.europesays.com\/pl\/wp-json\/wp\/v2\/media\/100058"}],"wp:attachment":[{"href":"https:\/\/www.europesays.com\/pl\/wp-json\/wp\/v2\/media?parent=100057"}],"wp:term":[{"taxonomy":"category","embeddable":true,"href":"https:\/\/www.europesays.com\/pl\/wp-json\/wp\/v2\/categories?post=100057"},{"taxonomy":"post_tag","embeddable":true,"href":"https:\/\/www.europesays.com\/pl\/wp-json\/wp\/v2\/tags?post=100057"}],"curies":[{"name":"wp","href":"https:\/\/api.w.org\/{rel}","templated":true}]}}