{"id":100066,"date":"2025-11-13T21:10:08","date_gmt":"2025-11-13T21:10:08","guid":{"rendered":"https:\/\/www.europesays.com\/pl\/100066\/"},"modified":"2025-11-13T21:10:08","modified_gmt":"2025-11-13T21:10:08","slug":"nawrocki-na-marszu-niepodleglosci-tusk-atakuje-leskiewicz-odpowiada","status":"publish","type":"post","link":"https:\/\/www.europesays.com\/pl\/100066\/","title":{"rendered":"Nawrocki na Marszu Niepodleg\u0142o\u015bci. Tusk atakuje, Le\u015bkiewicz odpowiada"},"content":{"rendered":"\n<p>&#13;<br \/>\n&#8222;Polska dzi\u015b si\u0119 upomina: zwr\u00f3ci\u0107 Tuska do\u00a0Berlina&#8221; \u2013\u00a0z\u00a0takim transparentem szli w\u00a0Marszu Niepodleg\u0142o\u015bci politycy i\u00a0dzia\u0142acze Nowej Nadziei \u2013\u00a0partii, kt\u00f3rej prezesem jest S\u0142awomir Mentzen. &#13;\n<\/p>\n<p>&#13;<br \/>\nW czwartek, dwa dni po\u00a0obchodach Narodowego \u015awi\u0119ta Niepodleg\u0142o\u015bci, g\u0142os w\u00a0sprawie zabra\u0142 premier Donald Tusk. Szef rz\u0105du skrytykowa\u0142 prezydenta Karola Nawrockiego. &#8222;To, \u017ce\u00a0na marszu partie pos\u0142\u00f3w Mentzena, Wiplera, Brauna i\u00a0Fritza wysy\u0142a\u0142y mnie do\u00a0Berlina, by\u0142o nawet zabawne. Mniej zabawne jest to, \u017ce\u00a0dla maszeruj\u0105cych wrogami by\u0142y Zach\u00f3d, Unia Europejska i\u00a0Ukraina, nie\u00a0Rosja. A\u00a0ponurym \u017cartem jest to, \u017ce\u00a0na ich czele szed\u0142 prezydent RP&#8221; \u2013\u00a0<a href=\"https:\/\/dorzeczy.pl\/opinie\/805305\/marsz-niepodleglosci-tusk-uderza-w-nawrockiego-ponury-zart.html\" rel=\"nofollow noopener\" target=\"_blank\">napisa\u0142 szef rz\u0105du<\/a> na\u00a0swoim profilu na\u00a0platformie X. &#13;\n<\/p>\n<p>Le\u015bkiewicz: Tusk jest przepe\u0142niony gorycz\u0105<\/p>\n<p>&#13;<br \/>\nWpis Donalda Tuska skomentowa\u0142 w\u00a0mediach spo\u0142eczno\u015bciowych Rafa\u0142 Le\u015bkiewicz, rzecznik prezydenta Karola Nawrockiego. &#13;\n<\/p>\n<p>&#13;<br \/>\n&#8222;Podczas, gdy setki tysi\u0119cy Polak\u00f3w radowa\u0142y si\u0119 na\u00a0ulicach Warszawy, celebruj\u0105c Narodowe \u015awi\u0119to Niepodleg\u0142o\u015bci, premier Donald Tusk po\u00a048 godzinach kontemplacji postanowi\u0142 zn\u00f3w zwr\u00f3ci\u0107 na\u00a0siebie uwag\u0119&#8221; \u2013\u00a0napisa\u0142 przedstawiciel Pa\u0142acu Prezydenckiego. &#13;\n<\/p>\n<p>&#13;<br \/>\nJak stwierdzi\u0142, &#8222;przepe\u0142niony gorycz\u0105 wpis niegdysiejszego kr\u00f3la Europy, dope\u0142nia obraz rozgoryczenia, \u017ce\u00a0mimo tylu wysi\u0142k\u00f3w nie\u00a0uda\u0142o si\u0119 zniech\u0119ci\u0107 naszych Rodak\u00f3w do\u00a0\u015bwi\u0119towania&#8221;. &#13;\n<\/p>\n<p>&#13;<br \/>\n&#8222;Pan Prezydent Karol Nawrocki szed\u0142 w\u00a0Marszu Niepodleg\u0142o\u015bci w\u015br\u00f3d tysi\u0119cy u\u015bmiechni\u0119tych i\u00a0dumnych z\u00a0bycia Polakami ludzi. Tak! Dumnych z\u00a0bycia Polakami&#8221; \u2013\u00a0czytamy we\u00a0wpisie Le\u015bkiewicza. &#13;\n<\/p>\n<p>&#13;<br \/>\ntwitter&#13;\n<\/p>\n<p>Marsz bez wi\u0119kszych incydent\u00f3w<\/p>\n<p>&#13;<br \/>\n11 listopada, jak co\u00a0roku, ulicami Warszawy przeszed\u0142 Marsz Niepodleg\u0142o\u015bci, tym razem pod\u00a0has\u0142em: &#8222;Jeden nar\u00f3d, silna Polska&#8221;. Wzi\u0105\u0142 w\u00a0nim udzia\u0142 prezydent Karol Nawrocki, a\u00a0tak\u017ce wielu polityk\u00f3w i\u00a0dzia\u0142aczy Prawa i\u00a0Sprawiedliwo\u015bci oraz\u00a0Konfederacji, m.in.: Jaros\u0142aw Kaczy\u0144ski, Mariusz B\u0142aszczak, Mateusz Morawiecki, Krzysztof Bosak oraz\u00a0S\u0142awomir Mentzen. Sto\u0142eczny ratusz poinformowa\u0142, \u017ce\u00a0<a href=\"https:\/\/dorzeczy.pl\/kraj\/804522\/marsz-niepodleglosci-bez-incydentow-ratusz-o-frekwencji.html\" rel=\"nofollow noopener\" target=\"_blank\">manifestacja przyci\u0105gn\u0119\u0142a ok. 100 tys. uczestnik\u00f3w<\/a>. Z\u00a0kolei organizatorzy przekazali, \u017ce\u00a0w\u00a0marszu uczestniczy\u0142o nawet 300 tys. os\u00f3b. &#13;\n<\/p>\n<p>&#13;<br \/>\nPodczas wydarzenia dosz\u0142o do\u00a0spalenia flagi Unii Europejskiej. Nagranie z\u00a0tego zdarzenia obieg\u0142o media spo\u0142eczno\u015bciowe. W\u00a0trakcie manifestacji z\u0142amano r\u00f3wnie\u017c przepisy dotycz\u0105ce odpalania \u015brodk\u00f3w pirotechnicznych, takich jak race. Generalnie jednak zar\u00f3wno w\u0142adze miasta, jak i\u00a0policja podkre\u015bla\u0142y, \u017ce\u00a0poch\u00f3d przeszed\u0142 bez \u017cadnych powa\u017cnych incydent\u00f3w. \u2013\u00a0Dla\u00a0wszystkich mieszka\u0144c\u00f3w Warszawy i\u00a0os\u00f3b, kt\u00f3re przyjecha\u0142y do\u00a0Warszawy uczestniczy\u0107 w\u00a0tych wszystkich wa\u017cnych wydarzeniach najwa\u017cniejsza informacja jest taka, \u017ce\u00a0by\u0142o bezpiecznie \u2013\u00a0m\u00f3wi\u0142 na\u00a0konferencji prasowej m\u0142. insp. Robert Szumiata, rzecznik sto\u0142ecznej policji. &#13;\n<\/p>\n<p>&#13;<br \/>\nCzytaj te\u017c:<br \/><a href=\"https:\/\/dorzeczy.pl\/opinie\/804687\/marsz-niepodleglosci-kierwinski-o-karach-dostana-grzywne.html\" rel=\"follow nofollow noopener\" data-schema=\"DORZECZY\" data-image=\"https:\/\/img.dorzeczy.pl\/_thumb\/xx\/52\/2e2a0d073516fc391ea261e2598e.jpeg\" target=\"_blank\">Kierwi\u0144ski o\u00a0karach dla\u00a0uczestnik\u00f3w Marszu Niepodleg\u0142o\u015bci. &#8222;Dostan\u0105 grzywn\u0119&#8221;<\/a>Czytaj te\u017c:<br \/><a href=\"https:\/\/dorzeczy.pl\/opinie\/804576\/kaczynski-o-tusku-rownie-dobrze-mozna-by-sie-tam-spodziewac-putina.html\" rel=\"follow nofollow noopener\" data-schema=\"DORZECZY\" data-image=\"https:\/\/img.dorzeczy.pl\/_thumb\/49\/ac\/801e392b7f325f6c9c7e8056559f.jpeg\" target=\"_blank\">Tusk na\u00a0Marszu Niepodleg\u0142o\u015bci? Prezes PiS: R\u00f3wnie dobrze mo\u017cna by\u00a0si\u0119 spodziewa\u0107 Putina<\/a>&#13;<\/p>\n","protected":false},"excerpt":{"rendered":"&#13; &#8222;Polska dzi\u015b si\u0119 upomina: zwr\u00f3ci\u0107 Tuska do\u00a0Berlina&#8221; \u2013\u00a0z\u00a0takim transparentem szli w\u00a0Marszu Niepodleg\u0142o\u015bci politycy i\u00a0dzia\u0142acze Nowej Nadziei \u2013\u00a0partii,&hellip;\n","protected":false},"author":2,"featured_media":100067,"comment_status":"","ping_status":"","sticky":false,"template":"","format":"standard","meta":{"footnotes":""},"categories":[5],"tags":[32,33,98,36,37,27,49,34,35,22476,17863,28,31,1315,25,103,102,42,38,40,39,41,1005,29,30,99,26],"class_list":{"0":"post-100066","1":"post","2":"type-post","3":"status-publish","4":"format-standard","5":"has-post-thumbnail","7":"category-naglowki","8":"tag-breaking-news","9":"tag-breakingnews","10":"tag-dorzeczy","11":"tag-featured-news","12":"tag-featurednews","13":"tag-headlines","14":"tag-kraj","15":"tag-latest-news","16":"tag-latestnews","17":"tag-leskiewicz","18":"tag-marsz-niepodleglosci","19":"tag-naglowki","20":"tag-najwazniejsze-artykuly","21":"tag-nawrocki","22":"tag-news","23":"tag-obserwator-mediow","24":"tag-opinie","25":"tag-pl","26":"tag-poland","27":"tag-polish","28":"tag-polska","29":"tag-polski","30":"tag-prezydent","31":"tag-top-stories","32":"tag-topstories","33":"tag-tusk","34":"tag-wiadomosci"},"share_on_mastodon":{"url":"https:\/\/pubeurope.com\/@pl\/115544445922494951","error":""},"_links":{"self":[{"href":"https:\/\/www.europesays.com\/pl\/wp-json\/wp\/v2\/posts\/100066","targetHints":{"allow":["GET"]}}],"collection":[{"href":"https:\/\/www.europesays.com\/pl\/wp-json\/wp\/v2\/posts"}],"about":[{"href":"https:\/\/www.europesays.com\/pl\/wp-json\/wp\/v2\/types\/post"}],"author":[{"embeddable":true,"href":"https:\/\/www.europesays.com\/pl\/wp-json\/wp\/v2\/users\/2"}],"replies":[{"embeddable":true,"href":"https:\/\/www.europesays.com\/pl\/wp-json\/wp\/v2\/comments?post=100066"}],"version-history":[{"count":0,"href":"https:\/\/www.europesays.com\/pl\/wp-json\/wp\/v2\/posts\/100066\/revisions"}],"wp:featuredmedia":[{"embeddable":true,"href":"https:\/\/www.europesays.com\/pl\/wp-json\/wp\/v2\/media\/100067"}],"wp:attachment":[{"href":"https:\/\/www.europesays.com\/pl\/wp-json\/wp\/v2\/media?parent=100066"}],"wp:term":[{"taxonomy":"category","embeddable":true,"href":"https:\/\/www.europesays.com\/pl\/wp-json\/wp\/v2\/categories?post=100066"},{"taxonomy":"post_tag","embeddable":true,"href":"https:\/\/www.europesays.com\/pl\/wp-json\/wp\/v2\/tags?post=100066"}],"curies":[{"name":"wp","href":"https:\/\/api.w.org\/{rel}","templated":true}]}}