{"id":100251,"date":"2025-11-13T23:37:11","date_gmt":"2025-11-13T23:37:11","guid":{"rendered":"https:\/\/www.europesays.com\/pl\/100251\/"},"modified":"2025-11-13T23:37:11","modified_gmt":"2025-11-13T23:37:11","slug":"szokujaca-pomylka-w-zakladzie-pogrzebowym-na-miejsce-przyjechala-policja-onet","status":"publish","type":"post","link":"https:\/\/www.europesays.com\/pl\/100251\/","title":{"rendered":"Szokuj\u0105ca pomy\u0142ka w zak\u0142adzie pogrzebowym. Na miejsce przyjecha\u0142a policja &#8211; Onet"},"content":{"rendered":"<ol>\n<li><a href=\"https:\/\/news.google.com\/rss\/articles\/CBMixAFBVV95cUxNcmxGQ2lxamxBMGF2dlVvcTBsMDc5Y3VjdVp2MnAxbk9ZVXF6Y3ZZdDRGdURWckFLT2FaVEZNeTJXd1QyU1JMN1pBdkZ6X3BUVzZEOE5qc1lUR2NUWnl5QWNYRWI5UzJQWUJBeWgwaEYwTFNCRWFleThOM1NuZ0JEVm5TbTlkYVJLbTlaanNILURCSTlQWmV0WS1xYUFZdTZDalhxV2tWTTl2NnNVazVJZXdkZnR2MjBiWmRMbGkxYTBiclAy?oc=5\" target=\"_blank\" rel=\"nofollow noopener\">Szokuj\u0105ca pomy\u0142ka w zak\u0142adzie pogrzebowym. Na miejsce przyjecha\u0142a policja<\/a>&nbsp;&nbsp;Onet<\/li>\n<li><a href=\"https:\/\/news.google.com\/rss\/articles\/CBMitAFBVV95cUxQOHVQbjNPZm1lSDl1SXN3cm4yZXBTMDlPMzYzNUNFSmdremJTMU9keF95RS1iVHpFMlZWVTA3c3B3NWRTWk5fZ3M3VkNwVVQ3UzkwQlBLSkRVM3pjZ1JiMXRVcnY1Q0Q5Y0ZsTDdtOVA4WWFfaWZvdjE4SkRMWHlSUzRRelprNDNHalNIV21BbWk5c2dvSmhQVndmUmxYczFtU0JuX1ZBbFhYc2NrVEZmcFlDTlY?oc=5\" target=\"_blank\" rel=\"nofollow noopener\">Skandaliczna pomy\u0142ka we wroc\u0142awskim prosektorium. Odkryto j\u0105 przed kremacj\u0105<\/a>&nbsp;&nbsp;RMF24<\/li>\n<li><a href=\"https:\/\/news.google.com\/rss\/articles\/CBMiogFBVV95cUxNM2djNDFWTkhUdkdtcVR2MkUwMVJKb0RIX01tckV4MkhvSzRIQnV4cVpnMWgtVHpJT0ZOVGZweFFOaEV3UThrdVQ0YXc1SzlMOVo3SU9vMm1oVS1rdGxFOGY3ZHIxX2loM2NOVy1Jb3VOTm1fTGRDSTVvOWxzeV9LSHlRaFJkVm5ETWxvSVh3QlAwUkJvSXY1Y2YzTEhicEsyWWc?oc=5\" target=\"_blank\" rel=\"nofollow noopener\">Pomy\u0142ka w domu pogrzebowym. Rodzina zobaczy\u0142a cia\u0142o obcego m\u0119\u017cczyzny<\/a>&nbsp;&nbsp;TVN24<\/li>\n<li><a href=\"https:\/\/news.google.com\/rss\/articles\/CBMijwFBVV95cUxNYTQwNmJZRmNoNy1WU1FYbFlJeE5RLW1zUTVSWG93TWtCUXl3bVRpbFhKZHJsLThnX2dGdDJlQ3luYUVTbnFUdmpfa1hnU2hpS0ltYjBQMkw2ak5IeEpMN0NyOW1PX1RYQjlQQ3BmNWlTUDlTRE5UYVQ0SXVtRl93a0N6eFdYRHNmMmZsYWphVQ?oc=5\" target=\"_blank\" rel=\"nofollow noopener\">&#8222;Mama zemdla\u0142a&#8221;. Karygodny b\u0142\u0105d w prosektorium<\/a>&nbsp;&nbsp;WP Wiadomo\u015bci<\/li>\n<li><a href=\"https:\/\/news.google.com\/rss\/articles\/CBMirgFBVV95cUxOTi0xcmR3bFhLMi00c210M3l6aDlDNURmeU8yOHREY1M0dDMwVVdrTDZ0aEtXbXRDdE90ay0wZFZsZlZIYU03b3NEOEZxOWNfMXUyQ00wV21SY056YWE1aWRsTmVxNWk2a3ZJTTBHanBGbjlQSElfdWFDalB4V1N4aENnU0JOTlBiTElCNm44RldmZ1dSU1d5S1BmMDNqSHd5N2Nvd0RpZXlKY3N0bXfSAawBQVVfeXFMTnBvdEFRUHpUY2NWek55TUttTzl3TjhIYTZsVENMNThlQjRKcjMxbGY0aWxQdmZQWWd4OWNzX3ZDV0lNWUFxb3hCOFk1akpmN09WNzNlLUgxRHoyeHVQUHRaSDBXZFVSeDltZEdMV19vX2l6ZVFiRmtfMVc5TjNWS0FKOUJyU0kwUUVMTW42VEFxQlVrVEdrX2dramd6S1R5aHJ6ZDRjTE1tUkZUZA?oc=5\" target=\"_blank\" rel=\"nofollow noopener\">Wroc\u0142aw. Wstrz\u0105saj\u0105ca pomy\u0142ka zak\u0142adu pogrzebowego. \u201ePodnie\u015bli\u015bmy alarm\u201d<\/a>&nbsp;&nbsp;Wprost<\/li>\n<\/ol>\n","protected":false},"excerpt":{"rendered":"Szokuj\u0105ca pomy\u0142ka w zak\u0142adzie pogrzebowym. Na miejsce przyjecha\u0142a policja&nbsp;&nbsp;Onet Skandaliczna pomy\u0142ka we wroc\u0142awskim prosektorium. Odkryto j\u0105 przed kremacj\u0105&nbsp;&nbsp;RMF24&hellip;\n","protected":false},"author":2,"featured_media":100252,"comment_status":"","ping_status":"","sticky":false,"template":"","format":"standard","meta":{"footnotes":""},"categories":[5],"tags":[32,33,36,37,27,67,34,35,28,31,53,25,52,68,51,55,42,393,38,40,39,41,22555,22554,47,29,30,22553,65,50,26],"class_list":{"0":"post-100251","1":"post","2":"type-post","3":"status-publish","4":"format-standard","5":"has-post-thumbnail","7":"category-naglowki","8":"tag-breaking-news","9":"tag-breakingnews","10":"tag-featured-news","11":"tag-featurednews","12":"tag-headlines","13":"tag-intextvideo_splayer","14":"tag-latest-news","15":"tag-latestnews","16":"tag-naglowki","17":"tag-najwazniejsze-artykuly","18":"tag-new_header","19":"tag-news","20":"tag-onet3","21":"tag-onet3d","22":"tag-onet3d_2i","23":"tag-phx","24":"tag-pl","25":"tag-pogrzeb","26":"tag-poland","27":"tag-polish","28":"tag-polska","29":"tag-polski","30":"tag-pomylka","31":"tag-prosektorium","32":"tag-screening_general","33":"tag-top-stories","34":"tag-topstories","35":"tag-trumna","36":"tag-update_me","37":"tag-v2021","38":"tag-wiadomosci"},"share_on_mastodon":{"url":"https:\/\/pubeurope.com\/@pl\/115545023763759218","error":""},"_links":{"self":[{"href":"https:\/\/www.europesays.com\/pl\/wp-json\/wp\/v2\/posts\/100251","targetHints":{"allow":["GET"]}}],"collection":[{"href":"https:\/\/www.europesays.com\/pl\/wp-json\/wp\/v2\/posts"}],"about":[{"href":"https:\/\/www.europesays.com\/pl\/wp-json\/wp\/v2\/types\/post"}],"author":[{"embeddable":true,"href":"https:\/\/www.europesays.com\/pl\/wp-json\/wp\/v2\/users\/2"}],"replies":[{"embeddable":true,"href":"https:\/\/www.europesays.com\/pl\/wp-json\/wp\/v2\/comments?post=100251"}],"version-history":[{"count":0,"href":"https:\/\/www.europesays.com\/pl\/wp-json\/wp\/v2\/posts\/100251\/revisions"}],"wp:featuredmedia":[{"embeddable":true,"href":"https:\/\/www.europesays.com\/pl\/wp-json\/wp\/v2\/media\/100252"}],"wp:attachment":[{"href":"https:\/\/www.europesays.com\/pl\/wp-json\/wp\/v2\/media?parent=100251"}],"wp:term":[{"taxonomy":"category","embeddable":true,"href":"https:\/\/www.europesays.com\/pl\/wp-json\/wp\/v2\/categories?post=100251"},{"taxonomy":"post_tag","embeddable":true,"href":"https:\/\/www.europesays.com\/pl\/wp-json\/wp\/v2\/tags?post=100251"}],"curies":[{"name":"wp","href":"https:\/\/api.w.org\/{rel}","templated":true}]}}