{"id":100410,"date":"2025-11-14T03:55:14","date_gmt":"2025-11-14T03:55:14","guid":{"rendered":"https:\/\/www.europesays.com\/pl\/100410\/"},"modified":"2025-11-14T03:55:14","modified_gmt":"2025-11-14T03:55:14","slug":"karol-i-marta-nawroccy-zapozowali-do-zdjecia-internauci-zwrocili-uwage-na-jedna-rzecz-onet","status":"publish","type":"post","link":"https:\/\/www.europesays.com\/pl\/100410\/","title":{"rendered":"Karol i Marta Nawroccy zapozowali do zdj\u0119cia. Internauci zwr\u00f3cili uwag\u0119 na jedn\u0105 rzecz &#8211; Onet"},"content":{"rendered":"<ol>\n<li><a href=\"https:\/\/news.google.com\/rss\/articles\/CBMi2AFBVV95cUxQakRGQ2pEWDVvamJPaERxR2hEb2ROME9HUkpBV25fUm5rS0RBY2l4ZHhfTkZzWUc1cWRNRGYxTm43ODUwZlhENnFOX3FvUmpQcF9nUC1LYWlIMm5CUTJ6ZjEzWE9jWTJnTHp6RWlPbU51U2U4LWc5NnBEcDVrdEhVdXNHajNZVm50VlBVRkI4UE91ZHgzbG9lTFo4X3NrRW5PbVNIdjlQQ1RjdEpSeDk0Ym51SU9sQkZDc0x5c2FrbU9IdXktSEhXMnBScDhDeHJJY0Z5UjRmVHU?oc=5\" target=\"_blank\" rel=\"nofollow noopener\">Karol i Marta Nawroccy zapozowali do zdj\u0119cia. Internauci zwr\u00f3cili uwag\u0119 na jedn\u0105 rzecz<\/a>&nbsp;&nbsp;Onet<\/li>\n<li><a href=\"https:\/\/news.google.com\/rss\/articles\/CBMi6wFBVV95cUxNMnN4NHRFVlY0OGxtcGtrTUh4TkZhZFh3OEk1bjltODVGcFRDdFpwTVVRS2NONVVUSV95YUtlcEZBWFJhRzVubHQ4OEtReUFvRGp4cE5iMUhnMHZtVkg4bWliZVJ0Y2w1RGZUMU5fbTk5czFwczhzaXI0UEk1Zk1hMXlJdmpmenh1SWE1cTlwbEl2TDNOSUtCWnI5dHlQeDlETlB5X2xKU2lzdjRnc3FYZkNBZWMwek00M05VT1NqNy1JS3Rsbm9KQ3E1dkNZR2RwWmhYRl9HSEthZUd1SmZfWUpfcGJzTkRIUkNN?oc=5\" target=\"_blank\" rel=\"nofollow noopener\">Para prezydencka zapozowa\u0142a do zdj\u0119cia z rodzin\u0105 Szefernakera. Internauci dostrzegli intryguj\u0105cy szczeg\u00f3\u0142, kt\u00f3ry wywo\u0142a\u0142 lawin\u0119 komentarzy. Link w komentarzu<\/a>&nbsp;&nbsp;facebook.com<\/li>\n<li><a href=\"https:\/\/news.google.com\/rss\/articles\/CBMirwFBVV95cUxPOEtyZmxxZl9mZWFYSWtnSnYyc3hEUjdRTHk4aDRqZ1BzM2NSWHh6a1FSeXBLVVpFaXFNMVY2V3EybDdHUF9yZENXLWcxd28wdzN6dWV2QzVzLXlQa01idWpJS1RUdDVZb3ZVQXJxRjRTUkROVmxoU3RBYWhUdm9obTVZUE95aWY1NU5ITW4xZVJObFo3eUg5Z0FxVmFmY3VUc3ZwbjRPU2RFWlBsbW5n?oc=5\" target=\"_blank\" rel=\"nofollow noopener\">D\u0142onie obcej kobiety na r\u0119ce Nawrockiego. Zdj\u0119cie w sieci. Tego nie da\u0142o si\u0119 ukry\u0107 (FOTO)<\/a>&nbsp;&nbsp;Kozaczek<\/li>\n<li><a href=\"https:\/\/news.google.com\/rss\/articles\/CBMieEFVX3lxTE5pRnNrT0VOamlWaUszOWtCOFhjb3JGTHFiWUtXSkV1clg5d0NwRGJDN0c1dDA1MVgwLTRfcVRxUDZPNXR2TkZHaUVaUUItZVNfRjBORkJINzc0Y3hqcWE3b1kwYXRrRTVNSy1HYzQ5c3oyV2Rab0lKVA?oc=5\" target=\"_blank\" rel=\"nofollow noopener\">Obca kobieta trzyma za r\u0119k\u0119 Karola Nawrockiego<\/a>&nbsp;&nbsp;Z\u0142ota Scena<\/li>\n<li><a href=\"https:\/\/news.google.com\/rss\/articles\/CBMiuwFBVV95cUxOQXhwZ1RwSlF0TGxyVWU4VENoTzZSc2pESnB4UllKUVdIaER1eWJ4X3o3OWR1MXdLWHhUcFNuaS0wQ3hIMFVuOVlKSUJxOWI3VjRxOHh3Zk96c1JkZTB4dXZiWXpPY2tYZW5rcGpYbk5GVUdGNXVzNlVtd3BydDF0a3VnLUJGUm1iU3YtazllcVhqVkktbE9iRVJDSVJpQ3JraUE3d2tpY1NvS2h2TEtfVkUtVW92eUtzc2Zv?oc=5\" target=\"_blank\" rel=\"nofollow noopener\">Karol Nawrocki i zdj\u0119cie, kt\u00f3re wywo\u0142a\u0142o internetow\u0105 burz\u0119<\/a>&nbsp;&nbsp;Party.pl<\/li>\n<\/ol>\n","protected":false},"excerpt":{"rendered":"Karol i Marta Nawroccy zapozowali do zdj\u0119cia. Internauci zwr\u00f3cili uwag\u0119 na jedn\u0105 rzecz&nbsp;&nbsp;Onet Para prezydencka zapozowa\u0142a do zdj\u0119cia&hellip;\n","protected":false},"author":2,"featured_media":100411,"comment_status":"","ping_status":"","sticky":false,"template":"","format":"standard","meta":{"footnotes":""},"categories":[12],"tags":[32,33,36,37,27,67,240,34,35,1661,28,31,53,25,52,68,51,55,42,38,40,39,41,47,196,29,30,65,50,26],"class_list":{"0":"post-100410","1":"post","2":"type-post","3":"status-publish","4":"format-standard","5":"has-post-thumbnail","7":"category-polska","8":"tag-breaking-news","9":"tag-breakingnews","10":"tag-featured-news","11":"tag-featurednews","12":"tag-headlines","13":"tag-intextvideo_splayer","14":"tag-karol_nawrocki_prezydent","15":"tag-latest-news","16":"tag-latestnews","17":"tag-marta_nawrocka","18":"tag-naglowki","19":"tag-najwazniejsze-artykuly","20":"tag-new_header","21":"tag-news","22":"tag-onet3","23":"tag-onet3d","24":"tag-onet3d_2i","25":"tag-phx","26":"tag-pl","27":"tag-poland","28":"tag-polish","29":"tag-polska","30":"tag-polski","31":"tag-screening_general","32":"tag-styl_zycia","33":"tag-top-stories","34":"tag-topstories","35":"tag-update_me","36":"tag-v2021","37":"tag-wiadomosci"},"share_on_mastodon":{"url":"https:\/\/pubeurope.com\/@pl\/115546038118766961","error":""},"_links":{"self":[{"href":"https:\/\/www.europesays.com\/pl\/wp-json\/wp\/v2\/posts\/100410","targetHints":{"allow":["GET"]}}],"collection":[{"href":"https:\/\/www.europesays.com\/pl\/wp-json\/wp\/v2\/posts"}],"about":[{"href":"https:\/\/www.europesays.com\/pl\/wp-json\/wp\/v2\/types\/post"}],"author":[{"embeddable":true,"href":"https:\/\/www.europesays.com\/pl\/wp-json\/wp\/v2\/users\/2"}],"replies":[{"embeddable":true,"href":"https:\/\/www.europesays.com\/pl\/wp-json\/wp\/v2\/comments?post=100410"}],"version-history":[{"count":0,"href":"https:\/\/www.europesays.com\/pl\/wp-json\/wp\/v2\/posts\/100410\/revisions"}],"wp:featuredmedia":[{"embeddable":true,"href":"https:\/\/www.europesays.com\/pl\/wp-json\/wp\/v2\/media\/100411"}],"wp:attachment":[{"href":"https:\/\/www.europesays.com\/pl\/wp-json\/wp\/v2\/media?parent=100410"}],"wp:term":[{"taxonomy":"category","embeddable":true,"href":"https:\/\/www.europesays.com\/pl\/wp-json\/wp\/v2\/categories?post=100410"},{"taxonomy":"post_tag","embeddable":true,"href":"https:\/\/www.europesays.com\/pl\/wp-json\/wp\/v2\/tags?post=100410"}],"curies":[{"name":"wp","href":"https:\/\/api.w.org\/{rel}","templated":true}]}}