{"id":100493,"date":"2025-11-14T06:08:09","date_gmt":"2025-11-14T06:08:09","guid":{"rendered":"https:\/\/www.europesays.com\/pl\/100493\/"},"modified":"2025-11-14T06:08:09","modified_gmt":"2025-11-14T06:08:09","slug":"nadciaga-front-w-calym-kraju-termiczne-przedzimie","status":"publish","type":"post","link":"https:\/\/www.europesays.com\/pl\/100493\/","title":{"rendered":"Nadci\u0105ga front. W ca\u0142ym kraju termiczne &#8222;przedzimie&#8221;"},"content":{"rendered":"<p>Najwa\u017cniejsze informacje: <\/p>\n<ul>\n<li>W sobot\u0119 i\u00a0niedziel\u0119 front przesunie si\u0119 z\u00a0p\u00f3\u0142nocy przez centrum na po\u0142udniowy wsch\u00f3d, przynosz\u0105c deszcz oraz miejscami deszcz ze \u015bniegiem.<\/li>\n<li>Od poniedzia\u0142ku, najp\u00f3\u017aniej we wtorek, ca\u0142a Polska wejdzie w\u00a0przedzimie z\u00a0dobow\u0105 \u015bredni\u0105 0\u20135 st. C.<\/li>\n<li>Lokalnie mo\u017cliwa niewielka pokrywa \u015bnie\u017cna na p\u00f3\u0142nocy we wtorkowy poranek oraz \u015bnieg w\u00a0g\u00f3rach.<\/li>\n<\/ul>\n<p>Pi\u0105tek przyniesie du\u017cy kontrast pogodowy: na po\u0142udniu by\u0142o pogodnie i\u00a0cieplej, a\u00a0na p\u00f3\u0142nocy zalega strefa frontowa z\u00a0opadami deszczu. <\/p>\n<p>Grodzisk Mazowiecki: 29-latek podpali\u0142 sklep. Kamery nagra\u0142y, co\u00a0zrobi\u0142 <\/p>\n<p>  <img role=\"presentation\" class=\"absolute left-1\/2 top-1\/2 max-h-[80%] max-w-[100px] -translate-x-1\/2 -translate-y-1\/2\" src=\"https:\/\/v.wpimg.pl\/ZXJfd3AudTkrBBIAbg54LGhcRlAxHQUrPgJGH2MAeGJoSQ1eIBI_K2UHAEVuBTY5KQMMXC0RPyoVERQdMgM9ejc\" loading=\"lazy\" decoding=\"async\"\/> <\/p>\n<p>W nocy z\u00a0pi\u0105tku na sobot\u0119 ch\u0142odniejsze masy nap\u0142yn\u0105 z\u00a0p\u00f3\u0142nocnego zachodu. Przej\u015bciowo mo\u017cliwe s\u0105 opady deszczu ze \u015bniegiem &#8211; wynika z\u00a0prognoz TVN Meteo. Front b\u0119dzie pocz\u0105tkowo ma\u0142o aktywny, ale z\u00a0czasem przesunie si\u0119 na po\u0142udnie kraju.<\/p>\n<p>Sprawd\u017a prognoz\u0119 pogody dla swojego regionu na <a href=\"https:\/\/POGODA.WP.PL\" rel=\"noopener noreferrer nofollow\" target=\"_blank\">POGODA.WP.PL<\/a>.<\/p>\n<p>Co przyniesie weekend i\u00a0gdzie spadnie \u015bnieg? <\/p>\n<p>W sobot\u0119 du\u017co chmur w\u00a0centrum i\u00a0na po\u0142udniu, z\u00a0pasem s\u0142abych opad\u00f3w od Ziemi Lubuskiej i\u00a0Dolnego \u015al\u0105ska, przez \u0141\u00f3d\u017a i\u00a0Warszaw\u0119, po Lubelszczyzn\u0119. Na p\u00f3\u0142nocy opady b\u0119d\u0105 zanika\u0107. <\/p>\n<p> <img role=\"presentation\" class=\"absolute left-1\/2 top-1\/2 max-h-[80%] max-w-[100px] -translate-x-1\/2 -translate-y-1\/2\" src=\"https:\/\/v.wpimg.pl\/ZXJfd3AudTkrBBIAbg54LGhcRlAxHQUrPgJGH2MAeGJoSQ1eIBI_K2UHAEVuBTY5KQMMXC0RPyoVERQdMgM9ejc\" loading=\"lazy\" decoding=\"async\"\/> <\/p>\n<p>Temperatura wyniesie ok. 4\u00a0st. C\u00a0na Podlasiu, 7\u00a0st. C\u00a0w\u00a0centrum i\u00a0do 11 st. C\u00a0na Podkarpaciu. Wiatr p\u00f3\u0142nocno-wschodni, umiarkowany, na Podkarpaciu okresami do\u015b\u0107 silny.<\/p>\n<p>Niedziela zapowiada si\u0119 pochmurnie z\u00a0cz\u0119stym deszczem. Rano i\u00a0wieczorem mo\u017cliwy deszcz ze \u015bniegiem, a\u00a0wysoko w\u00a0g\u00f3rach sam \u015bnieg. <\/p>\n<p>Najmocniej sypnie na po\u0142udniowym wschodzie. Na Pomorzu Zachodnim pada\u0107 nie powinno. Maksymalnie od 3\u00a0st. C\u00a0na Suwalszczy\u017anie, 6\u00a0st. C\u00a0w\u00a0centrum, do 9\u00a0st. C\u00a0w\u00a0Ma\u0142opolsce.<\/p>\n<p> <img role=\"presentation\" class=\"absolute left-1\/2 top-1\/2 max-h-[80%] max-w-[100px] -translate-x-1\/2 -translate-y-1\/2\" src=\"https:\/\/v.wpimg.pl\/ZXJfd3AudTkrBBIAbg54LGhcRlAxHQUrPgJGH2MAeGJoSQ1eIBI_K2UHAEVuBTY5KQMMXC0RPyoVERQdMgM9ejc\" loading=\"lazy\" decoding=\"async\"\/> <\/p>\n<p>PRZECZYTAJ TAK\u017bE: <a href=\"https:\/\/wiadomosci.wp.pl\/wir-polarny-przyniesie-do-polski-zime-snieg-jeszcze-w-listopadzie-7221516709821376a\" rel=\"noopener noreferrer nofollow\" target=\"_blank\">Wir polarny przyniesie do Polski zim\u0119. \u015anieg jeszcze w\u00a0listopadzie<\/a><\/p>\n<p> <a href=\"https:\/\/wiadomosci.wp.pl\/nadchodzi-zmiana-w-pogodzie-w-weekend-uderzy-fala-zimna-7221304377125824a\" class=\"teaser-inline\" rel=\"nofollow noopener\" target=\"_blank\">  <img decoding=\"async\" src=\"https:\/\/www.europesays.com\/pl\/wp-content\/uploads\/2025\/11\/ZDZjYzE5dSU7CC9Jak54MHhQexMsF3ZmL0hjWGoEaHxqEnYcLFk_Nj8aNlQiRy80Ox0pVDVZdSUqA3YMdBo-LSkaNRs8Gj8pOA89.jpeg\" width=\"0\" height=\"0\" loading=\"lazy\" class=\"wp-media-image cropped\" alt=\"Nadchodzi zmiana w pogodzie. W weekend uderzy fala zimna\"\/><\/p>\n<p>Nadchodzi zmiana w pogodzie. W weekend uderzy fala zimna<\/p>\n<p><\/a><\/p>\n<p>Jak d\u0142ugo potrwa och\u0142odzenie? <\/p>\n<p>Od poniedzia\u0142ku wi\u0119kszo\u015b\u0107 kraju, a\u00a0we wtorek ju\u017c ca\u0142y, wejdzie w termiczne &#8222;przedzimie&#8221;. \u015arednia dobowa spadnie do 0\u20135 st. C. <\/p>\n<p> <img role=\"presentation\" class=\"absolute left-1\/2 top-1\/2 max-h-[80%] max-w-[100px] -translate-x-1\/2 -translate-y-1\/2\" src=\"https:\/\/v.wpimg.pl\/ZXJfd3AudTkrBBIAbg54LGhcRlAxHQUrPgJGH2MAeGJoSQ1eIBI_K2UHAEVuBTY5KQMMXC0RPyoVERQdMgM9ejc\" loading=\"lazy\" decoding=\"async\"\/> <\/p>\n<p>W takich warunkach ka\u017cdy kolejny front b\u0119dzie ni\u00f3s\u0142 ryzyko opad\u00f3w mieszanych, szczeg\u00f3lnie na p\u00f3\u0142nocy. Synoptycy wskazuj\u0105 nap\u0142yw ch\u0142odu z\u00a0p\u00f3\u0142nocy w\u00a0tylnej cz\u0119\u015bci ni\u017cu, z\u00a0domieszk\u0105 powietrza arktycznego.<\/p>\n<p>W poniedzia\u0142ek na po\u0142udniowym wschodzie ca\u0142kowite zachmurzenie i\u00a0ci\u0105g\u0142e opady deszczu, przej\u015bciowo deszczu ze \u015bniegiem, w\u00a0g\u00f3rach \u015bniegu. Gdzie indziej du\u017ce zachmurzenie i\u00a0przelotne opady: w\u00a0centrum deszczu, na p\u00f3\u0142nocy deszczu ze \u015bniegiem i\u00a0miejscami \u015bniegu. <\/p>\n<p>Maksymalnie od 2\u00a0st. C\u00a0na Suwalszczy\u017anie, 5\u00a0st. C\u00a0w\u00a0centrum, do 7\u20138 st. C\u00a0na po\u0142udniu. We wtorek na po\u0142udniu i\u00a0w\u00a0centrum ja\u015bniej, na p\u00f3\u0142nocy okresami \u015bnieg i\u00a0deszcz ze \u015bniegiem. Temperatura maksymalna od 2\u00a0st. C\u00a0na Suwalszczy\u017anie do 5\u00a0st. C\u00a0na po\u0142udniu. Wiatr zachodni i\u00a0po\u0142udniowo-zachodni, do\u015b\u0107 silny w\u00a0ca\u0142ym kraju.<\/p>\n","protected":false},"excerpt":{"rendered":"Najwa\u017cniejsze informacje: W sobot\u0119 i\u00a0niedziel\u0119 front przesunie si\u0119 z\u00a0p\u00f3\u0142nocy przez centrum na po\u0142udniowy wsch\u00f3d, przynosz\u0105c deszcz oraz miejscami&hellip;\n","protected":false},"author":2,"featured_media":100494,"comment_status":"","ping_status":"","sticky":false,"template":"","format":"standard","meta":{"footnotes":""},"categories":[12],"tags":[32,33,36,37,27,34,35,28,31,25,42,38,40,39,41,29,30,26],"class_list":{"0":"post-100493","1":"post","2":"type-post","3":"status-publish","4":"format-standard","5":"has-post-thumbnail","7":"category-polska","8":"tag-breaking-news","9":"tag-breakingnews","10":"tag-featured-news","11":"tag-featurednews","12":"tag-headlines","13":"tag-latest-news","14":"tag-latestnews","15":"tag-naglowki","16":"tag-najwazniejsze-artykuly","17":"tag-news","18":"tag-pl","19":"tag-poland","20":"tag-polish","21":"tag-polska","22":"tag-polski","23":"tag-top-stories","24":"tag-topstories","25":"tag-wiadomosci"},"share_on_mastodon":{"url":"https:\/\/pubeurope.com\/@pl\/115546561444116187","error":""},"_links":{"self":[{"href":"https:\/\/www.europesays.com\/pl\/wp-json\/wp\/v2\/posts\/100493","targetHints":{"allow":["GET"]}}],"collection":[{"href":"https:\/\/www.europesays.com\/pl\/wp-json\/wp\/v2\/posts"}],"about":[{"href":"https:\/\/www.europesays.com\/pl\/wp-json\/wp\/v2\/types\/post"}],"author":[{"embeddable":true,"href":"https:\/\/www.europesays.com\/pl\/wp-json\/wp\/v2\/users\/2"}],"replies":[{"embeddable":true,"href":"https:\/\/www.europesays.com\/pl\/wp-json\/wp\/v2\/comments?post=100493"}],"version-history":[{"count":0,"href":"https:\/\/www.europesays.com\/pl\/wp-json\/wp\/v2\/posts\/100493\/revisions"}],"wp:featuredmedia":[{"embeddable":true,"href":"https:\/\/www.europesays.com\/pl\/wp-json\/wp\/v2\/media\/100494"}],"wp:attachment":[{"href":"https:\/\/www.europesays.com\/pl\/wp-json\/wp\/v2\/media?parent=100493"}],"wp:term":[{"taxonomy":"category","embeddable":true,"href":"https:\/\/www.europesays.com\/pl\/wp-json\/wp\/v2\/categories?post=100493"},{"taxonomy":"post_tag","embeddable":true,"href":"https:\/\/www.europesays.com\/pl\/wp-json\/wp\/v2\/tags?post=100493"}],"curies":[{"name":"wp","href":"https:\/\/api.w.org\/{rel}","templated":true}]}}