{"id":100688,"date":"2025-11-14T08:31:11","date_gmt":"2025-11-14T08:31:11","guid":{"rendered":"https:\/\/www.europesays.com\/pl\/100688\/"},"modified":"2025-11-14T08:31:11","modified_gmt":"2025-11-14T08:31:11","slug":"jerzy-polomski-nosil-peruke-prawde-wyznal-dopiero-przed-smiercia","status":"publish","type":"post","link":"https:\/\/www.europesays.com\/pl\/100688\/","title":{"rendered":"Jerzy Po\u0142omski nosi\u0142 peruk\u0119? Prawd\u0119 wyzna\u0142 dopiero przed \u015bmierci\u0105"},"content":{"rendered":"<ul class=\"UnorderedList_container__nmfSl\">\n<li class=\"UnorderedList_listElement__Py7xi\" data-id=\"ai-summary-link\">Du\u017co czytania, a ma\u0142o czasu? Sprawd\u017a\u00a0skr\u00f3t\u00a0artyku\u0142u<\/li>\n<\/ul>\n<p class=\"Paragraph_desktopParagraph__U31Gm\"><a href=\"https:\/\/plejada.pl\/jerzy-polomski\" id=\"1521650b-20d2-4426-8d5b-d68d6d2f985e\" rel=\"nofollow noopener\" target=\"_blank\">Jerzy Po\u0142omski<\/a> mia\u0142 \u0142atk\u0119 amanta. Mimo to w \u017cyciu prywatnym nigdy nie zwi\u0105za\u0142 si\u0119 z \u017cadn\u0105 kobiet\u0105. Niekt\u00f3rzy sugerowali, \u017ce powodem mia\u0142a by\u0107 jego odmienna orientacja. Po\u0142omski nigdy nie potwierdzi\u0142 tych informacji. Wiele kontrowersji budzi\u0142 tak\u017ce jego wizerunek. Niekt\u00f3re osoby w\u0105tpi\u0142y w prawdziwo\u015b\u0107 jego bujnej czupryny, kt\u00f3ra w pewnym momencie sta\u0142a si\u0119 jego znakiem rozpoznawczym. Jerzy Po\u0142omski konsekwentnie milcza\u0142 i nie odpowiada\u0142 na ciekawskie pytania. Dopiero w 2016 r., sze\u015b\u0107 lat przed swoj\u0105 \u015bmierci\u0105, zdecydowa\u0142 si\u0119 otwarcie wyzna\u0107 prawd\u0119.<\/p>\n<ul class=\"OchatFollowUps_wrapper__1ry7X\">\n<li class=\"OchatFollowUps_item__Dhyly OchatFollowUps_itemDesktop__R6aBv\">Kiedy Jerzy Po\u0142omski ujawni\u0142, \u017ce jego fryzura to peruka?<\/li>\n<li class=\"OchatFollowUps_item__Dhyly OchatFollowUps_itemDesktop__R6aBv\">Jakie by\u0142y przyczyny \u015bmierci Jerzego Po\u0142omskiego?<\/li>\n<li class=\"OchatFollowUps_item__Dhyly OchatFollowUps_itemDesktop__R6aBv\">Gdzie zosta\u0142 pochowany Jerzy Po\u0142omski?<\/li>\n<li class=\"OchatFollowUps_item__Dhyly OchatFollowUps_itemDesktop__R6aBv\">Czy Jerzy Po\u0142omski mia\u0142 kompleksy dotycz\u0105ce swojego wizerunku?<\/li>\n<\/ul>\n<p class=\"Paragraph_desktopParagraph__U31Gm\">W 2016 r. Jerzy Po\u0142omski udzieli\u0142 wywiadu &#8222;Super Expressowi&#8221;. W rozmowie z tabloidem muzyk postanowi\u0142 w ko\u0144cu odnie\u015b\u0107 si\u0119 do zarzut\u00f3w, jakoby jego bujna czupryna by\u0142a jedynie peruk\u0105. Okaza\u0142o si\u0119, \u017ce jego fani mieli racj\u0119.<\/p>\n<blockquote>\n<p class=\"Paragraph_desktopParagraph__U31Gm\">Ludzie m\u00f3wili: &#8222;Ma peruk\u0119 na g\u0142owie \u2014 co to jest za artysta?&#8221;, a ja musia\u0142em si\u0119 troch\u0119 ratowa\u0107. Bez peruki nie wychodzi\u0142o mi jako amantowi, a g\u0142os mia\u0142em, w\u0142a\u015bnie jak amant. Nie robi\u0142o mi to \u017cadnej r\u00f3\u017cnicy, nie robi\u0142em z tego sprawy, nigdy w sumie o tym nie m\u00f3wi\u0142em, teraz robi\u0119 to po raz pierwszy<\/p>\n<\/blockquote>\n<p class=\"Paragraph_desktopParagraph__U31Gm\">\u2014 wyzna\u0142 Jerzy Po\u0142omski.<\/p>\n<p class=\"Paragraph_desktopParagraph__U31Gm\"><a href=\"https:\/\/plejada.pl\/maria-szablowska\" id=\"19100bc1-c8f6-4596-87b4-5740d53f1df2\" rel=\"nofollow noopener\" target=\"_blank\">Maria Szab\u0142owska<\/a>, dziennikarka muzyczna, w rozmowie z magazynem &#8222;Pani&#8221; potwierdzi\u0142a, \u017ce muzyk by\u0142 ogromnym estet\u0105 i bardzo dba\u0142 o sw\u00f3j wizerunek. Pono\u0107 mia\u0142 kompleksy nie tylko z powodu swoich rzadkich w\u0142os\u00f3w, ale tak\u017ce niskiego wzrostu. Radzi\u0142 sobie z tym, nosz\u0105c buty na obcasach. Opr\u00f3cz tego przed ka\u017cdym wyst\u0119pem Jerzy Po\u0142omski wykonywa\u0142 dok\u0142adny makija\u017c oraz dobiera\u0142 modny str\u00f3j.<\/p>\n<p class=\"Paragraph_desktopParagraph__U31Gm\">Jerzy Po\u0142omski odszed\u0142 14 listopada 2022 r. w wieku 89 lat. <a href=\"https:\/\/plejada.pl\/wideo\/ostatnie-dni-jerzego-polomskiego-w-skolimowie-zdawal-sobie-sprawe\/4zvr6w1\" id=\"76d05961-5bc6-4d27-814b-e1c8e15c0a07\" rel=\"nofollow noopener\" target=\"_blank\">Artysta sp\u0119dzi\u0142 ostatnie miesi\u0105ce \u017cycia w Domu Artyst\u00f3w Weteran\u00f3w w Skolimowie<\/a>. Jego mened\u017cerka, Violetta Lewandowska, w rozmowie z &#8222;Super Expressem&#8221; wyjawi\u0142a, \u017ce przyczyn\u0105 \u015bmierci muzyka by\u0142a infekcja, z kt\u00f3r\u0105 organizm Po\u0142omskiego nie by\u0142 w stanie sobie poradzi\u0107.<\/p>\n<p class=\"Paragraph_desktopParagraph__U31Gm\">Pogrzeb muzyka mia\u0142 charakter pa\u0144stwowy. <a href=\"https:\/\/plejada.pl\/newsy\/jerzy-polomski-zostal-pochowany-na-powazkach-tak-wyglada-jego-grob-dwa-lata-po\/5w9f8zg\" id=\"5ea5778b-3cfb-4fbb-80c5-eaeb177fe4d1\" rel=\"nofollow noopener\" target=\"_blank\">Piosenkarz spocz\u0105\u0142 na Cmentarzu Pow\u0105zkowskim w Alei Zas\u0142u\u017conych<\/a>.<\/p>\n<p><img decoding=\"async\" class=\"Image_image__0tuHp \" height=\"587\" width=\"814\" src=\"https:\/\/www.europesays.com\/pl\/wp-content\/uploads\/2025\/11\/SPek9kpTURBXy8zOTBkYTBlNWZkODFmNmZlYTlhMGMxYWVhYTY3ZmE5OC5qcGeSlQLNA6wAwsOVAgDNAkvCw94AA6EwAaExAaEzw.jpeg\" alt=\"Jerzy Po\u0142omski w 2013 r.\" loading=\"lazy\" \/>Ireneusz Sobieszczuk \/ PAP<\/p>\n<p>Jerzy Po\u0142omski w 2013 r.<\/p>\n<p><img decoding=\"async\" class=\"Image_image__0tuHp \" height=\"587\" width=\"516\" src=\"https:\/\/www.europesays.com\/pl\/wp-content\/uploads\/2025\/11\/9aqk9kpTURBXy9iODc0MTllZDhiYzhlZGY3Mjc2MjYzODI0MzgzOWZjNC5qcGeSlQLNA6wAwsOVAgDNAkvCw94AA6EwAaExAaEzw.jpeg\" alt=\"Jerzy Po\u0142omski w 1970 r.\" loading=\"lazy\" \/>Archiwum \/ PAP<\/p>\n<p>Jerzy Po\u0142omski w 1970 r.<\/p>\n<p><img decoding=\"async\" class=\"Image_image__0tuHp \" height=\"587\" width=\"406\" src=\"https:\/\/www.europesays.com\/pl\/wp-content\/uploads\/2025\/11\/wvIk9kpTURBXy9jZTJmYWZkZDYyY2MxZGZkNTllMWNkODVmNTNmNzlkZS5qcGeSlQLNA6wAwsOVAgDNAkvCw94AA6EwAaExAaEzw.jpeg\" alt=\"Jerzy Po\u0142omski podczas koncertu jubileuszowego z okazji 50-lecia pracy artystycznej w 2007 r.\" loading=\"lazy\" \/>Jacek Bednarczyk \/ PAP<\/p>\n<p>Jerzy Po\u0142omski podczas koncertu jubileuszowego z okazji 50-lecia pracy artystycznej w 2007 r.<\/p>\n<p class=\"Paragraph_desktopParagraph__U31Gm\">Dzi\u0119kujemy, \u017ce przeczyta\u0142a\u015b\/e\u015b nasz artyku\u0142 do ko\u0144ca. W serwisie Plejada.pl ka\u017cdego dnia piszemy o najwa\u017cniejszych wydarzeniach show-biznesowych. B\u0105d\u017a na bie\u017c\u0105co i obserwuj Plejad\u0119 w <a rel=\"nofollow noopener\" href=\"http:\/\/news.google.com\/publications\/CAAiEF0PeAlb7W1llpV_mwV2rL4qFAgKIhBdD3gJW-1tZZaVf5sFdqy-?hl=pl&amp;gl=PL&amp;ceid=PL%3Apl\" id=\"24e7114f-6b4b-4584-b614-43fcf4d5f47d\" target=\"_blank\">Wiadomo\u015bciach Google<\/a>. Odwied\u017a nas tak\u017ce na <a rel=\"nofollow noopener\" href=\"http:\/\/facebook.com\/plejadapl\" id=\"86772639-a898-4427-9187-b9299fee2b9c\" target=\"_blank\">Facebooku<\/a> , <a rel=\"nofollow noopener\" href=\"http:\/\/instagram.com\/plejadapl\/\" id=\"e8191026-34d9-48de-ab0d-32621ee7ae17\" target=\"_blank\">Instagramie<\/a>, <a rel=\"nofollow noopener\" href=\"http:\/\/youtube.com\/c\/plejada\" id=\"119618fd-f4c3-4c34-b567-48a6799d56c6\" target=\"_blank\">YouTubie<\/a> i <a rel=\"nofollow noopener\" href=\"http:\/\/tiktok.com\/@plejada_pl\" id=\"23c4b880-52c5-410b-92f8-e698dc53db9b\" target=\"_blank\">TikToku<\/a>.<\/p>\n<p class=\"Paragraph_desktopParagraph__U31Gm\">Chcesz podzieli\u0107 si\u0119 ciekawym newsem lub zaproponowa\u0107 temat? Skontaktuj si\u0119 z nami, pisz\u0105c maila na adres: plejada@redakcjaonet.pl.<\/p>\n<p><script async src=\"\/\/www.instagram.com\/embed.js\"><\/script><script async src=\"\/\/www.tiktok.com\/embed.js\"><\/script><\/p>\n","protected":false},"excerpt":{"rendered":"Du\u017co czytania, a ma\u0142o czasu? Sprawd\u017a\u00a0skr\u00f3t\u00a0artyku\u0142u Jerzy Po\u0142omski mia\u0142 \u0142atk\u0119 amanta. Mimo to w \u017cyciu prywatnym nigdy nie&hellip;\n","protected":false},"author":2,"featured_media":100689,"comment_status":"","ping_status":"","sticky":false,"template":"","format":"standard","meta":{"footnotes":"","_share_on_mastodon":"0"},"categories":[22],"tags":[122,2728,66,67,19352,53,22652,52,68,51,55,42,2120,38,40,39,41,123,47,196,50],"class_list":["post-100688","post","type-post","status-publish","format-standard","has-post-thumbnail","category-rozrywka","tag-entertainment","tag-evergreen","tag-give_me_perspective","tag-intextvideo_splayer","tag-jerzy_polomski","tag-new_header","tag-onet_glowny","tag-onet3","tag-onet3d","tag-onet3d_2i","tag-phx","tag-pl","tag-plejada","tag-poland","tag-polish","tag-polska","tag-polski","tag-rozrywka","tag-screening_general","tag-styl_zycia","tag-v2021"],"share_on_mastodon":{"url":"https:\/\/pubeurope.com\/@pl\/115547124274554378","error":""},"_links":{"self":[{"href":"https:\/\/www.europesays.com\/pl\/wp-json\/wp\/v2\/posts\/100688","targetHints":{"allow":["GET"]}}],"collection":[{"href":"https:\/\/www.europesays.com\/pl\/wp-json\/wp\/v2\/posts"}],"about":[{"href":"https:\/\/www.europesays.com\/pl\/wp-json\/wp\/v2\/types\/post"}],"author":[{"embeddable":true,"href":"https:\/\/www.europesays.com\/pl\/wp-json\/wp\/v2\/users\/2"}],"replies":[{"embeddable":true,"href":"https:\/\/www.europesays.com\/pl\/wp-json\/wp\/v2\/comments?post=100688"}],"version-history":[{"count":0,"href":"https:\/\/www.europesays.com\/pl\/wp-json\/wp\/v2\/posts\/100688\/revisions"}],"wp:featuredmedia":[{"embeddable":true,"href":"https:\/\/www.europesays.com\/pl\/wp-json\/wp\/v2\/media\/100689"}],"wp:attachment":[{"href":"https:\/\/www.europesays.com\/pl\/wp-json\/wp\/v2\/media?parent=100688"}],"wp:term":[{"taxonomy":"category","embeddable":true,"href":"https:\/\/www.europesays.com\/pl\/wp-json\/wp\/v2\/categories?post=100688"},{"taxonomy":"post_tag","embeddable":true,"href":"https:\/\/www.europesays.com\/pl\/wp-json\/wp\/v2\/tags?post=100688"}],"curies":[{"name":"wp","href":"https:\/\/api.w.org\/{rel}","templated":true}]}}