{"id":100750,"date":"2025-11-14T09:03:08","date_gmt":"2025-11-14T09:03:08","guid":{"rendered":"https:\/\/www.europesays.com\/pl\/100750\/"},"modified":"2025-11-14T09:03:08","modified_gmt":"2025-11-14T09:03:08","slug":"100-dni-prezydentury-karola-nawrockiego-lukasz-rzepecki-nie-zauwazylem-bledu","status":"publish","type":"post","link":"https:\/\/www.europesays.com\/pl\/100750\/","title":{"rendered":"100 dni prezydentury Karola Nawrockiego. \u0141ukasz Rzepecki: nie zauwa\u017cy\u0142em b\u0142\u0119du"},"content":{"rendered":"<p class=\"ods-c-paragraph \">Rzepecki pytany by\u0142 o k\u0142opoty S\u0142awomira Mentzena po Marszu Niepodleg\u0142o\u015bci. \u200bJak poda\u0142o RMF FM, policja przygotowuje wniosek o uchylenie immunitetu liderowi Konfederacji. Chodzi o odpalenie rac podczas Marszu Niepodleg\u0142o\u015bci w Warszawie.<\/p>\n<p class=\"ods-c-paragraph \">\u2014 Do tego doprowadza rz\u0105d Donalda Tuska, na czele z ministrem Kierwi\u0144skim. Nie maj\u0105 nic innego do roboty, to czepiaj\u0105 si\u0119 rac, kt\u00f3re s\u0105 bezpieczne, powinny by\u0107 zalegalizowane \u2014 skomentowa\u0142 Rzepecki, stwierdzaj\u0105c, \u017ce Mentzen raczej zostanie w zwi\u0105zku z t\u0105 spraw\u0105 ukarany.<\/p>\n<p>Dalszy ci\u0105g artyku\u0142u pod materia\u0142em wideo<\/p>\n<p> Co si\u0119 sta\u0142o z S\u0142awomirem Mentzenem? <\/p>\n<p> Jakie by\u0142y pierwsze 100 dni prezydentury Karola Nawrockiego? <\/p>\n<p> Czym by\u0142y race odpalane przez Mentzena? <\/p>\n<p> Jak Rzepecki ocenia rz\u0105dy Jaros\u0142awa Kaczy\u0144skiego? <\/p>\n<p class=\"ods-c-paragraph \">Polityk podkre\u015bli\u0142, \u017ce race s\u0105 bezpieczne, je\u015bli u\u017cywane s\u0105 w odpowiedni spos\u00f3b. \u2014 Rz\u0105dz\u0105cy nie mieli si\u0119 do czego przyczepi\u0107, to przyczepili si\u0119 do tego, \u017ce S\u0142awomir Mentzen odpali\u0142 rac\u0119, bo chcia\u0142 pokaza\u0107 przywi\u0105zanie do polsko\u015bci. Bia\u0142o-czerwone race s\u0105 w porz\u0105dku dla nas, ale nie s\u0105 w porz\u0105dku dla obecnie rz\u0105dz\u0105cych. Je\u017celi by by\u0142y odpalane race koloru t\u0119czowego, to wtedy pewnie nic by z\u0142ego nie by\u0142o \u2014 stwierdzi\u0142.<\/p>\n<p>   100 dni Karola Nawrockiego. &#8222;Nie zauwa\u017cy\u0142em b\u0142\u0119du&#8221;<\/p>\n<p class=\"ods-c-paragraph \">Rzepecki pozytywnie oceni\u0142 pierwsze 100 dni prezydentury Karola Nawrockiego. \u2014 Przez te 100 dni nie zauwa\u017cy\u0142em wi\u0119kszego b\u0142\u0119du. Dobrze \u017cyczymy ka\u017cdemu, kto na pierwszy miejscu stawia sprawy obywateli \u2014 powiedzia\u0142.<\/p>\n<p class=\"ods-c-paragraph \">Dopytywany o to, kto jest obecnie liderem prawicy, stwierdzi\u0142, \u017ce &#8222;dzi\u015b prawica ma silnych reprezentant\u00f3w&#8221;, po czym wymieni\u0142 wielu prawicowych polityk\u00f3w. Nie pojawi\u0142o si\u0119 jednak nazwisko Jaros\u0142awa Kaczy\u0144skiego. Zdaniem Rzepeckiego prezes PiS powinien przej\u015b\u0107 na emerytur\u0119.<\/p>\n<p class=\"ods-c-paragraph \">\u2014 To Jaros\u0142aw Kaczy\u0144ski o wiele bardziej atakuje polsk\u0105 prawic\u0119 ni\u017c Donald Tusk. Polacy przez bardzo s\u0142abe rz\u0105dy Jaros\u0142awa Kaczy\u0144skie, Mateusza Morawieckiego woleli tego z\u0142ego Donalda Tuska \u2014 stwierdzi\u0142 polityk. Podkre\u015bli\u0142, \u017ce to Kaczy\u0144ski &#8222;jest odpowiedzialny za to, \u017ce Polsk\u0105&#8221; rz\u0105dzi Tusk. Rzepecki doda\u0142 jednak, \u017ce Konfederacja &#8222;jest otwarta&#8221; na tworzenie wsp\u00f3lnego rz\u0105du z PiS.<\/p>\n","protected":false},"excerpt":{"rendered":"Rzepecki pytany by\u0142 o k\u0142opoty S\u0142awomira Mentzena po Marszu Niepodleg\u0142o\u015bci. \u200bJak poda\u0142o RMF FM, policja przygotowuje wniosek o&hellip;\n","protected":false},"author":2,"featured_media":100751,"comment_status":"","ping_status":"","sticky":false,"template":"","format":"standard","meta":{"footnotes":""},"categories":[12],"tags":[12913,32,33,212,36,37,27,422,49,34,35,9556,16788,28,31,48,25,46,42,38,40,39,41,47,865,29,30,26],"class_list":{"0":"post-100750","1":"post","2":"type-post","3":"status-publish","4":"format-standard","5":"has-post-thumbnail","7":"category-polska","8":"tag-_onet_rano_","9":"tag-breaking-news","10":"tag-breakingnews","11":"tag-donald_tusk","12":"tag-featured-news","13":"tag-featurednews","14":"tag-headlines","15":"tag-jaroslaw_kaczynski","16":"tag-kraj","17":"tag-latest-news","18":"tag-latestnews","19":"tag-lukasz_rzepecki","20":"tag-marsz_niepodleglosci","21":"tag-naglowki","22":"tag-najwazniejsze-artykuly","23":"tag-nat_styl","24":"tag-news","25":"tag-omp","26":"tag-pl","27":"tag-poland","28":"tag-polish","29":"tag-polska","30":"tag-polski","31":"tag-screening_general","32":"tag-slawomir_mentzen","33":"tag-top-stories","34":"tag-topstories","35":"tag-wiadomosci"},"share_on_mastodon":{"url":"https:\/\/pubeurope.com\/@pl\/115547249344907850","error":""},"_links":{"self":[{"href":"https:\/\/www.europesays.com\/pl\/wp-json\/wp\/v2\/posts\/100750","targetHints":{"allow":["GET"]}}],"collection":[{"href":"https:\/\/www.europesays.com\/pl\/wp-json\/wp\/v2\/posts"}],"about":[{"href":"https:\/\/www.europesays.com\/pl\/wp-json\/wp\/v2\/types\/post"}],"author":[{"embeddable":true,"href":"https:\/\/www.europesays.com\/pl\/wp-json\/wp\/v2\/users\/2"}],"replies":[{"embeddable":true,"href":"https:\/\/www.europesays.com\/pl\/wp-json\/wp\/v2\/comments?post=100750"}],"version-history":[{"count":0,"href":"https:\/\/www.europesays.com\/pl\/wp-json\/wp\/v2\/posts\/100750\/revisions"}],"wp:featuredmedia":[{"embeddable":true,"href":"https:\/\/www.europesays.com\/pl\/wp-json\/wp\/v2\/media\/100751"}],"wp:attachment":[{"href":"https:\/\/www.europesays.com\/pl\/wp-json\/wp\/v2\/media?parent=100750"}],"wp:term":[{"taxonomy":"category","embeddable":true,"href":"https:\/\/www.europesays.com\/pl\/wp-json\/wp\/v2\/categories?post=100750"},{"taxonomy":"post_tag","embeddable":true,"href":"https:\/\/www.europesays.com\/pl\/wp-json\/wp\/v2\/tags?post=100750"}],"curies":[{"name":"wp","href":"https:\/\/api.w.org\/{rel}","templated":true}]}}