{"id":100961,"date":"2025-11-14T11:31:14","date_gmt":"2025-11-14T11:31:14","guid":{"rendered":"https:\/\/www.europesays.com\/pl\/100961\/"},"modified":"2025-11-14T11:31:14","modified_gmt":"2025-11-14T11:31:14","slug":"lech-walesa-z-temblakiem-na-rece-opublikowal-zdjecie-ze-szpitala","status":"publish","type":"post","link":"https:\/\/www.europesays.com\/pl\/100961\/","title":{"rendered":"Lech Wa\u0142\u0119sa z temblakiem na r\u0119ce. Opublikowa\u0142 zdj\u0119cie ze szpitala"},"content":{"rendered":"<p class=\"Paragraph_desktopParagraph__U31Gm\"><a href=\"https:\/\/plejada.pl\/lech-walesa-b-prezydent\" id=\"6b3d8326-c6f3-4be2-bf55-c6c9f07c073e\" rel=\"nofollow noopener\" target=\"_blank\">Lech Wa\u0142\u0119sa<\/a> od lat utrzymuje sta\u0142y kontakt ze swoimi fanami za po\u015brednictwem profilu na Facebooku. By\u0142y prezydent niedawno zako\u0144czy\u0142 dwumiesi\u0119czne tourn\u00e9e wyk\u0142adowe w Stanach Zjednoczonych i Kanadzie. Tam spotka\u0142 si\u0119 z Poloni\u0105 oraz lokaln\u0105 m\u0142odzie\u017c\u0105 akademick\u0105. Po powrocie mia\u0142 czu\u0107 si\u0119 os\u0142abiony przez podr\u00f3\u017c i spotkania publiczne, w kt\u00f3rych bra\u0142 udzia\u0142. Z tego wzgl\u0119du podj\u0119ta zosta\u0142a decyzja o wykonaniu bada\u0144 w szpitalu. W \u015brod\u0119 5 listopada wsp\u00f3\u0142pracownik by\u0142ego prezydenta poinformowa\u0142 o pobycie w plac\u00f3wce \u2014 zapewni\u0142, \u017ce jest to dzia\u0142anie profilaktyczne i nie ma powod\u00f3w do niepokoju.<\/p>\n<p class=\"Paragraph_desktopParagraph__U31Gm\">Przeczytaj tak\u017ce: <a href=\"https:\/\/wiadomosci.onet.pl\/kraj\/lech-walesa-przebywa-w-szpitalu-wspolpracownik-bylego-prezydenta-uspokaja\/bh0j69e\" id=\"4353e7fe-8d3f-4d69-a1b5-2940fb324d5b\" rel=\"nofollow noopener\" target=\"_blank\">Lech Wa\u0142\u0119sa w szpitalu. Wsp\u00f3\u0142pracownik wyja\u015bnia<\/a><\/p>\n<p class=\"Paragraph_desktopParagraph__U31Gm\">81-letni by\u0142y prezydent Polski nie kryje, \u017ce <a href=\"https:\/\/wiadomosci.onet.pl\/kraj\/lech-walesa-wyladowal-w-szpitalu-wiadomo-co-mu-sie-stalo\/cvtbc0v\" id=\"3c7c4b81-7cac-43cf-84ae-5d51caa9df75\" rel=\"nofollow noopener\" target=\"_blank\">od lat mierzy si\u0119 z problemami zdrowotnymi <\/a>\u2014 doskwieraj\u0105 mu problemy kardiologiczne oraz cukrzyca.<\/p>\n<ul class=\"OchatFollowUps_wrapper__1ry7X\">\n<li class=\"OchatFollowUps_item__Dhyly OchatFollowUps_itemDesktop__R6aBv\">Dlaczego Lech Wa\u0142\u0119sa jest w szpitalu?<\/li>\n<li class=\"OchatFollowUps_item__Dhyly OchatFollowUps_itemDesktop__R6aBv\">Jaka operacja przesz\u0142a Lech Wa\u0142\u0119sa?<\/li>\n<li class=\"OchatFollowUps_item__Dhyly OchatFollowUps_itemDesktop__R6aBv\">Co zrobi\u0142 Lech Wa\u0142\u0119sa po powrocie ze Stan\u00f3w Zjednoczonych?<\/li>\n<li class=\"OchatFollowUps_item__Dhyly OchatFollowUps_itemDesktop__R6aBv\">Jakie problemy zdrowotne ma Lech Wa\u0142\u0119sa?<\/li>\n<\/ul>\n<p class=\"Paragraph_desktopParagraph__U31Gm\">W czwartek polityk opublikowa\u0142 zdj\u0119cie ze szpitala. Zapozowa\u0142 z temblakiem w towarzystwie lekarzy.<\/p>\n<blockquote>\n<p class=\"Paragraph_desktopParagraph__U31Gm\">W podzi\u0119kowaniu za sprawno\u015b\u0107 r\u0119ki<\/p>\n<\/blockquote>\n<p class=\"Paragraph_desktopParagraph__U31Gm\">\u2014 czytamy we wpisie.<\/p>\n<p class=\"Paragraph_desktopParagraph__U31Gm\">Polecamy: <a href=\"https:\/\/plejada.pl\/newsy\/lech-walesa-z-reka-w-temblaku-wraca-do-pracy-nie-mam-czasu-na-chorowanie\/kqw8hc9\" id=\"e0014931-14b9-499d-ae59-97ea45bdacff\" rel=\"nofollow noopener\" target=\"_blank\">Lech Wa\u0142\u0119sa z r\u0119k\u0105 w temblaku wraca do pracy. &#8222;Nie mam czasu na chorowanie&#8221;<\/a><\/p>\n<p class=\"Paragraph_desktopParagraph__U31Gm\">22 sierpnia 2025 r. by\u0142y prezydent przyzna\u0142, \u017ce zn\u00f3w przeszed\u0142 operacj\u0119. Przypomnijmy, w lipcu polityk mia\u0142 wykonywany zabieg na bark.<\/p>\n<blockquote>\n<p class=\"Paragraph_desktopParagraph__U31Gm\">Usun\u0119li co niepotrzebne, co chodzi\u0142o do ty\u0142u. Dzi\u0119ki \u015bwietnemu lekarzowi! Czuj\u0119 si\u0119 dobrze<\/p>\n<\/blockquote>\n<p class=\"Paragraph_desktopParagraph__U31Gm\">\u2014 czytali\u015bmy w sieci.<\/p>\n<p class=\"Paragraph_desktopParagraph__U31Gm\">W kolejnym wpisie polityk doda\u0142:<\/p>\n<blockquote>\n<p class=\"Paragraph_desktopParagraph__U31Gm\">Chcia\u0142bym z ca\u0142ego serca podzi\u0119kowa\u0107 ca\u0142emu zespo\u0142owi, kt\u00f3ry opiekowa\u0142 si\u0119 mn\u0105 moim zdrowiem i \u017cyciem. Serdecznie wszystkich pozdrawiam \u2014 dzi\u0119ki Wam powoli wracam do zdrowia po operacji i zabiegach!<\/p>\n<\/blockquote>\n<p><img decoding=\"async\" class=\"Image_image__0tuHp \" height=\"587\" width=\"513\" src=\"https:\/\/www.europesays.com\/pl\/wp-content\/uploads\/2025\/11\/cFdk9kpTURBXy9kYmRmODgzYWNjNmYwOTViNTJkMjAxNjk1MzQzOGI2ZC5wbmeSlQLNA6wAwsOVAgDNAkvCw94AA6EwAaExAaEzw.jpeg\" alt=\"Post Lecha Wa\u0142\u0119sy\" loading=\"lazy\" \/>Facebook<\/p>\n<p>Post Lecha Wa\u0142\u0119sy<\/p>\n<p class=\"Paragraph_desktopParagraph__U31Gm\">Dzi\u0119kujemy, \u017ce przeczyta\u0142a\u015b\/e\u015b nasz artyku\u0142 do ko\u0144ca.\u202fW serwisie Plejada.pl ka\u017cdego dnia piszemy o najwa\u017cniejszych wydarzeniach show-biznesowych.\u202fB\u0105d\u017a na bie\u017c\u0105co!\u202f<a rel=\"nofollow noopener\" href=\"https:\/\/news.google.com\/publications\/CAAiEF0PeAlb7W1llpV_mwV2rL4qFAgKIhBdD3gJW-1tZZaVf5sFdqy-?hl=pl&amp;gl=PL&amp;ceid=PL%3Apl\" id=\"ffe10d38-4b6c-4157-9b76-07af72c6cb23\" target=\"_blank\">Obserwuj<\/a>\u202fPlejad\u0119 w Wiadomo\u015bciach Google. Odwied\u017a nas tak\u017ce na\u202f<a rel=\"nofollow noopener\" href=\"https:\/\/www.facebook.com\/plejadapl\" id=\"88323ed6-c92f-4756-be95-d50fb9f59cc1\" target=\"_blank\">Facebooku<\/a>,\u202f<a rel=\"nofollow noopener\" href=\"https:\/\/www.instagram.com\/plejadapl\/\" id=\"df6baa0e-b0e6-4475-a8c6-9fb7ac56d5c2\" target=\"_blank\">Instagramie<\/a>,\u202f<a rel=\"nofollow noopener\" href=\"https:\/\/www.youtube.com\/c\/plejada\" id=\"80245390-6a0f-4d98-a3ed-1f6b29c58a07\" target=\"_blank\">YouTubie<\/a>\u202foraz\u202f<a rel=\"nofollow noopener\" href=\"https:\/\/www.tiktok.com\/@plejada_pl\" id=\"67481c71-d32b-42b1-8223-eba0bf70cd81\" target=\"_blank\">TikToku<\/a>.<\/p>\n<p class=\"Paragraph_desktopParagraph__U31Gm\">Chcesz podzieli\u0107 si\u0119 ciekawym newsem lub zaproponowa\u0107 temat? Skontaktuj si\u0119 z nami, pisz\u0105c maila na adres:\u202f<a href=\"https:\/\/www.onet.pl\/styl-zycia\/plejada\/lech-walesa-z-temblakiem-na-rece-opublikowal-zdjecie-ze-szpitala\/mailto:plejada@redakcjaonet.pl\" id=\"e81a97fd-5393-4cff-b5e9-eabef525b0f6\" rel=\"nofollow noopener\" target=\"_blank\">plejada@redakcjaonet.pl<\/a>.<\/p>\n<p><script async src=\"\/\/www.instagram.com\/embed.js\"><\/script><script async src=\"\/\/www.tiktok.com\/embed.js\"><\/script><\/p>\n","protected":false},"excerpt":{"rendered":"Lech Wa\u0142\u0119sa od lat utrzymuje sta\u0142y kontakt ze swoimi fanami za po\u015brednictwem profilu na Facebooku. By\u0142y prezydent niedawno&hellip;\n","protected":false},"author":2,"featured_media":100962,"comment_status":"","ping_status":"","sticky":false,"template":"","format":"standard","meta":{"footnotes":""},"categories":[5],"tags":[32,33,36,37,27,67,34,35,15511,28,31,53,25,52,68,51,55,42,38,40,39,41,47,196,29,30,65,50,26],"class_list":{"0":"post-100961","1":"post","2":"type-post","3":"status-publish","4":"format-standard","5":"has-post-thumbnail","7":"category-naglowki","8":"tag-breaking-news","9":"tag-breakingnews","10":"tag-featured-news","11":"tag-featurednews","12":"tag-headlines","13":"tag-intextvideo_splayer","14":"tag-latest-news","15":"tag-latestnews","16":"tag-lech_walesa","17":"tag-naglowki","18":"tag-najwazniejsze-artykuly","19":"tag-new_header","20":"tag-news","21":"tag-onet3","22":"tag-onet3d","23":"tag-onet3d_2i","24":"tag-phx","25":"tag-pl","26":"tag-poland","27":"tag-polish","28":"tag-polska","29":"tag-polski","30":"tag-screening_general","31":"tag-styl_zycia","32":"tag-top-stories","33":"tag-topstories","34":"tag-update_me","35":"tag-v2021","36":"tag-wiadomosci"},"share_on_mastodon":{"url":"https:\/\/pubeurope.com\/@pl\/115547831522464596","error":""},"_links":{"self":[{"href":"https:\/\/www.europesays.com\/pl\/wp-json\/wp\/v2\/posts\/100961","targetHints":{"allow":["GET"]}}],"collection":[{"href":"https:\/\/www.europesays.com\/pl\/wp-json\/wp\/v2\/posts"}],"about":[{"href":"https:\/\/www.europesays.com\/pl\/wp-json\/wp\/v2\/types\/post"}],"author":[{"embeddable":true,"href":"https:\/\/www.europesays.com\/pl\/wp-json\/wp\/v2\/users\/2"}],"replies":[{"embeddable":true,"href":"https:\/\/www.europesays.com\/pl\/wp-json\/wp\/v2\/comments?post=100961"}],"version-history":[{"count":0,"href":"https:\/\/www.europesays.com\/pl\/wp-json\/wp\/v2\/posts\/100961\/revisions"}],"wp:featuredmedia":[{"embeddable":true,"href":"https:\/\/www.europesays.com\/pl\/wp-json\/wp\/v2\/media\/100962"}],"wp:attachment":[{"href":"https:\/\/www.europesays.com\/pl\/wp-json\/wp\/v2\/media?parent=100961"}],"wp:term":[{"taxonomy":"category","embeddable":true,"href":"https:\/\/www.europesays.com\/pl\/wp-json\/wp\/v2\/categories?post=100961"},{"taxonomy":"post_tag","embeddable":true,"href":"https:\/\/www.europesays.com\/pl\/wp-json\/wp\/v2\/tags?post=100961"}],"curies":[{"name":"wp","href":"https:\/\/api.w.org\/{rel}","templated":true}]}}