{"id":101358,"date":"2025-11-14T15:42:11","date_gmt":"2025-11-14T15:42:11","guid":{"rendered":"https:\/\/www.europesays.com\/pl\/101358\/"},"modified":"2025-11-14T15:42:11","modified_gmt":"2025-11-14T15:42:11","slug":"tragiczne-polowanie-na-lubelszczyznie-50-latek-trafi-do-aresztu","status":"publish","type":"post","link":"https:\/\/www.europesays.com\/pl\/101358\/","title":{"rendered":"Tragiczne polowanie na Lubelszczy\u017anie. 50-latek trafi do aresztu"},"content":{"rendered":"<p class=\"ods-c-paragraph \">Rzeczniczka S\u0105du Okr\u0119gowego w Lublinie s\u0119dzia Marta \u015amiech przekaza\u0142a PAP, \u017ce S\u0105d Rejonowy Lublin-Zach\u00f3d przychyli\u0142 si\u0119 w pi\u0105tek do wniosku prokuratury i zdecydowa\u0142 o aresztowaniu na trzy miesi\u0105ce 50-letniego Dariusza L.<\/p>\n<p class=\"ods-c-paragraph \">\u2014 Podstaw\u0105 zastosowania aresztu jest zagro\u017cenie surow\u0105 kar\u0105, ale r\u00f3wnie\u017c obawa utrudniania post\u0119powania przez podejrzanego, np. poprzez nak\u0142anianie do sk\u0142adania fa\u0142szywych zezna\u0144, wynikaj\u0105ca z racji jego znajomo\u015bci z rodzin\u0105 pokrzywdzonego i innymi my\u015bliwymi z jego okr\u0119gu \u2014 uzasadni\u0142a s\u0119dzia \u015amiech.<\/p>\n<p>Dalszy ci\u0105g artyku\u0142u pod materia\u0142em wideo<\/p>\n<p> Dlaczego my\u015bliwy zosta\u0142 aresztowany? <\/p>\n<p> Jakie zarzuty postawiono Dariuszowi L.? <\/p>\n<p> Co ustalono podczas sekcji zw\u0142ok 68-latka? <\/p>\n<p> Jakie zmiany w prawie proponuje minister klimatu i \u015brodowiska? <\/p>\n<p>  50-latek us\u0142ysza\u0142 zarzuty<\/p>\n<p class=\"ods-c-paragraph \">Rzecznik Prokuratury Okr\u0119gowej w Lublinie Agnieszka K\u0119pka powiedzia\u0142a PAP, \u017ce w pi\u0105tek odby\u0142a si\u0119 sekcja zw\u0142ok 68-latka. \u2014 Bieg\u0142y nie ma w\u0105tpliwo\u015bci, \u017ce <a href=\"https:\/\/wiadomosci.onet.pl\/lublin\/68-latek-zginal-podczas-polowania-mysliwy-uslyszal-zarzut-zabojstwa\/zm32w8j\" id=\"0105808a-24da-4d52-ad21-09cdf98a0287\" rel=\"nofollow noopener\" target=\"_blank\">zgon nast\u0105pi\u0142 w wyniku postrza\u0142u i obra\u017ce\u0144 doznanych w jego wyniku<\/a> \u2014 doda\u0142a.<\/p>\n<p class=\"ods-c-paragraph \">Prokuratura Rejonowa w Lublinie postawi\u0142a 50-letniemu Dariuszowi L. zarzut zab\u00f3jstwa w zamiarze ewentualnym. Oznacza to, \u017ce przewidywa\u0142, \u017ce obrany przez niego cel mo\u017ce by\u0107 cz\u0142owiekiem i godzi\u0142 si\u0119 na to, \u017ce &#8222;spowoduje skutek w postaci \u015bmierci cz\u0142owieka&#8221;. Podejrzany by\u0142 trze\u017awy.<\/p>\n<p class=\"ods-c-paragraph \">\u2014 Sprawca sta\u0142 na ambonie, a wi\u0119c widzia\u0142 teren. By\u0142 wyposa\u017cony w celownik termowizyjny, z kt\u00f3rego korzysta\u0142, a nadto wiedzia\u0142, \u017ce pokrzywdzony zszed\u0142 ze swojej ambony i kieruje si\u0119 w jego stron\u0119 \u2014 opisywa\u0142a prok. Jolanta D\u0119biec z Prokuratury Okr\u0119gowej w Lublinie.<\/p>\n<p class=\"ods-c-paragraph \">Wed\u0142ug ustale\u0144 \u015bledczych 50-letni my\u015bliwy bez dok\u0142adnego osobistego rozpoznania zwierzyny \u2014 przy wykorzystaniu lunety termowizyjnej \u2014 odda\u0142 strza\u0142 z broni my\u015bliwskiej w kierunku pokrzywdzonego. Dzieli\u0142o ich ok. 167 metr\u00f3w. 68-latek zosta\u0142 raniony w klatk\u0119 piersiow\u0105 i rami\u0119. Zmar\u0142 po przewiezieniu do szpitala w \u0141\u0119cznej.<\/p>\n<p class=\"ods-c-paragraph \">\u2014 Z wyja\u015bnie\u0144 podejrzanego wynika m.in., \u017ce zobaczy\u0142 on dziki i pozostawa\u0142 w prze\u015bwiadczeniu, \u017ce odda\u0142 dwa strza\u0142y w kierunku jednego z nich \u2014 przekaza\u0142a prok. D\u0119biec.<\/p>\n<p>Ustalenia \u015bledczych<\/p>\n<p class=\"ods-c-paragraph \">\u015aledczy ustalili, \u017ce wtorkowe polowanie by\u0142o formalnie zg\u0142oszone przez my\u015bliwych poprzez aplikacj\u0119. Rozstawili si\u0119 na \u0142\u0105kach w okolicy Milejowa, na ambonach odleg\u0142ych od siebie o ok. 200 metr\u00f3w. Po kilku godzinach bezskutecznego czekania na zwierzyn\u0119, a tak\u017ce z powodu zapadaj\u0105cego zmierzchu i opad\u00f3w deszczu postanowili zrezygnowa\u0107 z dalszego polowania.<\/p>\n<p class=\"ods-c-paragraph \">Ustalili, \u017ce 68-latek najpierw zejdzie ze swojej ambony i uda si\u0119 w kierunku Dariusza L., aby razem p\u00f3j\u015b\u0107 do samochodu. W tym czasie podejrzany strzeli\u0142 dwa razy ze swojej broni my\u015bliwskiej. Po zorientowaniu si\u0119, \u017ce trafi\u0142 w cz\u0142owieka, zawiadomi\u0142 s\u0142u\u017cby. Na miejscu zabezpieczono bro\u0144 obu my\u015bliwych, telefony kom\u00f3rkowe, dokumenty i ich odzie\u017c.<\/p>\n<p class=\"ods-c-paragraph \">Polski Zwi\u0105zek \u0141owiecki w wydanym komunikacie zadeklarowa\u0142 gotowo\u015b\u0107 do wsp\u00f3\u0142pracy z organami \u015bcigania, aby wyja\u015bni\u0107 szczeg\u00f3\u0142y zdarzenia. Organizacja zawnioskowa\u0142a o wszcz\u0119cie post\u0119powania dyscyplinarnego do okr\u0119gowego rzecznika dyscyplinarnego, kt\u00f3ry ma zbada\u0107, czy w tym przypadku zachowane zosta\u0142y zasady bezpiecze\u0144stwa.<\/p>\n<p class=\"ods-c-paragraph \">&#8222;Ka\u017cdy my\u015bliwy zobowi\u0105zany jest do ich przestrzegania. Ka\u017cdy wypadek z broni\u0105 stanowi dla ca\u0142ego \u015brodowiska my\u015bliwskiego bolesn\u0105 lekcj\u0119 i refleksj\u0119 nad odpowiedzialno\u015bci\u0105, jaka wi\u0105\u017ce si\u0119 z nasz\u0105 dzia\u0142alno\u015bci\u0105&#8221; \u2014 dodano.<\/p>\n<p class=\"ods-c-paragraph \">W sierpniu, tak\u017ce na Lubelszczy\u017anie, dosz\u0142o do \u015bmiertelnego postrzelenia 60-latka podczas nocnego polowania w M\u0142yniskach. Wed\u0142ug wst\u0119pnych ustale\u0144 \u015bledczych 40-letni my\u015bliwy r\u00f3wnie\u017c pomyli\u0142 go z dzikiem. Prokuratura zatrzymanemu S\u0142awomirowi A. przedstawi\u0142a w\u00f3wczas zarzut zab\u00f3jstwa w zamiarze ewentualnym. M\u0119\u017cczyzna nadal jest aresztowany.<\/p>\n<p class=\"ods-c-paragraph \">Minister klimatu i \u015brodowiska Paulina Hennig-Kloska zwr\u00f3ci\u0142a si\u0119 w \u015brod\u0119 do \u0141owczego Krajowego o przedstawienie propozycji zmian w prawie, kt\u00f3re mog\u0142yby zapobiec \u015bmiertelnym postrza\u0142om podczas polowa\u0144. Dodatkowo w tym tygodniu w Sejmie odb\u0119dzie si\u0119 kolejna debata nad poselskim projektem ustawy wprowadzaj\u0105cym cykliczne badania dla ka\u017cdego posiadacza broni. Zdaniem minister, ka\u017cdy, kto ma bro\u0144, powinien takie badania przechodzi\u0107, a rozwi\u0105zanie to stanowi element prewencji przed \u015bmiertelnymi postrza\u0142ami podczas polowa\u0144.<\/p>\n<p class=\"ods-c-paragraph \">&#8222;Podejmijmy w ko\u0144cu jako politycy t\u0119 odpowiedzialn\u0105 decyzj\u0119, by lepiej chroni\u0107 ludzkie \u017cycie!&#8221; \u2014 zaapelowa\u0142a Henning-Kloska w czwartek na platformie X.<\/p>\n<p class=\"ods-c-paragraph \">Na pocz\u0105tku stycznia br. Sejm odrzuci\u0142 w pierwszym czytaniu projekt nowelizacji ustawy o broni i amunicji z\u0142o\u017cony przez pos\u0142\u00f3w Polski 2050. Nowela przewidywa\u0142a m.in. na\u0142o\u017cenie obowi\u0105zku okresowych bada\u0144 lekarskich i psychologicznych na osoby maj\u0105ce pozwolenia na posiadanie broni w celach \u0142owieckich.<\/p>\n<p class=\"ods-c-paragraph \">We wrze\u015bniu br. pos\u0142owie Polski 2050 z\u0142o\u017cyli do Sejmu kolejny projekt nowelizacji ustawy o broni i amunicji, kt\u00f3ry tak\u017ce ma wprowadzi\u0107 obowi\u0105zkowe badania okresowe dla posiadaczy broni.<\/p>\n","protected":false},"excerpt":{"rendered":"Rzeczniczka S\u0105du Okr\u0119gowego w Lublinie s\u0119dzia Marta \u015amiech przekaza\u0142a PAP, \u017ce S\u0105d Rejonowy Lublin-Zach\u00f3d przychyli\u0142 si\u0119 w pi\u0105tek&hellip;\n","protected":false},"author":2,"featured_media":101359,"comment_status":"","ping_status":"","sticky":false,"template":"","format":"standard","meta":{"footnotes":""},"categories":[12],"tags":[32,33,36,37,27,34,35,16367,1081,22288,28,31,48,25,46,42,38,40,22286,39,41,412,47,29,30,26],"class_list":{"0":"post-101358","1":"post","2":"type-post","3":"status-publish","4":"format-standard","5":"has-post-thumbnail","7":"category-polska","8":"tag-breaking-news","9":"tag-breakingnews","10":"tag-featured-news","11":"tag-featurednews","12":"tag-headlines","13":"tag-latest-news","14":"tag-latestnews","15":"tag-lubelskie_wojewodztwo","16":"tag-lublin","17":"tag-myslistwo_mysliwi","18":"tag-naglowki","19":"tag-najwazniejsze-artykuly","20":"tag-nat_styl","21":"tag-news","22":"tag-omp","23":"tag-pl","24":"tag-poland","25":"tag-polish","26":"tag-polowanie","27":"tag-polska","28":"tag-polski","29":"tag-prawo_sady_prawnicy","30":"tag-screening_general","31":"tag-top-stories","32":"tag-topstories","33":"tag-wiadomosci"},"share_on_mastodon":{"url":"https:\/\/pubeurope.com\/@pl\/115548818372558459","error":""},"_links":{"self":[{"href":"https:\/\/www.europesays.com\/pl\/wp-json\/wp\/v2\/posts\/101358","targetHints":{"allow":["GET"]}}],"collection":[{"href":"https:\/\/www.europesays.com\/pl\/wp-json\/wp\/v2\/posts"}],"about":[{"href":"https:\/\/www.europesays.com\/pl\/wp-json\/wp\/v2\/types\/post"}],"author":[{"embeddable":true,"href":"https:\/\/www.europesays.com\/pl\/wp-json\/wp\/v2\/users\/2"}],"replies":[{"embeddable":true,"href":"https:\/\/www.europesays.com\/pl\/wp-json\/wp\/v2\/comments?post=101358"}],"version-history":[{"count":0,"href":"https:\/\/www.europesays.com\/pl\/wp-json\/wp\/v2\/posts\/101358\/revisions"}],"wp:featuredmedia":[{"embeddable":true,"href":"https:\/\/www.europesays.com\/pl\/wp-json\/wp\/v2\/media\/101359"}],"wp:attachment":[{"href":"https:\/\/www.europesays.com\/pl\/wp-json\/wp\/v2\/media?parent=101358"}],"wp:term":[{"taxonomy":"category","embeddable":true,"href":"https:\/\/www.europesays.com\/pl\/wp-json\/wp\/v2\/categories?post=101358"},{"taxonomy":"post_tag","embeddable":true,"href":"https:\/\/www.europesays.com\/pl\/wp-json\/wp\/v2\/tags?post=101358"}],"curies":[{"name":"wp","href":"https:\/\/api.w.org\/{rel}","templated":true}]}}