{"id":101626,"date":"2025-11-14T18:20:17","date_gmt":"2025-11-14T18:20:17","guid":{"rendered":"https:\/\/www.europesays.com\/pl\/101626\/"},"modified":"2025-11-14T18:20:17","modified_gmt":"2025-11-14T18:20:17","slug":"wiktoria-gorodecka-przed-finalem-tanca-z-gwiazdami-cwiczy-bez-opamietania","status":"publish","type":"post","link":"https:\/\/www.europesays.com\/pl\/101626\/","title":{"rendered":"Wiktoria Gorodecka przed fina\u0142em &#8222;Ta\u0144ca z gwiazdami&#8221;. \u0106wiczy bez opami\u0119tania"},"content":{"rendered":"<p class=\"ods-c-paragraph \">Ostatnie niedzielne wieczory ok. 2 mln Polak\u00f3w mijaj\u0105 pod znakiem <a href=\"https:\/\/plejada.pl\/taniec-z-gwiazdami-program-tv\" id=\"bcc9761d-e966-4934-8760-d1174bf8b90f\" rel=\"nofollow noopener\" target=\"_blank\">&#8222;Ta\u0144ca z gwiazdami&#8221;<\/a>. Po dziewi\u0119ciu wyemitowanych odcinkach zbli\u017ca si\u0119 wielki fina\u0142 polsatowego show. W ramach sumy ocen s\u0119dzi\u00f3w i widz\u00f3w zakwalifikowali si\u0119 do niego: Maurycy Popiel z Sar\u0105 Janick\u0105 oraz Miko\u0142aj &#8222;Bagi&#8221; Bagi\u0144ski z Magdalen\u0105 Tarnowsk\u0105. Po tanecznej dogrywce jednomy\u015bln\u0105 decyzj\u0105 juror\u00f3w o Kryszta\u0142ow\u0105 Kul\u0119 walczy dalej <a href=\"https:\/\/plejada.pl\/wiktoria-gorodecka\" id=\"c364c7ed-6cf0-4456-9ad2-c97dd0badf62\" rel=\"nofollow noopener\" target=\"_blank\">Wiktoria Gorodecka <\/a>z Kamilem Kuroczko.<\/p>\n<p>Dalszy ci\u0105g artyku\u0142u pod materia\u0142em wideo<br \/>\nWiktoria Gorodecka przed fina\u0142em &#8222;Ta\u0144ca z gwiazdami&#8221;<\/p>\n<p class=\"ods-c-paragraph \">Jak<a href=\"https:\/\/ludzie.fakt.pl\/gorodecka-w-panice-przed-finalem-tanca-z-gwiazdami-nie-moze-sie-pozbierac\/eh1cb8x\" id=\"a827f3d6-5edd-4ef2-a88b-dbe414d67cba\" rel=\"nofollow noopener\" target=\"_blank\"> informuje &#8222;Fakt&#8221;, <\/a>aktorka wyj\u0105tkowo przej\u0119\u0142a si\u0119 rywalizacj\u0105 i nie ukrywa, \u017ce czuje ogromn\u0105 presj\u0119, przez co ma \u0107wiczy\u0107 bez opami\u0119tania.<\/p>\n<blockquote class=\"ods-o-quota\">\n<p class=\"ods-o-quota__paragraph\">By\u0142a typowana na zwyci\u0119\u017cczyni\u0119, uwierzy\u0142a w to i teraz nie mo\u017ce si\u0119 pozbiera\u0107. Liczy na to, \u017ce freestyle jej pomo\u017ce, ale mo\u017ce by\u0107 odwrotnie niestety<\/p>\n<\/blockquote>\n<p class=\"ods-c-paragraph \">\u2014 zdradzi\u0142a &#8222;Faktowi&#8221; osoba zwi\u0105zana z produkcj\u0105 programu.<\/p>\n<p class=\"ods-c-paragraph \">Wed\u0142ug doniesie\u0144 Wiktoria Gorodecka w\u0142o\u017cy\u0142a ca\u0142e serce w przygotowania do fina\u0142u. Stres zwi\u0105zany z p\u00f3\u0142fina\u0142owym wyst\u0119pem sprawi\u0142, \u017ce aktorka po\u015bwi\u0119ca ka\u017cd\u0105 woln\u0105 chwil\u0119 na treningi, pr\u00f3buj\u0105c dopracowa\u0107 ka\u017cdy szczeg\u00f3\u0142 swojego wyst\u0119pu. Freestyle, kt\u00f3ry jest jednym z kluczowych element\u00f3w fina\u0142u, mo\u017ce okaza\u0107 si\u0119 zar\u00f3wno jej najwi\u0119kszym atutem, jak i potencjalnym zagro\u017ceniem.<\/p>\n<p>   <img decoding=\"async\" src=\"https:\/\/www.europesays.com\/pl\/wp-content\/uploads\/2025\/11\/Qa4k9lBaHR0cHM6Ly9vY2RuLmV1L3B1bHNjbXMvTURBXy81NjY2MDViZDcxOTYwNDBiODM4NTFmMjQ4NzI0YmRmMS5qcGeRlQLNA.jpeg\" height=\"529\" width=\"940\" alt=\"Wiktoria Gorodecka, Kamil Kuroczko\" loading=\"lazy\" class=\"ods-c-image__img ods-c-image__img--vertical\"\/><\/p>\n<p>Wiktoria Gorodecka, Kamil KuroczkoMW Media<\/p>\n<p class=\"ods-c-paragraph \">Dzi\u0119kujemy, \u017ce przeczyta\u0142a\u015b\/e\u015b nasz artyku\u0142 do ko\u0144ca. W serwisie Plejada.pl ka\u017cdego dnia piszemy o najwa\u017cniejszych wydarzeniach show-biznesowych. B\u0105d\u017a na bie\u017c\u0105co! <a rel=\"nofollow noopener\" href=\"https:\/\/news.google.com\/publications\/CAAiEF0PeAlb7W1llpV_mwV2rL4qFAgKIhBdD3gJW-1tZZaVf5sFdqy-?hl=pl&amp;gl=PL&amp;ceid=PL%3Apl\" id=\"0cb5f7d1-66ad-41b3-8d74-fcdcb48f6272\" target=\"_blank\">Obserwuj<\/a> Plejad\u0119 w Wiadomo\u015bciach Google. Odwied\u017a nas tak\u017ce na <a rel=\"nofollow noopener\" href=\"https:\/\/www.facebook.com\/plejadapl\" id=\"e884e456-3ecd-44f1-947e-9015038521c1\" target=\"_blank\">Facebooku<\/a>, <a rel=\"nofollow noopener\" href=\"https:\/\/www.instagram.com\/plejadapl\/\" id=\"a5dd9511-282c-44b5-9dbc-6cb8723d8ff7\" target=\"_blank\">Instagramie<\/a>, <a rel=\"nofollow noopener\" href=\"https:\/\/www.youtube.com\/c\/plejada\" id=\"e3c53ab6-1588-4c15-8753-3a4cd33741f7\" target=\"_blank\">YouTubie<\/a> oraz <a rel=\"nofollow noopener\" href=\"https:\/\/www.tiktok.com\/@plejada_pl\" id=\"a7a328e5-13cb-4c34-8f40-69dbba32c98a\" target=\"_blank\">TikToku<\/a>.<\/p>\n<p class=\"ods-c-paragraph \">Chcesz podzieli\u0107 si\u0119 ciekawym newsem lub zaproponowa\u0107 temat? Skontaktuj si\u0119 z nami, pisz\u0105c maila na adres: plejada@redakcjaonet.pl.<\/p>\n<p><script async src=\"\/\/www.instagram.com\/embed.js\"><\/script><script async src=\"\/\/www.tiktok.com\/embed.js\"><\/script><\/p>\n","protected":false},"excerpt":{"rendered":"Ostatnie niedzielne wieczory ok. 2 mln Polak\u00f3w mijaj\u0105 pod znakiem &#8222;Ta\u0144ca z gwiazdami&#8221;. Po dziewi\u0119ciu wyemitowanych odcinkach zbli\u017ca&hellip;\n","protected":false},"author":2,"featured_media":101627,"comment_status":"","ping_status":"","sticky":false,"template":"","format":"standard","meta":{"footnotes":""},"categories":[22],"tags":[122,10275,48,125,46,42,38,40,39,41,20738,123,47,1884,4786],"class_list":{"0":"post-101626","1":"post","2":"type-post","3":"status-publish","4":"format-standard","5":"has-post-thumbnail","7":"category-rozrywka","8":"tag-entertainment","9":"tag-kamil_kuroczko","10":"tag-nat_styl","11":"tag-newsy","12":"tag-omp","13":"tag-pl","14":"tag-poland","15":"tag-polish","16":"tag-polska","17":"tag-polski","18":"tag-rewquiz_tst0","19":"tag-rozrywka","20":"tag-screening_general","21":"tag-taniec_z_gwiazdami","22":"tag-wiktoria_gorodecka"},"share_on_mastodon":{"url":"https:\/\/pubeurope.com\/@pl\/115549439916323324","error":""},"_links":{"self":[{"href":"https:\/\/www.europesays.com\/pl\/wp-json\/wp\/v2\/posts\/101626","targetHints":{"allow":["GET"]}}],"collection":[{"href":"https:\/\/www.europesays.com\/pl\/wp-json\/wp\/v2\/posts"}],"about":[{"href":"https:\/\/www.europesays.com\/pl\/wp-json\/wp\/v2\/types\/post"}],"author":[{"embeddable":true,"href":"https:\/\/www.europesays.com\/pl\/wp-json\/wp\/v2\/users\/2"}],"replies":[{"embeddable":true,"href":"https:\/\/www.europesays.com\/pl\/wp-json\/wp\/v2\/comments?post=101626"}],"version-history":[{"count":0,"href":"https:\/\/www.europesays.com\/pl\/wp-json\/wp\/v2\/posts\/101626\/revisions"}],"wp:featuredmedia":[{"embeddable":true,"href":"https:\/\/www.europesays.com\/pl\/wp-json\/wp\/v2\/media\/101627"}],"wp:attachment":[{"href":"https:\/\/www.europesays.com\/pl\/wp-json\/wp\/v2\/media?parent=101626"}],"wp:term":[{"taxonomy":"category","embeddable":true,"href":"https:\/\/www.europesays.com\/pl\/wp-json\/wp\/v2\/categories?post=101626"},{"taxonomy":"post_tag","embeddable":true,"href":"https:\/\/www.europesays.com\/pl\/wp-json\/wp\/v2\/tags?post=101626"}],"curies":[{"name":"wp","href":"https:\/\/api.w.org\/{rel}","templated":true}]}}