{"id":101872,"date":"2025-11-14T21:40:08","date_gmt":"2025-11-14T21:40:08","guid":{"rendered":"https:\/\/www.europesays.com\/pl\/101872\/"},"modified":"2025-11-14T21:40:08","modified_gmt":"2025-11-14T21:40:08","slug":"przywileje-dla-ukraincow-jasny-przekaz-prezydenta-nawrockiego","status":"publish","type":"post","link":"https:\/\/www.europesays.com\/pl\/101872\/","title":{"rendered":"Przywileje dla Ukrai\u0144c\u00f3w. Jasny przekaz prezydenta Nawrockiego"},"content":{"rendered":"\n<p>&#13;<br \/>\nW pi\u0105tek min\u0119\u0142o 100 dni od\u00a0zaprzysi\u0119\u017cenia Karola Nawrockiego na\u00a0urz\u0105d prezydenta. Z\u00a0tej okazji g\u0142owa pa\u0144stwa spotka\u0142a si\u0119 mieszka\u0144cami powiatu mi\u0144skiego w\u00a0Mi\u0144sku Mazowieckim. W\u00a0swoim wyst\u0105pieniu poruszy\u0142 kilka temat\u00f3w. Frekwencja dopisa\u0142a, nie\u00a0wszyscy zmie\u015bcili si\u0119 na\u00a0sali. Po\u00a0cz\u0119\u015bci g\u0142\u00f3wnej prezydent spotka\u0142 si\u0119 tak\u017ce z\u00a0tymi, kt\u00f3rzy nie\u00a0weszli na\u00a0sal\u0119. &#13;\n<\/p>\n<p>Prezydent: Podpisa\u0142em ustaw\u0119 o\u00a0pomocy Ukrai\u0144com po\u00a0raz ostatni <\/p>\n<p>&#13;<br \/>\nNawrocki m\u00f3wi\u0142 m.in. o\u00a0przywilejach przyznanych na\u00a0bazie specjalnej ustawy obywatelom Ukrainy, kt\u00f3rzy przyjechali do\u00a0Polski po\u00a0napa\u015bci rosyjskich wojsk na\u00a0ich kraj w\u00a0lutym 2022 roku. Prezydent uwa\u017ca, \u017ce\u00a0nale\u017cy szanowa\u0107 naszych s\u0105siad\u00f3w, ale\u00a0podziela stanowisko, \u017ce\u00a0najwy\u017cszy czas sko\u0144czy\u0107 z\u00a0uprzywilejowaniem wzgl\u0119dem nie\u00a0tylko innych mniejszo\u015bci, ale\u00a0tak\u017ce Polak\u00f3w. Nawrocki przygotowa\u0142 te\u017c w\u0142asny projekt ustawy w\u00a0tym zakresie. &#13;\n<\/p>\n<p>&#13;<br \/>\n\u2013 Ju\u017c drugi raz ustaw\u0119 podpisa\u0142em, bo\u00a0nie chc\u0119 by\u0107 prezydentem chaosu, ale\u00a0zaznaczy\u0142em i\u00a0gdy nas ogl\u0105da pan premier i\u00a0wi\u0119kszo\u015b\u0107 parlamentarna, to\u00a0przypominam, \u017ce\u00a0<a href=\"https:\/\/dorzeczy.pl\/kraj\/784884\/nawrocki-podpisal-ustawe-o-pomocy-obywatelom-ukrainy.html\" rel=\"nofollow noopener\" target=\"_blank\">podpisa\u0142em ustaw\u0119 o\u00a0pomocy Ukrai\u0144com po\u00a0raz ostatni<\/a>. Uznaj\u0119, \u017ce\u00a0mniejszo\u015b\u0107 ukrai\u0144ska w\u00a0Polsce ju\u017c w\u00a0trzecim roku po\u00a0rozpocz\u0119ciu wojny powinna by\u0107 traktowana oczywi\u015bcie z\u00a0nale\u017cyt\u0105 odpowiedzialno\u015bci\u0105, ale\u00a0tak samo jak wszystkie inne mniejszo\u015bci narodowe w\u00a0Polsce \u2013\u00a0zapewni\u0142 prezydent. &#13;\n<\/p>\n<p>&#13;<br \/>\nWcze\u015bniej szef Kancelarii Prezydenta t\u0142umaczy\u0142, \u017ce\u00a0Nawrocki &#8222;poprzednimi wetami [prezydent zawetowa\u0142 pierwsz\u0105 wersj\u0119 ustawy \u2013\u00a0red.] zmusi\u0142 rz\u0105d, premiera Donalda Tuska, do\u00a0pracy i\u00a0do przedstawienia nie\u00a0idealnych, ale\u00a0zdecydowanie lepszych rozwi\u0105za\u0144&#8221;. \u2013\u00a0W\u00a0przypadku ustawy ukrai\u0144skiej zmusi\u0142 do\u00a0ograniczenia \u015bwiadcze\u0144 dla\u00a0obywateli Ukrainy, w\u00a0szczeg\u00f3lno\u015bci tych, kt\u00f3rzy nie\u00a0pracuj\u0105 w\u00a0Rzeczypospolitej \u2013\u00a0doda\u0142. &#13;\n<\/p>\n<p>&#13;<br \/>\nCzytaj te\u017c:<br \/><a href=\"https:\/\/dorzeczy.pl\/kraj\/806211\/100-dni-nawrockiego-prezydent-o-nominacjach-sedziowskich.html\" rel=\"follow nofollow noopener\" data-schema=\"DORZECZY\" data-image=\"https:\/\/img.dorzeczy.pl\/_thumb\/e9\/68\/45897a2fb7e8868d4af65498ebbc.jpeg\" target=\"_blank\">&#8222;Dlatego odm\u00f3wi\u0142em&#8221;. Prezydent o\u00a0nominacjach s\u0119dziowskich<\/a>Czytaj te\u017c:<br \/><a href=\"https:\/\/dorzeczy.pl\/opinie\/778764\/przywileje-utrzymane-powinni-byc-w-parlamencie-ukrainy.html\" rel=\"follow nofollow noopener\" data-schema=\"DORZECZY\" data-image=\"https:\/\/img.dorzeczy.pl\/_thumb\/3c\/9e\/28c7343f9bf16ea388bf3dacefe7.jpeg\" target=\"_blank\">Przywileje utrzymane. &#8222;Powinni zasiada\u0107 w\u00a0Radzie Najwy\u017cszej Ukrainy&#8221;<\/a>&#13;<\/p>\n","protected":false},"excerpt":{"rendered":"&#13; W pi\u0105tek min\u0119\u0142o 100 dni od\u00a0zaprzysi\u0119\u017cenia Karola Nawrockiego na\u00a0urz\u0105d prezydenta. Z\u00a0tej okazji g\u0142owa pa\u0144stwa spotka\u0142a si\u0119 mieszka\u0144cami&hellip;\n","protected":false},"author":2,"featured_media":101873,"comment_status":"","ping_status":"","sticky":false,"template":"","format":"standard","meta":{"footnotes":""},"categories":[12],"tags":[22800,32,33,98,36,37,27,690,49,34,35,28,31,25,102,42,38,40,39,41,1005,29,30,1864,6158,26],"class_list":{"0":"post-101872","1":"post","2":"type-post","3":"status-publish","4":"format-standard","5":"has-post-thumbnail","7":"category-polska","8":"tag-100-dni","9":"tag-breaking-news","10":"tag-breakingnews","11":"tag-dorzeczy","12":"tag-featured-news","13":"tag-featurednews","14":"tag-headlines","15":"tag-karol-nawrocki","16":"tag-kraj","17":"tag-latest-news","18":"tag-latestnews","19":"tag-naglowki","20":"tag-najwazniejsze-artykuly","21":"tag-news","22":"tag-opinie","23":"tag-pl","24":"tag-poland","25":"tag-polish","26":"tag-polska","27":"tag-polski","28":"tag-prezydent","29":"tag-top-stories","30":"tag-topstories","31":"tag-ukraincy","32":"tag-ustawa","33":"tag-wiadomosci"},"share_on_mastodon":{"url":"https:\/\/pubeurope.com\/@pl\/115550226042039902","error":""},"_links":{"self":[{"href":"https:\/\/www.europesays.com\/pl\/wp-json\/wp\/v2\/posts\/101872","targetHints":{"allow":["GET"]}}],"collection":[{"href":"https:\/\/www.europesays.com\/pl\/wp-json\/wp\/v2\/posts"}],"about":[{"href":"https:\/\/www.europesays.com\/pl\/wp-json\/wp\/v2\/types\/post"}],"author":[{"embeddable":true,"href":"https:\/\/www.europesays.com\/pl\/wp-json\/wp\/v2\/users\/2"}],"replies":[{"embeddable":true,"href":"https:\/\/www.europesays.com\/pl\/wp-json\/wp\/v2\/comments?post=101872"}],"version-history":[{"count":0,"href":"https:\/\/www.europesays.com\/pl\/wp-json\/wp\/v2\/posts\/101872\/revisions"}],"wp:featuredmedia":[{"embeddable":true,"href":"https:\/\/www.europesays.com\/pl\/wp-json\/wp\/v2\/media\/101873"}],"wp:attachment":[{"href":"https:\/\/www.europesays.com\/pl\/wp-json\/wp\/v2\/media?parent=101872"}],"wp:term":[{"taxonomy":"category","embeddable":true,"href":"https:\/\/www.europesays.com\/pl\/wp-json\/wp\/v2\/categories?post=101872"},{"taxonomy":"post_tag","embeddable":true,"href":"https:\/\/www.europesays.com\/pl\/wp-json\/wp\/v2\/tags?post=101872"}],"curies":[{"name":"wp","href":"https:\/\/api.w.org\/{rel}","templated":true}]}}