{"id":101909,"date":"2025-11-14T22:11:10","date_gmt":"2025-11-14T22:11:10","guid":{"rendered":"https:\/\/www.europesays.com\/pl\/101909\/"},"modified":"2025-11-14T22:11:10","modified_gmt":"2025-11-14T22:11:10","slug":"rozenek-pokazala-sie-na-miescie-na-same-dodatki-wydala-ponad-170-tysiecy","status":"publish","type":"post","link":"https:\/\/www.europesays.com\/pl\/101909\/","title":{"rendered":"Rozenek pokaza\u0142a si\u0119 na mie\u015bcie. Na same dodatki wyda\u0142a ponad 170 tysi\u0119cy"},"content":{"rendered":"<p>Ma\u0142gorzata Rozenek ju\u017c od 13 lat niemal ka\u017cdego dnia u\u015bmiecha si\u0119 do nas z\u00a0portali plotkarskich, pierwszych stron kolorowych magazyn\u00f3w, ok\u0142adek autorskich ksi\u0105\u017cek i\u00a0opakowa\u0144 produkt\u00f3w firmowanych swoim wizerunkiem, w\u00a0tym pami\u0119tnych ju\u017c r\u0119cznik\u00f3w papierowych, za kt\u00f3re <a href=\"https:\/\/www.pudelek.pl\/malgorzata-rozenek-pierwszy-milion-zarobila-na-recznikach-papierowych-to-byla-reklama-z-ktorej-wszyscy-darli-lacha-7211438570253280a\" rel=\"noopener noreferrer nofollow\" target=\"_blank\">zainkasowa\u0142a pierwszy w\u00a0\u017cyciu milion<\/a>. Cho\u0107 posiada r\u00f3wnie wielu antyfan\u00f3w, co i\u00a0zwolennik\u00f3w, trudno odm\u00f3wi\u0107 jej \u017cy\u0142ki do robienia intratnych biznes\u00f3w oraz ogromnego wp\u0142ywu na rodzimy show-biznes.<\/p>\n<p>Ostatnimi czasy gwiazda stacji TVN jest mocno zaanga\u017cowana w\u00a0promocj\u0119 nowego, autorskiego programu &#8222;Bez kompleks\u00f3w&#8221;, kt\u00f3rego bohaterki przechodz\u0105 metamorfozy z\u00a0zakresu medycyny estetycznej i\u00a0stomatologii, b\u0119d\u0105ce pierwszym krokiem do nowego, lepszego \u017cycia. Trudno odm\u00f3wi\u0107 Ma\u0142gosi wiedzy w\u00a0tym temacie. <a href=\"https:\/\/www.pudelek.pl\/malgorzata-rozenek-rozprawia-o-operacjach-plastycznych-po-to-je-robilam-zeby-byly-zauwazone-7210414844103616a\" rel=\"noopener noreferrer nofollow\" target=\"_blank\">Otwarcie przyznaje si\u0119 do upi\u0119kszania lica zabiegami chirurgicznymi<\/a>, przez co, jak sama przyzna\u0142a, ma niema\u0142y problem z\u00a0rozpoznaniem siebie na zdj\u0119ciach i\u00a0nagraniach sprzed zaledwie kilku lat.<\/p>\n<p>Ma\u0142gorzata Rozenek zaszpanowa\u0142a wartymi fortun\u0119 dodatkami<\/p>\n<p>Sta\u0142a bywalczyni szklanego ekranu, poza prowadzeniem r\u00f3\u017cnej ma\u015bci format\u00f3w w\u00a0stacji-matce, ch\u0119tnie udziela si\u0119 te\u017c spo\u0142ecznie. Warszawscy paparazzi ruszyli \u015bladem gwiazdy, kt\u00f3ra w\u00a0minion\u0105 \u015brod\u0119 uczestniczy\u0142a w\u00a0debacie na temat bezpiecze\u0144stwa dzieci i\u00a0m\u0142odzie\u017cy w\u00a0sieci zorganizowanej w\u00a0siedzibie Polskiej Agencji Prasowej. Po zako\u0144czonym spotkaniu pomaszerowa\u0142a w\u00a0kierunku czekaj\u0105cej ju\u017c na ni\u0105 taks\u00f3wki.<\/p>\n<p>Ma\u0142gorzata Rozenek-Majdan wbi\u0142a si\u0119 w\u00a0sk\u00f3rzany zestaw, na kt\u00f3ry sk\u0142ada\u0142y si\u0119: czarna jesienna kurtka obszyta futerkiem oraz spodnie z\u00a0rozszerzanymi nogawkami. Warto\u015b\u0107 jej stylizacji znacz\u0105co podskoczy\u0142a wraz z\u00a0za\u0142o\u017ceniem na r\u0119k\u0119 wysadzanego diamentami zegarka Bvlgari z\u00a0\u017c\u00f3\u0142tego z\u0142ota. Zakup tego luksusowego gad\u017cetu uszczupli\u0142 jej stan konta o\u00a0bagatela 53,5 tysi\u0119cy z\u0142otych. Jak jednak dobrze wiemy, <a href=\"https:\/\/www.pudelek.pl\/malgorzata-rozenek-ujawnia-ile-kosztowal-zegarek-ktory-kupila-sobie-jak-poczula-finansowy-sukces-astronomiczna-kwota-7219554250935168a\" rel=\"noopener noreferrer nofollow\" target=\"_blank\">nigdy nie \u017ca\u0142owa\u0142a grosza na wyroby jubilerskie<\/a>.<\/p>\n<p>To jednak dopiero zal\u0105\u017cek rozrzutno\u015bci &#8222;Perfekcyjnej&#8221;. Ponad dwukrotno\u015b\u0107 tej kwoty przeznaczy\u0142a na wycenion\u0105 na ponad 116 tysi\u0119cy z\u0142otych torebk\u0119 Hermes Birkin, kt\u00f3r\u0105 ozdobi\u0142a kilkoma brelokami z\u00a0psim akcentem.<\/p>\n","protected":false},"excerpt":{"rendered":"Ma\u0142gorzata Rozenek ju\u017c od 13 lat niemal ka\u017cdego dnia u\u015bmiecha si\u0119 do nas z\u00a0portali plotkarskich, pierwszych stron kolorowych&hellip;\n","protected":false},"author":2,"featured_media":101910,"comment_status":"","ping_status":"","sticky":false,"template":"","format":"standard","meta":{"footnotes":""},"categories":[22],"tags":[122,42,38,40,39,41,123],"class_list":{"0":"post-101909","1":"post","2":"type-post","3":"status-publish","4":"format-standard","5":"has-post-thumbnail","7":"category-rozrywka","8":"tag-entertainment","9":"tag-pl","10":"tag-poland","11":"tag-polish","12":"tag-polska","13":"tag-polski","14":"tag-rozrywka"},"share_on_mastodon":{"url":"https:\/\/pubeurope.com\/@pl\/115550347766062254","error":""},"_links":{"self":[{"href":"https:\/\/www.europesays.com\/pl\/wp-json\/wp\/v2\/posts\/101909","targetHints":{"allow":["GET"]}}],"collection":[{"href":"https:\/\/www.europesays.com\/pl\/wp-json\/wp\/v2\/posts"}],"about":[{"href":"https:\/\/www.europesays.com\/pl\/wp-json\/wp\/v2\/types\/post"}],"author":[{"embeddable":true,"href":"https:\/\/www.europesays.com\/pl\/wp-json\/wp\/v2\/users\/2"}],"replies":[{"embeddable":true,"href":"https:\/\/www.europesays.com\/pl\/wp-json\/wp\/v2\/comments?post=101909"}],"version-history":[{"count":0,"href":"https:\/\/www.europesays.com\/pl\/wp-json\/wp\/v2\/posts\/101909\/revisions"}],"wp:featuredmedia":[{"embeddable":true,"href":"https:\/\/www.europesays.com\/pl\/wp-json\/wp\/v2\/media\/101910"}],"wp:attachment":[{"href":"https:\/\/www.europesays.com\/pl\/wp-json\/wp\/v2\/media?parent=101909"}],"wp:term":[{"taxonomy":"category","embeddable":true,"href":"https:\/\/www.europesays.com\/pl\/wp-json\/wp\/v2\/categories?post=101909"},{"taxonomy":"post_tag","embeddable":true,"href":"https:\/\/www.europesays.com\/pl\/wp-json\/wp\/v2\/tags?post=101909"}],"curies":[{"name":"wp","href":"https:\/\/api.w.org\/{rel}","templated":true}]}}