{"id":101931,"date":"2025-11-14T22:27:13","date_gmt":"2025-11-14T22:27:13","guid":{"rendered":"https:\/\/www.europesays.com\/pl\/101931\/"},"modified":"2025-11-14T22:27:13","modified_gmt":"2025-11-14T22:27:13","slug":"uwaga-gis-ostrzega-przed-niebezpieczna-partia-nasion-z-pestycydami","status":"publish","type":"post","link":"https:\/\/www.europesays.com\/pl\/101931\/","title":{"rendered":"Uwaga! GIS ostrzega przed niebezpieczn\u0105 parti\u0105 nasion z pestycydami"},"content":{"rendered":"<p>SPIS TRE\u015aCI<\/p>\n<ol class=\"ods-a-table-of-content__items\">\n<li class=\"ods-a-table-of-content__item\"><a href=\"#toc-szczegoly-dotyczace-produktu\" class=\"ods-a-table-of-content__link\">Szczeg\u00f3\u0142y dotycz\u0105ce produktu<\/a><\/li>\n<li class=\"ods-a-table-of-content__item\"><a href=\"#toc-zalecenia-dla-konsumentow\" class=\"ods-a-table-of-content__link\">Zalecenia dla konsument\u00f3w<\/a><\/li>\n<\/ol>\n<p>Szczeg\u00f3\u0142y dotycz\u0105ce produktu<\/p>\n<p class=\"ods-c-paragraph \">Jak informuje GIS, producent, czyli firma F.P.H.U. &#8222;KRAWPAK&#8221;, po otrzymaniu informacji o niezgodno\u015bci produktu, przyst\u0105pi\u0142 do natychmiastowego wycofania zakwestionowanego produktu z obrotu. Chodzi o nast\u0119puj\u0105cy numer partii:<\/p>\n<ul class=\"ods-m-bullet-list\">\n<li class=\"ods-a-bullet ods-a-bullet--normal\"> Nazwa: Fasola &#8222;Ja\u015b Pi\u0119kny&#8221; <\/li>\n<li class=\"ods-a-bullet ods-a-bullet--normal\"> Numer partii: 29.08.2025 <\/li>\n<li class=\"ods-a-bullet ods-a-bullet--normal\"> Data minimalnej trwa\u0142o\u015bci: 30.01.2027 <\/li>\n<li class=\"ods-a-bullet ods-a-bullet--normal\"> Producent\/Dystrybutor: F.P.H.U. &#8222;KRAWPAK&#8221; Stanis\u0142aw Krawczyk, Rog\u00f3\u017ano Kolonia 29, 22-600 Tomasz\u00f3w Lubelski. <\/li>\n<\/ul>\n<p class=\"ods-c-paragraph \">Proces wycofywania fasoli &#8222;Ja\u015b Pi\u0119kny&#8221; jest monitorowany przez organy Pa\u0144stwowej Inspekcji Sanitarnej, kt\u00f3re nadzoruj\u0105, aby wszystkie produkty z tej partii zosta\u0142y usuni\u0119te z rynku.<\/p>\n<p>Dalszy ci\u0105g artyku\u0142u pod materia\u0142em wideo<\/p>\n<p> Jakie pestycydy zosta\u0142y wykryte w fasoli 'Ja\u015b Pi\u0119kny&#8217;? <\/p>\n<p> Kto jest producentem fasoli 'Ja\u015b Pi\u0119kny&#8217;? <\/p>\n<p> Jakie s\u0105 zalecenia dla konsument\u00f3w dotycz\u0105ce fasoli 'Ja\u015b Pi\u0119kny&#8217;? <\/p>\n<p> Co powinno zrobi\u0107 miejsce zakupu w przypadku nabycia fasoli 'Ja\u015b Pi\u0119kny&#8217;? <\/p>\n<p>  Zalecenia dla konsument\u00f3w<\/p>\n<p class=\"ods-c-paragraph \">Konsumenci, kt\u00f3rzy nabyli parti\u0119 fasoli &#8222;Ja\u015b Pi\u0119kny&#8221; oznaczon\u0105 numerem 29.08.2025 i dat\u0105 minimalnej trwa\u0142o\u015bci 30 stycznia 2027 r., powinni powstrzyma\u0107 si\u0119 od jej spo\u017cywania.<\/p>\n<p class=\"ods-c-paragraph \">Produkt ten mo\u017ce stanowi\u0107 zagro\u017cenie dla zdrowia ze wzgl\u0119du na nadmiern\u0105 zawarto\u015b\u0107 pestycydu. W przypadku w\u0105tpliwo\u015bci zaleca si\u0119 kontakt z miejscem zakupu lub bezpo\u015brednio z producentem.<\/p>\n<p>  Tre\u015bci z serwisu Medonet maj\u0105 na celu polepszenie, a nie zast\u0105pienie, kontaktu pomi\u0119dzy U\u017cytkownikiem a jego lekarzem. Serwis ma charakter wy\u0142\u0105cznie informacyjno-edukacyjny. Przed zastosowaniem si\u0119 do porad z zakresu wiedzy specjalistycznej, w szczeg\u00f3lno\u015bci medycznych, zawartych w Serwisie nale\u017cy bezwzgl\u0119dnie skonsultowa\u0107 si\u0119 z lekarzem. <\/p>\n","protected":false},"excerpt":{"rendered":"SPIS TRE\u015aCI Szczeg\u00f3\u0142y dotycz\u0105ce produktu Zalecenia dla konsument\u00f3w Szczeg\u00f3\u0142y dotycz\u0105ce produktu Jak informuje GIS, producent, czyli firma F.P.H.U.&hellip;\n","protected":false},"author":2,"featured_media":101932,"comment_status":"","ping_status":"","sticky":false,"template":"","format":"standard","meta":{"footnotes":""},"categories":[16],"tags":[113,112,8569,48,46,15734,42,38,40,39,41,47,26,22812],"class_list":{"0":"post-101931","1":"post","2":"type-post","3":"status-publish","4":"format-standard","5":"has-post-thumbnail","7":"category-biznes","8":"tag-biznes","9":"tag-business","10":"tag-gis","11":"tag-nat_styl","12":"tag-omp","13":"tag-panstwowa_inspekcja_sanitarna","14":"tag-pl","15":"tag-poland","16":"tag-polish","17":"tag-polska","18":"tag-polski","19":"tag-screening_general","20":"tag-wiadomosci","21":"tag-wycofany_produkt"},"share_on_mastodon":{"url":"https:\/\/pubeurope.com\/@pl\/115550410788431816","error":""},"_links":{"self":[{"href":"https:\/\/www.europesays.com\/pl\/wp-json\/wp\/v2\/posts\/101931","targetHints":{"allow":["GET"]}}],"collection":[{"href":"https:\/\/www.europesays.com\/pl\/wp-json\/wp\/v2\/posts"}],"about":[{"href":"https:\/\/www.europesays.com\/pl\/wp-json\/wp\/v2\/types\/post"}],"author":[{"embeddable":true,"href":"https:\/\/www.europesays.com\/pl\/wp-json\/wp\/v2\/users\/2"}],"replies":[{"embeddable":true,"href":"https:\/\/www.europesays.com\/pl\/wp-json\/wp\/v2\/comments?post=101931"}],"version-history":[{"count":0,"href":"https:\/\/www.europesays.com\/pl\/wp-json\/wp\/v2\/posts\/101931\/revisions"}],"wp:featuredmedia":[{"embeddable":true,"href":"https:\/\/www.europesays.com\/pl\/wp-json\/wp\/v2\/media\/101932"}],"wp:attachment":[{"href":"https:\/\/www.europesays.com\/pl\/wp-json\/wp\/v2\/media?parent=101931"}],"wp:term":[{"taxonomy":"category","embeddable":true,"href":"https:\/\/www.europesays.com\/pl\/wp-json\/wp\/v2\/categories?post=101931"},{"taxonomy":"post_tag","embeddable":true,"href":"https:\/\/www.europesays.com\/pl\/wp-json\/wp\/v2\/tags?post=101931"}],"curies":[{"name":"wp","href":"https:\/\/api.w.org\/{rel}","templated":true}]}}